{"id":498477,"date":"2021-06-28T10:33:09","date_gmt":"2021-06-28T14:33:09","guid":{"rendered":"https:\/\/diarioelpopular.com\/?p=498477"},"modified":"2021-06-28T10:33:09","modified_gmt":"2021-06-28T14:33:09","slug":"los-contagios-crecen-15-en-mexico","status":"publish","type":"post","link":"https:\/\/diarioelpopular.com\/index.php\/2021\/06\/28\/los-contagios-crecen-15-en-mexico\/","title":{"rendered":"Los contagios crecen 15% en M\u00e9xico"},"content":{"rendered":"<h4><img loading=\"lazy\" decoding=\"async\" class=\"alignnone size-custom-full-size wp-image-498478\" src=\"https:\/\/diarioelpopular.com\/wp-content\/uploads\/2021\/06\/a5704ce83cf2beb111ecd52b01c5523a-636x403.jpg\" alt=\"\" width=\"636\" height=\"403\" srcset=\"https:\/\/diarioelpopular.com\/wp-content\/uploads\/2021\/06\/a5704ce83cf2beb111ecd52b01c5523a-636x403.jpg 636w, https:\/\/diarioelpopular.com\/wp-content\/uploads\/2021\/06\/a5704ce83cf2beb111ecd52b01c5523a-300x190.jpg 300w, https:\/\/diarioelpopular.com\/wp-content\/uploads\/2021\/06\/a5704ce83cf2beb111ecd52b01c5523a-768x487.jpg 768w, https:\/\/diarioelpopular.com\/wp-content\/uploads\/2021\/06\/a5704ce83cf2beb111ecd52b01c5523a-85x55.jpg 85w, https:\/\/diarioelpopular.com\/wp-content\/uploads\/2021\/06\/a5704ce83cf2beb111ecd52b01c5523a-115x73.jpg 115w, https:\/\/diarioelpopular.com\/wp-content\/uploads\/2021\/06\/a5704ce83cf2beb111ecd52b01c5523a.jpg 945w\" sizes=\"auto, (max-width: 636px) 100vw, 636px\" \/><\/h4>\n<p><em>Los contagios crecen 15% en M\u00e9xico (foto: EPA)<\/em><\/p>\n<h4><em><strong>Especialistas llaman a no tomar a la ligera llegada de nueva ola<\/strong><\/em><\/h4>\n<p><em><strong>CIUDAD DE MEXICO, 28 JUn &#8211;<\/strong><\/em> Los contagios de Covid-19 aumentaron 15% en la semana reci\u00e9n concluida en M\u00e9xico, anunci\u00f3 la autoridad sanitaria, mientras los expertos llamaron a los ciudadanos a no tomar a la ligera la situaci\u00f3n y al gobierno a adoptar previsiones firmes e inmediatas.<br \/>\nEl director general de Promoci\u00f3n a la Salud, Ricardo Cort\u00e9s, se\u00f1al\u00f3 que hasta el viernes se reportaban 36.833 casos estimados, que representan 1% de las infecciones totales, mientras que en el \u00faltimo d\u00eda se registraron 175 fallecimientos, para sumar 232.521, en tanto los casos totales sumaron 2,5 millones.<br \/>\nPor fortuna, hasta ahora la ocupaci\u00f3n hospitalaria no ha aumentado y se mantiene en 17%, pero la de camas con ventilador avanz\u00f3 1%, para llegar a 15%.<br \/>\nLa vacunaci\u00f3n aumenta, pero no al ritmo vertiginoso que requiere la situaci\u00f3n y hasta ahora se contabilizan casi 30 millones de personas inoculadas, de las cuales 62% han completado su esquema, lo que significa que un tercio de la poblaci\u00f3n mayor de 18 a\u00f1os ha sido ya protegida.<br \/>\nLos expertos se\u00f1alaron que las cifras sugieren &#8220;el arranque de una nueva ola&#8221; despu\u00e9s de la primera entre mayo y junio del 2020 y la segunda entre noviembre y enero siguientes, que fue m\u00e1s devastadora que la primera.<br \/>\n&#8220;Debemos tener en cuenta que no es necesario tener hospitalizados e intubados para pensar en un nuevo incremento&#8221;, indic\u00f3 Malaqu\u00edas L\u00f3pez, especialista en Salud P\u00fablica de la Facultad de Medicina de la Universidad Nacional Aut\u00f3noma de M\u00e9xico (UNAM).<br \/>\nEl nuevo pico &#8220;se est\u00e1 gestando&#8221; y &#8220;es necesario responder con en\u00e9rgicas medidas de prevenci\u00f3n como es el caso de enfatizar el uso de cubrebocas y de la disminuci\u00f3n de la actividad social, al contrario de lo que parece ser la intenci\u00f3n de la pol\u00edtica actual&#8221;, indic\u00f3 el especialista.<br \/>\nOtro experto, Francisco Moreno, jefe del Area Covid-19 del reputado Centro M\u00e9dico ABC, uno de los hospitales privados m\u00e1s exclusivos del pa\u00eds, se\u00f1al\u00f3 que &#8220;urgen acciones de contenci\u00f3n y una m\u00e1xima difusi\u00f3n de medidas ante una poblaci\u00f3n, sobre todo de mayores de 30 a\u00f1os, que est\u00e1 relajando medidas&#8221;.<br \/>\nLas autoridades sanitarias reconocieron que el aumento de los casos se est\u00e1 enfocando en la franja de los 18 a los 40 a\u00f1os, pues la mayor\u00eda de los vacunados se ubica de los 40 en adelante.<br \/>\nMoreno atribuy\u00f3 el alza de casos a la &#8220;disminuci\u00f3n de las medidas de prevenci\u00f3n, principalmente de j\u00f3venes que son los que se est\u00e1n infectando con mayor frecuencia&#8221; por cuanto la desescalada vigente desde hace 5 meses, en paralelo a la ca\u00edda de contagios, ha relajado al m\u00e1ximo las medidas de recaudo.<br \/>\n&#8220;Hay graduaciones, fiestas, bodas&#8221; derivadas del inicio de vacaciones (escolares), lo cual de alguna manera es muestra de la disminuci\u00f3n de las medidas de prevenci\u00f3n&#8221;, se\u00f1al\u00f3.<br \/>\nLa evoluci\u00f3n de las cosas &#8220;depender\u00e1 de c\u00f3mo se maneja la situaci\u00f3n en los pr\u00f3ximos d\u00edas&#8221; y de que &#8220;entendamos que nos tenemos que cuidar m\u00e1s, sobre todo ahora, cuando la mayor circulaci\u00f3n del virus puede llevarnos a m\u00e1s casos&#8221;, expuso Moreno.<br \/>\nEn todo caso, los epidemi\u00f3logos e infect\u00f3logos concuerdan en que no se llegar\u00e1 a la segunda cresta que colaps\u00f3 los hospitales en varios estados y dej\u00f3 saturado al sistema m\u00e9dico de la capital, el m\u00e1s equipado del pa\u00eds, porque &#8220;hay mucha m\u00e1s inmunidad en la poblaci\u00f3n&#8221;.<br \/>\nSin embargo, el repunte es considerado un hecho inminente entre los entendidos, los cuales insisten en que el gobierno ha fallado en la alerta a la poblaci\u00f3n sobre la necesidad de reforzar las precauciones, cerr\u00f3 algunas \u00e1reas Covid de los hospitales y dej\u00f3 de dar conferencias de prensa diarias para informar de la pandemia.<br \/>\nAl suspender recientemente las sesiones vespertinas con los periodistas, la poblaci\u00f3n ya no recibe el suficiente flujo de informaci\u00f3n, lo que significa que no estar\u00e1 preparado para una nueva oleada.<br \/>\n&#8220;El modelo de la vespertina no era del todo satisfactorio, probablemente tenso y molesto para muchos, pero deber\u00eda de haber una forma de comunicaci\u00f3n para que la gente est\u00e9 enterada. Urge un mensaje claro de la autoridad&#8221;, declar\u00f3 Moreno. Los casos activos se concentran sobre todo en la capital, donde se contabiliza el 35%, seguido de los estados de Baja California Sur (noroeste), Tabasco y Yucat\u00e1n (sureste) y Estado de M\u00e9xico, vecino a la capital, entre otros.<\/p>\n","protected":false},"excerpt":{"rendered":"<p>Los contagios crecen 15% en M\u00e9xico (foto: EPA) Especialistas llaman a no tomar a la ligera llegada de nueva ola CIUDAD DE MEXICO, 28 JUn&hellip;<\/p>\n","protected":false},"author":99,"featured_media":498478,"comment_status":"open","ping_status":"open","sticky":false,"template":"","format":"standard","meta":{"footnotes":""},"categories":[23],"tags":[],"class_list":["post-498477","post","type-post","status-publish","format-standard","has-post-thumbnail","hentry","category-latinoamerica"],"_links":{"self":[{"href":"https:\/\/diarioelpopular.com\/index.php\/wp-json\/wp\/v2\/posts\/498477","targetHints":{"allow":["GET"]}}],"collection":[{"href":"https:\/\/diarioelpopular.com\/index.php\/wp-json\/wp\/v2\/posts"}],"about":[{"href":"https:\/\/diarioelpopular.com\/index.php\/wp-json\/wp\/v2\/types\/post"}],"author":[{"embeddable":true,"href":"https:\/\/diarioelpopular.com\/index.php\/wp-json\/wp\/v2\/users\/99"}],"replies":[{"embeddable":true,"href":"https:\/\/diarioelpopular.com\/index.php\/wp-json\/wp\/v2\/comments?post=498477"}],"version-history":[{"count":1,"href":"https:\/\/diarioelpopular.com\/index.php\/wp-json\/wp\/v2\/posts\/498477\/revisions"}],"predecessor-version":[{"id":498479,"href":"https:\/\/diarioelpopular.com\/index.php\/wp-json\/wp\/v2\/posts\/498477\/revisions\/498479"}],"wp:featuredmedia":[{"embeddable":true,"href":"https:\/\/diarioelpopular.com\/index.php\/wp-json\/wp\/v2\/media\/498478"}],"wp:attachment":[{"href":"https:\/\/diarioelpopular.com\/index.php\/wp-json\/wp\/v2\/media?parent=498477"}],"wp:term":[{"taxonomy":"category","embeddable":true,"href":"https:\/\/diarioelpopular.com\/index.php\/wp-json\/wp\/v2\/categories?post=498477"},{"taxonomy":"post_tag","embeddable":true,"href":"https:\/\/diarioelpopular.com\/index.php\/wp-json\/wp\/v2\/tags?post=498477"}],"curies":[{"name":"wp","href":"https:\/\/api.w.org\/{rel}","templated":true}]}}