{"id":498485,"date":"2021-06-28T10:42:05","date_gmt":"2021-06-28T14:42:05","guid":{"rendered":"https:\/\/diarioelpopular.com\/?p=498485"},"modified":"2021-06-28T10:42:05","modified_gmt":"2021-06-28T14:42:05","slug":"records-de-contagios-y-decesos-encienden-las-alarmas-en-america-latina-se-aproxima-una-nueva-ola","status":"publish","type":"post","link":"https:\/\/diarioelpopular.com\/index.php\/2021\/06\/28\/records-de-contagios-y-decesos-encienden-las-alarmas-en-america-latina-se-aproxima-una-nueva-ola\/","title":{"rendered":"R\u00e9cords de contagios y decesos encienden las alarmas en Am\u00e9rica Latina: \u00bfSe aproxima una nueva ola?"},"content":{"rendered":"<p><img loading=\"lazy\" decoding=\"async\" class=\"alignnone size-custom-full-size wp-image-498486\" src=\"https:\/\/diarioelpopular.com\/wp-content\/uploads\/2021\/06\/contagios-636x358.jpg\" alt=\"\" width=\"636\" height=\"358\" srcset=\"https:\/\/diarioelpopular.com\/wp-content\/uploads\/2021\/06\/contagios-636x358.jpg 636w, https:\/\/diarioelpopular.com\/wp-content\/uploads\/2021\/06\/contagios-300x169.jpg 300w, https:\/\/diarioelpopular.com\/wp-content\/uploads\/2021\/06\/contagios-130x73.jpg 130w, https:\/\/diarioelpopular.com\/wp-content\/uploads\/2021\/06\/contagios.jpg 700w\" sizes=\"auto, (max-width: 636px) 100vw, 636px\" \/><\/p>\n<p><em>R\u00e9cords de contagios y decesos encienden las alarmas en Am\u00e9rica Latina: \u00bfse aproxima una nueva ola? Paciente con covid-19 hospitalizado, en Brasil Pilar Olivares \/ Reuters<\/em><\/p>\n<p><em><strong>A este panorama se suma la presencia de las cuatro variantes del virus SARS-CoV-2 consideradas como preocupantes: Alfa, Beta, Gama y Delta.<\/strong><\/em><\/p>\n<p>A nivel global, la pandemia del covid-19 registra una ligera disminuci\u00f3n en las \u00faltimas semanas. No obstante, la situaci\u00f3n epid\u00e9mica en varios pa\u00edses latinoamericanos, con recientes r\u00e9cords de contagios y decesos, encienden las alarmas sobre una eventual tercera ola en la regi\u00f3n.<\/p>\n<p>De los cinco pa\u00edses con m\u00e1s contagios registrados la semana pasada, tres eran latinoamericanos. Brasil se sit\u00fao en el primer sitio, con un total de 505,344 nuevos casos de covid-19; Colombia se ubic\u00f3 en el tercer puesto, con 193,907 positivos; y por debajo se encontr\u00f3 Argentina, con 149,673 infectados con el virus SARS-CoV-2.<\/p>\n<p><em><strong>Situaci\u00f3n actual<\/strong><\/em><\/p>\n<p>En lo que va de esta semana, la situaci\u00f3n no es esperanzadora en varios pa\u00edses de Sudam\u00e9rica.<\/p>\n<p>El pasado mi\u00e9rcoles, 23 de junio, Brasil rompi\u00f3 un nuevo r\u00e9cord diario de contagios, con 115,228 casos confirmados. Adem\u00e1s, la naci\u00f3n lleva reportando m\u00e1s de 2.000 v\u00edctimas fatales por tres d\u00edas consecutivos.<\/p>\n<p>Por su parte, Colombia registr\u00f3 la semana pasada una nueva marca m\u00e1xima de contagios y decesos por coronavirus. El lunes 21, la naci\u00f3n report\u00f3 648 fallecimientos por covid-19, mientras que el jueves 24 sum\u00f3 32,997 casos confirmados.<\/p>\n<p>Por otro lado, Argentina registr\u00f3 un nuevo m\u00e1ximo de decesos en una misma jornada el pasado martes 22, con 792 fallecimientos. No obstante, la ministra de Salud, Carla Vizzotti, afirm\u00f3 que la naci\u00f3n suramericana lleva tres semanas consecutivas con una disminuci\u00f3n sostenida en el n\u00famero de contagios por covid-19. En promedio, tres de cada diez argentinos ya han recibido al menos una dosis de la vacuna contra el coronavirus, seg\u00fan detall\u00f3 Vizzotti.<\/p>\n<p>El Gobierno cubano anunci\u00f3 que su vacuna Abdala, f\u00e1rmaco anticovid de fabricaci\u00f3n nacional, demostr\u00f3 una eficacia del 92,28 % en un esquema de tres dosis, con lo que la isla tendr\u00eda dos candidatos vacunales tras la aprobaci\u00f3n local de Soberana 02. Pese a estas buenas noticias, Cuba rompi\u00f3 el martes 22 su r\u00e9cord diario de casos confirmados, con 2.055 contagios.<\/p>\n<p>Por su parte, el martes 22, Guatemala sum\u00f3 m\u00e1s de 2,000 infecciones al virus SARS-CoV-2. Las autoridades han expresado su preocupaci\u00f3n por el aumento de casos en las \u00faltimas semanas y por la saturaci\u00f3n de los hospitales de Roosevelt, General San Juan de Dios, Temporal del Parque de la Industria, Cob\u00e1n y Amatitl\u00e1n. En este contexto, 183 municipios se encuentran en alerta m\u00e1xima por la epidemia.<\/p>\n<p><em><strong>Vacunaci\u00f3n<\/strong><\/em><\/p>\n<p>De momento, Chile es el \u00fanico pa\u00eds latinoamericano que ha aplicado al menos una dosis de vacuna anticovid a la mayor parte de su poblaci\u00f3n (63,85 %), seg\u00fan recoge el sitio Our World in Data.<\/p>\n<p>Por debajo de Chile se sit\u00faa Argentina (32,44 %); Costa Rica (30,15 %) Brasil (30,13 %); El Salvador (22,75 %); M\u00e9xico (22,17 %); Panam\u00e1 (22,11 %); Colombia (20,62 %) y Cuba (20,11 %).<\/p>\n<p>Las dem\u00e1s naciones latinoamericanas reportan menos del 20 % de la poblaci\u00f3n vacunada.<\/p>\n<p>Mientras la regi\u00f3n intenta agilizar la vacunaci\u00f3n de sus habitantes, la Organizaci\u00f3n Mundial de la Salud (OMS) ha advertido sobre la presencia de las cuatro variantes del virus SARS-CoV-2, consideradas como preocupantes \u2014Alfa, Beta, Gama y Delta\u2014, en los siguientes territorios de Am\u00e9rica Latina y el Caribe: Argentina, Aruba, Brasil, M\u00e9xico y Puerto Rico.<\/p>\n","protected":false},"excerpt":{"rendered":"<p>R\u00e9cords de contagios y decesos encienden las alarmas en Am\u00e9rica Latina: \u00bfse aproxima una nueva ola? Paciente con covid-19 hospitalizado, en Brasil Pilar Olivares \/&hellip;<\/p>\n","protected":false},"author":99,"featured_media":498486,"comment_status":"open","ping_status":"open","sticky":false,"template":"","format":"standard","meta":{"footnotes":""},"categories":[23],"tags":[],"class_list":["post-498485","post","type-post","status-publish","format-standard","has-post-thumbnail","hentry","category-latinoamerica"],"_links":{"self":[{"href":"https:\/\/diarioelpopular.com\/index.php\/wp-json\/wp\/v2\/posts\/498485","targetHints":{"allow":["GET"]}}],"collection":[{"href":"https:\/\/diarioelpopular.com\/index.php\/wp-json\/wp\/v2\/posts"}],"about":[{"href":"https:\/\/diarioelpopular.com\/index.php\/wp-json\/wp\/v2\/types\/post"}],"author":[{"embeddable":true,"href":"https:\/\/diarioelpopular.com\/index.php\/wp-json\/wp\/v2\/users\/99"}],"replies":[{"embeddable":true,"href":"https:\/\/diarioelpopular.com\/index.php\/wp-json\/wp\/v2\/comments?post=498485"}],"version-history":[{"count":1,"href":"https:\/\/diarioelpopular.com\/index.php\/wp-json\/wp\/v2\/posts\/498485\/revisions"}],"predecessor-version":[{"id":498487,"href":"https:\/\/diarioelpopular.com\/index.php\/wp-json\/wp\/v2\/posts\/498485\/revisions\/498487"}],"wp:featuredmedia":[{"embeddable":true,"href":"https:\/\/diarioelpopular.com\/index.php\/wp-json\/wp\/v2\/media\/498486"}],"wp:attachment":[{"href":"https:\/\/diarioelpopular.com\/index.php\/wp-json\/wp\/v2\/media?parent=498485"}],"wp:term":[{"taxonomy":"category","embeddable":true,"href":"https:\/\/diarioelpopular.com\/index.php\/wp-json\/wp\/v2\/categories?post=498485"},{"taxonomy":"post_tag","embeddable":true,"href":"https:\/\/diarioelpopular.com\/index.php\/wp-json\/wp\/v2\/tags?post=498485"}],"curies":[{"name":"wp","href":"https:\/\/api.w.org\/{rel}","templated":true}]}}