{"id":498489,"date":"2021-06-29T10:35:11","date_gmt":"2021-06-29T14:35:11","guid":{"rendered":"https:\/\/diarioelpopular.com\/?p=498489"},"modified":"2021-06-29T10:35:11","modified_gmt":"2021-06-29T14:35:11","slug":"ontario-ingresa-al-paso-2-este-miercoles-ford-insinua-que-el-paso-3-podria-llegar-antes-de-lo-esperado","status":"publish","type":"post","link":"https:\/\/diarioelpopular.com\/index.php\/2021\/06\/29\/ontario-ingresa-al-paso-2-este-miercoles-ford-insinua-que-el-paso-3-podria-llegar-antes-de-lo-esperado\/","title":{"rendered":"Ontario ingresa al Paso 2 este mi\u00e9rcoles: Ford insin\u00faa que el Paso 3 podr\u00eda llegar antes de lo esperado"},"content":{"rendered":"<p><img loading=\"lazy\" decoding=\"async\" class=\"size-custom-full-size wp-image-498490\" src=\"https:\/\/diarioelpopular.com\/wp-content\/uploads\/2021\/06\/NY901-722_2020_194707-636x424.jpg\" alt=\"\" width=\"636\" height=\"424\" srcset=\"https:\/\/diarioelpopular.com\/wp-content\/uploads\/2021\/06\/NY901-722_2020_194707-636x424.jpg 636w, https:\/\/diarioelpopular.com\/wp-content\/uploads\/2021\/06\/NY901-722_2020_194707-300x200.jpg 300w, https:\/\/diarioelpopular.com\/wp-content\/uploads\/2021\/06\/NY901-722_2020_194707-768x512.jpg 768w, https:\/\/diarioelpopular.com\/wp-content\/uploads\/2021\/06\/NY901-722_2020_194707-109x73.jpg 109w, https:\/\/diarioelpopular.com\/wp-content\/uploads\/2021\/06\/NY901-722_2020_194707.jpg 1024w\" sizes=\"auto, (max-width: 636px) 100vw, 636px\" \/><\/p>\n<h4><em><strong>Algunos habitantes de Ontario en las regiones de puntos calientes de COVID-19 que no han tenido la oportunidad de cortarse el pelo desde el oto\u00f1o ahora est\u00e1n contando las horas.<\/strong><\/em><\/h4>\n<p><em><strong>TORONTO.-<\/strong> <\/em>Mientras que Ontario se prepara para ingresar al Paso 2 del plan de reapertura econ\u00f3mica este mi\u00e9rcoles, la conversaci\u00f3n ya ha pasado al Paso 3.<\/p>\n<p>El premier Doug Ford insinu\u00f3 que la reapertura podr\u00eda realizarse m\u00e1s r\u00e1pido que el plan actual de su gobierno. Ford dijo que se reunir\u00e1 con el nuevo m\u00e9dico superior de la provincia y que, si se le da el visto bueno, el Paso 3 podr\u00eda llegar antes de lo esperado.<\/p>\n<p>&#8220;No hay nadie que quiera abrir esta provincia m\u00e1s que yo, estamos muy, muy cerca&#8221;, dijo Ford. \u201cNos sentaremos con el nuevo director m\u00e9dico de salud, el Dr. (Kieran) Moore, y recibiremos su consejo, y si nos da luz verde, abramos esta provincia y comencemos a movernos, yo no puedo esperar, realmente no puedo &#8220;.<\/p>\n<p>El Dr. Kieran Moore responder\u00e1 preguntas este martes por la tarde en su primera conferencia de prensa desde que se convirti\u00f3 en director m\u00e9dico de Ontario.<\/p>\n<p>Moore reemplaz\u00f3 al Dr. David Williams el s\u00e1bado despu\u00e9s de trabajar con \u00e9l durante las \u00faltimas semanas desde que se anunci\u00f3 su nombramiento.<\/p>\n<p>Probablemente enfrentar\u00e1 preguntas sobre el ritmo de la reapertura de la provincia.<\/p>\n<p>La mayor parte de Ontario ingresar\u00e1 al Paso 2 del plan de tres pasos a las 12:01 a.m. del 30 de junio, dos d\u00edas antes de lo programado originalmente.<\/p>\n<p>Pero las tasas de vacunaci\u00f3n provinciales ahora superan las tasas descritas por el gobierno de Ford en la &#8220;Hoja de ruta para la reapertura&#8221;.<\/p>\n<p>Hasta el domingo, m\u00e1s del 76 por ciento de los adultos de Ontario han recibido su primera dosis de una vacuna COVID-19 y m\u00e1s de un tercio (33 por ciento) ahora est\u00e1n completamente vacunados.<\/p>\n<p>Eso coincide con la tasa de primera dosis del 70 al 80 por ciento y la tasa de vacunaci\u00f3n completa del 25 por ciento que se describe para el paso al Paso 3.<\/p>\n<p>El gobierno de Ford ha dicho tentativamente que el Paso 2 se mantendr\u00e1 durante 21 d\u00edas para que los expertos en salud y los funcionarios puedan garantizar que los indicadores de COVID no comiencen a moverse en la direcci\u00f3n incorrecta con restricciones menos estrictas.<\/p>\n<p>Todos los adultos de Ontario que recibieron la vacuna de ARNm elegibles para la segunda dosis acelerada<\/p>\n<p>El paso al Paso 2 significa que los peluqueros, los salones de belleza y los servicios de cuidado personal podr\u00e1n reanudarse el mi\u00e9rcoles. Tambi\u00e9n se ampliar\u00e1n los l\u00edmites de capacidad para las tiendas minoristas y los patios.<\/p>\n<p>La capacidad de reuni\u00f3n al aire libre aumentar\u00e1 a 25 personas, mientras que se permitir\u00e1n reuniones en interiores de hasta cinco personas.<\/p>\n<p>&#8220;Las \u00fanicas pocas cosas que no est\u00e1n abiertas son, ya sabes, la cena en el interior que va a suceder, y realmente fuera de los casinos y los locales de striptease, son las \u00fanicas tres cosas que no est\u00e1n abiertas ahora&#8221;. dijo Ford.<\/p>\n<p>&#8220;Ser\u00e9 honesto contigo, todo lo dem\u00e1s parece estar avanzando, pero nuevamente tenemos que ser cautelosos con la variante Delta y los gimnasios&#8221;.<\/p>\n<p>Se permiten clases de fitness al aire libre, pero los gimnasios no pueden volver a abrir hasta el Paso 3 y Ford pide a los propietarios de gimnasios que tengan paciencia.<\/p>\n<p>&#8220;Los gimnasios, mi coraz\u00f3n se rompe por la gente, tenemos que abrir esos gimnasios, la gente solo nos tiene paciencia por un per\u00edodo muy corto, va a suceder, tengo que seguir las instrucciones del director m\u00e9dico&#8221;, dijo. .<\/p>\n<p>Un aumento en los casos de variantes del Delta retrasar\u00e1 que la Regi\u00f3n de Waterloo pase al Paso 2 con el resto de la provincia.<\/p>\n<p>&#8220;Para darles a nuestros residentes m\u00e1s tiempo para vacunarse, para evitar tener que dar un paso atr\u00e1s, y seg\u00fan nuestra situaci\u00f3n en este momento, anticipo que la Regi\u00f3n de Waterloo podr\u00e1 pasar al Paso 2 a mediados de julio&#8221;, dijo Dr. Hsiu-Li Wang, oficial m\u00e9dico de salud de Waterloo.<\/p>\n<p>Waterloo es ahora la \u00fanica unidad de salud p\u00fablica que se quedar\u00e1 atr\u00e1s desde que la unidad de salud de Porcupine anunci\u00f3 que se unir\u00e1 al resto de la provincia el mi\u00e9rcoles.<\/p>\n<p>La unidad en el noreste de Ontario solo ingres\u00f3 al Paso 1 el viernes pasado, con un retraso de varias semanas debido a un reciente aumento en los casos.<\/p>\n<p>En un comunicado emitido el lunes, el oficial m\u00e9dico de salud de Porcupine dice que los esfuerzos de los miembros de la comunidad y las empresas han reducido el n\u00famero de casos a su nivel m\u00e1s bajo en meses.<\/p>\n","protected":false},"excerpt":{"rendered":"<p>Algunos habitantes de Ontario en las regiones de puntos calientes de COVID-19 que no han tenido la oportunidad de cortarse el pelo desde el oto\u00f1o&hellip;<\/p>\n","protected":false},"author":99,"featured_media":498490,"comment_status":"open","ping_status":"open","sticky":false,"template":"","format":"standard","meta":{"footnotes":""},"categories":[21,11191],"tags":[],"class_list":["post-498489","post","type-post","status-publish","format-standard","has-post-thumbnail","hentry","category-canada","category-top-news"],"_links":{"self":[{"href":"https:\/\/diarioelpopular.com\/index.php\/wp-json\/wp\/v2\/posts\/498489","targetHints":{"allow":["GET"]}}],"collection":[{"href":"https:\/\/diarioelpopular.com\/index.php\/wp-json\/wp\/v2\/posts"}],"about":[{"href":"https:\/\/diarioelpopular.com\/index.php\/wp-json\/wp\/v2\/types\/post"}],"author":[{"embeddable":true,"href":"https:\/\/diarioelpopular.com\/index.php\/wp-json\/wp\/v2\/users\/99"}],"replies":[{"embeddable":true,"href":"https:\/\/diarioelpopular.com\/index.php\/wp-json\/wp\/v2\/comments?post=498489"}],"version-history":[{"count":1,"href":"https:\/\/diarioelpopular.com\/index.php\/wp-json\/wp\/v2\/posts\/498489\/revisions"}],"predecessor-version":[{"id":498491,"href":"https:\/\/diarioelpopular.com\/index.php\/wp-json\/wp\/v2\/posts\/498489\/revisions\/498491"}],"wp:featuredmedia":[{"embeddable":true,"href":"https:\/\/diarioelpopular.com\/index.php\/wp-json\/wp\/v2\/media\/498490"}],"wp:attachment":[{"href":"https:\/\/diarioelpopular.com\/index.php\/wp-json\/wp\/v2\/media?parent=498489"}],"wp:term":[{"taxonomy":"category","embeddable":true,"href":"https:\/\/diarioelpopular.com\/index.php\/wp-json\/wp\/v2\/categories?post=498489"},{"taxonomy":"post_tag","embeddable":true,"href":"https:\/\/diarioelpopular.com\/index.php\/wp-json\/wp\/v2\/tags?post=498489"}],"curies":[{"name":"wp","href":"https:\/\/api.w.org\/{rel}","templated":true}]}}