{"id":498499,"date":"2021-07-01T13:18:20","date_gmt":"2021-07-01T17:18:20","guid":{"rendered":"https:\/\/diarioelpopular.com\/?p=498499"},"modified":"2021-07-01T13:18:20","modified_gmt":"2021-07-01T17:18:20","slug":"el-dia-de-canada-llego-mientras-el-pais-se-tambalea-por-los-descubrimientos-de-escuelas-residenciales","status":"publish","type":"post","link":"https:\/\/diarioelpopular.com\/index.php\/2021\/07\/01\/el-dia-de-canada-llego-mientras-el-pais-se-tambalea-por-los-descubrimientos-de-escuelas-residenciales\/","title":{"rendered":"El D\u00eda de Canad\u00e1 lleg\u00f3 mientras el pa\u00eds se tambalea por los descubrimientos de escuelas residenciales"},"content":{"rendered":"<p><img loading=\"lazy\" decoding=\"async\" class=\"alignnone size-custom-full-size wp-image-498500\" src=\"https:\/\/diarioelpopular.com\/wp-content\/uploads\/2021\/07\/Screen-Shot-2021-07-01-at-11.37.03-AM-636x299.png\" alt=\"\" width=\"636\" height=\"299\" srcset=\"https:\/\/diarioelpopular.com\/wp-content\/uploads\/2021\/07\/Screen-Shot-2021-07-01-at-11.37.03-AM-636x299.png 636w, https:\/\/diarioelpopular.com\/wp-content\/uploads\/2021\/07\/Screen-Shot-2021-07-01-at-11.37.03-AM-300x141.png 300w, https:\/\/diarioelpopular.com\/wp-content\/uploads\/2021\/07\/Screen-Shot-2021-07-01-at-11.37.03-AM-768x361.png 768w, https:\/\/diarioelpopular.com\/wp-content\/uploads\/2021\/07\/Screen-Shot-2021-07-01-at-11.37.03-AM-146x69.png 146w, https:\/\/diarioelpopular.com\/wp-content\/uploads\/2021\/07\/Screen-Shot-2021-07-01-at-11.37.03-AM.png 1016w\" sizes=\"auto, (max-width: 636px) 100vw, 636px\" \/><\/p>\n<h4><em><strong>El D\u00eda de Canad\u00e1 se ha visto sombreado por una pandemia que sigue en marcha, con eventos nuevamente reducidos debido al COVID-19, o cancelados debido a que los canadienses reconocen el horrible legado de las escuelas residenciales para los pueblos ind\u00edgenas.<\/strong><\/em><\/h4>\n<p>&nbsp;<\/p>\n<p><em><strong>OTTAWA. 01 JUL.-<\/strong><\/em> Grupos, organizaciones y municipios que decidieron no realizar eventos especiales este jueves despu\u00e9s de que se encontraron cientos de tumbas sin marcar en sitios de escuelas residenciales en Columbia Brit\u00e1nica y Saskatchewan.<\/p>\n<p>Cowessess First Nation dijo la semana pasada que un radar de penetraci\u00f3n terrestre detect\u00f3 751 tumbas sin marcar en la antigua Escuela Residencial Ind\u00edgena Marieval, poco despu\u00e9s del descubrimiento de lo que se cree que son los restos de 215 ni\u00f1os en Kamloops, B.C.<\/p>\n<p>Y luego, el mi\u00e9rcoles, la Lower Kootenay Band dijo que una b\u00fasqueda utilizando un radar de penetraci\u00f3n en el suelo hab\u00eda encontrado 182 restos humanos en tumbas sin marcar en un sitio cerca de una antigua escuela residencial en Cranbrook, B.C.<\/p>\n<p>Canadian Heritage plane\u00f3 seguir adelante con los eventos virtuales del D\u00eda de Canad\u00e1 como el a\u00f1o pasado, con un programa de m\u00fasica en l\u00ednea con artistas ingleses, franceses e ind\u00edgenas, pero la bandera en lo alto de la Torre de la Paz estuvo a media asta para honrar a los ni\u00f1os ind\u00edgenas que murieron en escuelas residenciales.<\/p>\n<p>El primer ministro Justin Trudeau dijo a los periodistas el mi\u00e9rcoles que planeaba celebrar el d\u00eda con su familia, mientras recordaba que otros pueden estar sintiendo dolor e ira.<\/p>\n<p>Una nueva encuesta sugiere un replanteamiento reciente de la historia de este pa\u00eds, con la narrativa dominante de los colonos europeos que descubren que Canad\u00e1 abre paso a los pueblos ind\u00edgenas como los primeros pueblos de la tierra.<\/p>\n<p>Las encuestas de la firma Leger y la Asociaci\u00f3n de Estudios Canadienses encontraron que uno de cada dos encuestados dijo que los Pueblos Ind\u00edgenas \u201cdescubrieron Canad\u00e1\u201d, mientras que uno de cada tres dijo que fue Jacques Cartier.<\/p>\n<p>El presidente de la asociaci\u00f3n, Jack Jedwab, dijo que, entre otros hallazgos, apuntan a eventos recientes y a m\u00e1s personas que comienzan a comprender la presencia de los pueblos ind\u00edgenas antes de lo que hemos pensado convencionalmente como el descubrimiento y asentamiento de Canad\u00e1.<\/p>\n<p>La misma encuesta encontr\u00f3 que aproximadamente seis de cada 10 encuestados ten\u00edan una opini\u00f3n positiva de Sir John A. Macdonald, el primer primer ministro de Canad\u00e1, cuya imagen ha sido eliminada de varias exhibiciones p\u00fablicas sobre su papel en la creaci\u00f3n del sistema de escuelas residenciales.<\/p>\n<p>&#8220;La gente est\u00e1 consciente de lo que est\u00e1 sucediendo, claramente, sobre la horrible tragedia de las escuelas residenciales&#8221;, dijo Jedwab sobre los resultados. &#8220;Pero no creo que tanta gente como creemos est\u00e9 haciendo la conexi\u00f3n con Sir John A. Macdonald&#8221;.<\/p>\n<p>La encuesta de 1,542 canadienses en un panel en l\u00ednea se realiz\u00f3 entre el 18 y el 20 de junio, pero no se le puede asignar un margen de error porque los paneles en l\u00ednea no se consideran muestras verdaderamente aleatorias.<\/p>\n","protected":false},"excerpt":{"rendered":"<p>El D\u00eda de Canad\u00e1 se ha visto sombreado por una pandemia que sigue en marcha, con eventos nuevamente reducidos debido al COVID-19, o cancelados debido&hellip;<\/p>\n","protected":false},"author":99,"featured_media":498500,"comment_status":"open","ping_status":"open","sticky":false,"template":"","format":"standard","meta":{"footnotes":""},"categories":[21,11191],"tags":[],"class_list":["post-498499","post","type-post","status-publish","format-standard","has-post-thumbnail","hentry","category-canada","category-top-news"],"_links":{"self":[{"href":"https:\/\/diarioelpopular.com\/index.php\/wp-json\/wp\/v2\/posts\/498499","targetHints":{"allow":["GET"]}}],"collection":[{"href":"https:\/\/diarioelpopular.com\/index.php\/wp-json\/wp\/v2\/posts"}],"about":[{"href":"https:\/\/diarioelpopular.com\/index.php\/wp-json\/wp\/v2\/types\/post"}],"author":[{"embeddable":true,"href":"https:\/\/diarioelpopular.com\/index.php\/wp-json\/wp\/v2\/users\/99"}],"replies":[{"embeddable":true,"href":"https:\/\/diarioelpopular.com\/index.php\/wp-json\/wp\/v2\/comments?post=498499"}],"version-history":[{"count":1,"href":"https:\/\/diarioelpopular.com\/index.php\/wp-json\/wp\/v2\/posts\/498499\/revisions"}],"predecessor-version":[{"id":498501,"href":"https:\/\/diarioelpopular.com\/index.php\/wp-json\/wp\/v2\/posts\/498499\/revisions\/498501"}],"wp:featuredmedia":[{"embeddable":true,"href":"https:\/\/diarioelpopular.com\/index.php\/wp-json\/wp\/v2\/media\/498500"}],"wp:attachment":[{"href":"https:\/\/diarioelpopular.com\/index.php\/wp-json\/wp\/v2\/media?parent=498499"}],"wp:term":[{"taxonomy":"category","embeddable":true,"href":"https:\/\/diarioelpopular.com\/index.php\/wp-json\/wp\/v2\/categories?post=498499"},{"taxonomy":"post_tag","embeddable":true,"href":"https:\/\/diarioelpopular.com\/index.php\/wp-json\/wp\/v2\/tags?post=498499"}],"curies":[{"name":"wp","href":"https:\/\/api.w.org\/{rel}","templated":true}]}}