{"id":498543,"date":"2021-07-03T11:40:21","date_gmt":"2021-07-03T15:40:21","guid":{"rendered":"https:\/\/diarioelpopular.com\/?p=498543"},"modified":"2021-07-03T11:40:21","modified_gmt":"2021-07-03T15:40:21","slug":"mexico-a-las-urnas-ahora-por-la-corrupcion","status":"publish","type":"post","link":"https:\/\/diarioelpopular.com\/index.php\/2021\/07\/03\/mexico-a-las-urnas-ahora-por-la-corrupcion\/","title":{"rendered":"M\u00e9xico a las urnas, ahora por la corrupci\u00f3n"},"content":{"rendered":"<h4><img loading=\"lazy\" decoding=\"async\" class=\"alignnone size-custom-full-size wp-image-498544\" src=\"https:\/\/diarioelpopular.com\/wp-content\/uploads\/2021\/07\/416c1d38b66bef045a416d0e06afff8d-636x401.jpg\" alt=\"\" width=\"636\" height=\"401\" srcset=\"https:\/\/diarioelpopular.com\/wp-content\/uploads\/2021\/07\/416c1d38b66bef045a416d0e06afff8d-636x401.jpg 636w, https:\/\/diarioelpopular.com\/wp-content\/uploads\/2021\/07\/416c1d38b66bef045a416d0e06afff8d-300x189.jpg 300w, https:\/\/diarioelpopular.com\/wp-content\/uploads\/2021\/07\/416c1d38b66bef045a416d0e06afff8d-768x484.jpg 768w, https:\/\/diarioelpopular.com\/wp-content\/uploads\/2021\/07\/416c1d38b66bef045a416d0e06afff8d-85x55.jpg 85w, https:\/\/diarioelpopular.com\/wp-content\/uploads\/2021\/07\/416c1d38b66bef045a416d0e06afff8d-116x73.jpg 116w, https:\/\/diarioelpopular.com\/wp-content\/uploads\/2021\/07\/416c1d38b66bef045a416d0e06afff8d.jpg 945w\" sizes=\"auto, (max-width: 636px) 100vw, 636px\" \/><\/h4>\n<p><em>Mexicanos nuevamente a las urnas. \u00bfEnjuiciar o no a expresidentes?<\/em><\/p>\n<h4><em><strong>Para oposici\u00f3n, la iniciativa oficial es un &#8220;circo de distracci\u00f3n&#8221;<\/strong><\/em><\/h4>\n<p><em><strong>CIUDAD DE MEXICO, 03 JUL.<\/strong><\/em>\u00a0&#8211; M\u00e9xico se prepara otra vez para ir a las urnas despu\u00e9s de las accidentadas elecciones del 6 de junio pasado, precedidas por las campa\u00f1as m\u00e1s sangrientas de la historia reciente del pa\u00eds, esta vez para consultar a la gente si se debe enjuiciar a expresidentes que incurrieron en actos de corrupci\u00f3n.<br \/>\nSin embargo, el refer\u00e9ndum que ser\u00e1 organizado por el Instituto Nacional Electoral (INE), la m\u00e1xima autoridad en la materia, y cuya pregunta fue replanteada por la propia Suprema Corte, para eliminar los nombres de los exmandatarios y hacer m\u00e1s vago el cuestionamiento, no despierta el mismo entusiasmo de los comicios intermedios.<br \/>\nAl contrario, analistas y opositores han mostrado un fuerte rechazo contra este ejercicio al considerar que se trata de una especie de &#8220;circo distractor&#8221; que busca tender &#8220;una cortina de humo&#8221; sobre los temas m\u00e1s urgentes de la agenda nacional, en especial la violencia y la pandemia de Covid-19.<br \/>\nEl partido gobernante Movimiento de Regeneraci\u00f3n Nacional (Morena, centroizquierda) acus\u00f3 al INE de organizar la consulta, prevista para el 1 de agosto pr\u00f3ximo, con un &#8220;bajo perfil&#8221; y con el \u00e1nimo de boicotearla, al instalar s\u00f3lo 57.000 mesas electorales, tres veces menos que las 162.000 de las votaciones de hace un mes.<br \/>\nMorena vaticin\u00f3 que esto &#8220;va a mermar la participaci\u00f3n de los ciudadanos a votar&#8221; y llam\u00f3 a &#8220;corregir&#8221; los planes, porque la consulta &#8220;debe ser id\u00e9ntica&#8221; a los comicios, de la misma calidad que el proceso electoral&#8221;.<br \/>\nAdicionalmente, el representante de Morena ante el Consejo General del INE, Sergio Guti\u00e9rrez, cuestion\u00f3 que s\u00f3lo se dediquen 17 d\u00edas a promover el referendo y propuso que comience desde ahora a publicitarse.<br \/>\nAsimismo, se\u00f1al\u00f3 que se aprecia una gran lentitud en los preparativos y ni siquiera se han designado los representantes de los partidos en los puestos de votaci\u00f3n.<br \/>\nEl INE se defendi\u00f3 se\u00f1alando que el Congreso no le autoriz\u00f3 los fondos suficientes para organizar este ejercicio. Representantes de las principales fuerzas opositoras, Acci\u00f3n Nacional (PAN, derecha) y el Partido de la Revoluci\u00f3n Democr\u00e1tica (PRD, izquierda) acusaron al oficialismo de &#8220;mentirle a la gente&#8221; con una consulta que &#8220;ser\u00e1 para juzgar a exmandatarios, con una vaga redacci\u00f3n&#8221;.<br \/>\n&#8220;Morena quiere crear un circo. Por qu\u00e9 no juzgan a los culpables de tantos asesinatos en el pa\u00eds, del desabasto de medicinas para ni\u00f1os con c\u00e1ncer. Eso s\u00ed deber\u00eda darles verg\u00fcenza&#8221;, se\u00f1al\u00f3 el representante del PAN ante el INE, Hugo Sond\u00f3n.<br \/>\n&#8220;Si tuvieran indicios de corrupci\u00f3n, ya hubieran presentado las pruebas ante la autoridad&#8221;, se\u00f1al\u00f3 por su parte el representante del PRD, Angel Avila.<br \/>\nLa oposici\u00f3n tambi\u00e9n ha cuestionado el alto costo de este proceso, estimado en unos 26 millones de d\u00f3lares, el cual ser\u00e1 vinculante s\u00f3lo si acuden a las urnas m\u00e1s del 40% del censo de votantes (unos 95 millones), por lo que ser\u00eda necesario que 37 millones de personas sufragaran, lo cual es considerado un verdadero desaf\u00edo.<br \/>\nLos votantes podr\u00e1n cruzar en las papeletas un cuadro que diga &#8220;s\u00ed&#8221; o que diga &#8220;no&#8221;, pero muchas personas podr\u00edan abstenerse de acudir a votar, por el desgaste que significaron las pasadas campa\u00f1as previas a las elecciones de medio t\u00e9rmino y porque muchos creen que la pregunta es &#8220;absurda&#8221;.<br \/>\n&#8220;No se puede votar a favor de que el gobierno cumpla la ley. Eso es francamente in\u00fatil y tonto&#8221;, se\u00f1al\u00f3 a ANSA Javier, un contador de la ciudad de M\u00e9xico, de 43 a\u00f1os.<br \/>\n&#8220;Es como si yo le dijera a mis hijos que votaran a favor de que les pague la colegiatura, cuando es mi obligaci\u00f3n&#8221;, se\u00f1al\u00f3 en tono de mofa.<br \/>\nLos expresidentes que podr\u00edan ser enjuiciados son Carlos Salinas, Ernesto Zedillo, Vicente Fox, Felipe Calder\u00f3n y Enrique Pe\u00f1a Nieto, que han gobernado al pa\u00eds en per\u00edodos sucesivos de 6 a\u00f1os desde 1994 hasta el 2018.<br \/>\nSin embargo, algunos expertos creen que se trata de un &#8220;traje a la medida&#8221; para el expresidente Carlos Salinas o Felipe Calder\u00f3n, contra quienes L\u00f3pez Obrador suele lanzar dardos envenenados con mucha frecuencia.<\/p>\n","protected":false},"excerpt":{"rendered":"<p>Mexicanos nuevamente a las urnas. \u00bfEnjuiciar o no a expresidentes? Para oposici\u00f3n, la iniciativa oficial es un &#8220;circo de distracci\u00f3n&#8221; CIUDAD DE MEXICO, 03 JUL.\u00a0&#8211;&hellip;<\/p>\n","protected":false},"author":99,"featured_media":498544,"comment_status":"open","ping_status":"open","sticky":false,"template":"","format":"standard","meta":{"footnotes":""},"categories":[23],"tags":[],"class_list":["post-498543","post","type-post","status-publish","format-standard","has-post-thumbnail","hentry","category-latinoamerica"],"_links":{"self":[{"href":"https:\/\/diarioelpopular.com\/index.php\/wp-json\/wp\/v2\/posts\/498543","targetHints":{"allow":["GET"]}}],"collection":[{"href":"https:\/\/diarioelpopular.com\/index.php\/wp-json\/wp\/v2\/posts"}],"about":[{"href":"https:\/\/diarioelpopular.com\/index.php\/wp-json\/wp\/v2\/types\/post"}],"author":[{"embeddable":true,"href":"https:\/\/diarioelpopular.com\/index.php\/wp-json\/wp\/v2\/users\/99"}],"replies":[{"embeddable":true,"href":"https:\/\/diarioelpopular.com\/index.php\/wp-json\/wp\/v2\/comments?post=498543"}],"version-history":[{"count":1,"href":"https:\/\/diarioelpopular.com\/index.php\/wp-json\/wp\/v2\/posts\/498543\/revisions"}],"predecessor-version":[{"id":498545,"href":"https:\/\/diarioelpopular.com\/index.php\/wp-json\/wp\/v2\/posts\/498543\/revisions\/498545"}],"wp:featuredmedia":[{"embeddable":true,"href":"https:\/\/diarioelpopular.com\/index.php\/wp-json\/wp\/v2\/media\/498544"}],"wp:attachment":[{"href":"https:\/\/diarioelpopular.com\/index.php\/wp-json\/wp\/v2\/media?parent=498543"}],"wp:term":[{"taxonomy":"category","embeddable":true,"href":"https:\/\/diarioelpopular.com\/index.php\/wp-json\/wp\/v2\/categories?post=498543"},{"taxonomy":"post_tag","embeddable":true,"href":"https:\/\/diarioelpopular.com\/index.php\/wp-json\/wp\/v2\/tags?post=498543"}],"curies":[{"name":"wp","href":"https:\/\/api.w.org\/{rel}","templated":true}]}}