{"id":498564,"date":"2021-07-05T13:09:57","date_gmt":"2021-07-05T17:09:57","guid":{"rendered":"https:\/\/diarioelpopular.com\/?p=498564"},"modified":"2021-07-05T13:09:57","modified_gmt":"2021-07-05T17:09:57","slug":"mexico-acelera-la-vacunacion-en-su-capital","status":"publish","type":"post","link":"https:\/\/diarioelpopular.com\/index.php\/2021\/07\/05\/mexico-acelera-la-vacunacion-en-su-capital\/","title":{"rendered":"M\u00e9xico acelera la vacunaci\u00f3n en su capital"},"content":{"rendered":"<h4><img loading=\"lazy\" decoding=\"async\" class=\"alignnone size-custom-full-size wp-image-498565\" src=\"https:\/\/diarioelpopular.com\/wp-content\/uploads\/2021\/07\/68fd52db90f94823216a34ca89f249f0-636x425.jpg\" alt=\"\" width=\"636\" height=\"425\" srcset=\"https:\/\/diarioelpopular.com\/wp-content\/uploads\/2021\/07\/68fd52db90f94823216a34ca89f249f0-636x425.jpg 636w, https:\/\/diarioelpopular.com\/wp-content\/uploads\/2021\/07\/68fd52db90f94823216a34ca89f249f0-300x200.jpg 300w, https:\/\/diarioelpopular.com\/wp-content\/uploads\/2021\/07\/68fd52db90f94823216a34ca89f249f0-768x513.jpg 768w, https:\/\/diarioelpopular.com\/wp-content\/uploads\/2021\/07\/68fd52db90f94823216a34ca89f249f0-109x73.jpg 109w, https:\/\/diarioelpopular.com\/wp-content\/uploads\/2021\/07\/68fd52db90f94823216a34ca89f249f0.jpg 945w\" sizes=\"auto, (max-width: 636px) 100vw, 636px\" \/><\/h4>\n<p><em>Se acelera la vacunaci\u00f3n en Ciudad de M\u00e9xico<\/em><\/p>\n<h4><em><strong>Comienza a inocular al ritmo de 1,2 millones de dosis por semana<\/strong><\/em><\/h4>\n<p><em><strong>CIUDAD DE MEXICO, 05 JUL &#8211;<\/strong><\/em> La capital mexicana, epicentro de la pandemia de Covid-19 y donde se registra el 30% de los casos activos del pa\u00eds, arranc\u00f3 esta semana una ofensiva para frenar las nuevas cepas, sobre todo la temida Delta, que busca inmunizar a 1,2 millones de personas por semana, el doble de lo habitual.<br \/>\nAl aumentar la capacidad de blindaje sanitario, se pretende que en dos meses sea posible inocular al 100% de la poblaci\u00f3n mayor de 18 a\u00f1os, lo que permitir\u00eda a la metr\u00f3poli colocarse en primer lugar en alcanzar la llamada &#8220;inmunidad de reba\u00f1o&#8221;.<br \/>\nLa popular jefa de gobierno de la capital, Claudia Sheinbaum, que en las \u00faltimas elecciones intermedias, el 2 de junio pasado, sufri\u00f3 una espectacular derrota pol\u00edtica luego que su partido, el Movimiento de Regeneraci\u00f3n Nacional (Morena, izquierda), perdi\u00f3 en 9 de las 16 alcald\u00edas, busca de este modo resurgir en el escenario pol\u00edtico, seg\u00fan analistas.<br \/>\nSheinbaum, delf\u00edn del presidente Andr\u00e9s L\u00f3pez Obrador y a quien se se\u00f1ala como favorita para sucederlo, busca resta\u00f1ar las heridas infligidas a su imagen por este golpe, mientras al mismo tiempo se pretende frenar la tercera oleada de Covid-19, que promete ser peor o igual que las dos anteriores, de acuerdo con expertos.<br \/>\nHasta ahora, la marca m\u00e1s alta de ampollas aplicadas en la capital de 11 millones de habitantes (21 millones con la periferia), ha sido de 170.000 diarias y hasta 650.000 en una semana.<br \/>\nPara lograr esta meta, modific\u00f3 el sistema de recepci\u00f3n en los centros inmunizadores, para que quienes se apliquen el ant\u00edgeno lleven sus registros listos, y no tengan que ser llenados por brigadistas o empleados del gobierno.<br \/>\n&#8220;Al llevar el expediente impreso nos ayuda a triplicar la capacidad por hora que cada unidad vacunadora puede tener&#8221;, dijo la secretaria de Salud Olivia L\u00f3pez.<br \/>\nAsimismo, se instalar\u00e1n 18 sedes fijas para aplicar las inyecciones, con lo que dejar\u00e1n de montarse y desmontarse cada semana de acuerdo con los calendarios de vacunaci\u00f3n. A partir de ma\u00f1ana, por primera vez en la urbe se proteger\u00e1 a tres franjas de edad, de 50 a 59 a\u00f1os en segunda dosis, de 40 a 49 a\u00f1os y de 30 a 39 a\u00f1os en primera dosis.<br \/>\nLa aplicaci\u00f3n de 1,2 millones de dos a la semana &#8220;es una cifra alt\u00edsima, la m\u00e1s alta del pa\u00eds, que compite con algunas de las estrategias m\u00e1s exitosas en t\u00e9rminos de vacunaci\u00f3n per c\u00e1pita del resto del mundo&#8221;, se\u00f1al\u00f3 Eduardo Clark, director de Gobierno Digital e Innovaci\u00f3n del gobierno capitalino.<br \/>\n&#8220;Si las condiciones de la ciudad en t\u00e9rminos de recepci\u00f3n de vacunas fueran id\u00f3neas y todas las semanas cont\u00e1ramos con un mill\u00f3n podr\u00eda ser cuesti\u00f3n de ocho o 10 semanas&#8221; alcanzar la meta de beneficiar a todos los adultos, agreg\u00f3 Clark. M\u00e9xico, cuarto pa\u00eds con mayor mortalidad por Covid-19, registra 233.580 fallecidos y unos 2,5 millones de contagiados, mientras los casos activos suman 45.229 (9.396 m\u00e1s que una semana atr\u00e1s), de los cuales la capital acapara el 30%.<br \/>\nHasta ahora, han sido vacunadas 32 millones de personas con al menos una dosis, m\u00e1s de un tercio de la poblaci\u00f3n mayor de 18 a\u00f1os y casi 20 millones con esquemas completos, pero la campa\u00f1a ha sido cuestionada por expertos debido a su lentitud.<br \/>\nHasta ahora, ni en Ciudad de M\u00e9xico ni el resto del pa\u00eds, la variante que domina es la Delta, sino la Alfa (aparecida primero en Inglaterra), pero han aparecido los primeros casos y se considera la de m\u00e1s r\u00e1pido crecimiento.<br \/>\nEl incremento de casos confirmados de Covid-19 en la capital azteca se concentra principalmente en los grupos de personas entre 18 y 29 a\u00f1os, se\u00f1al\u00f3 Clark, quien llam\u00f3 a los j\u00f3venes a reforzar las medidas de prevenci\u00f3n como el lavado constante de manos, la sana distancia y el uso de barbijo, as\u00ed como la aplicaci\u00f3n de pruebas PCR.<br \/>\nSin embargo, en esa franja no se observa una tendencia paralela de hospitalizaciones, que de hecho se mantiene en sus niveles m\u00e1s bajos de los \u00faltimos 5 meses, se\u00f1al\u00f3 el funcionario.<br \/>\nEl segundo grupo m\u00e1s afectado por el repunte actual es el de las personas de 40 a 49 a\u00f1os, lo cual representa una fuente de preocupaci\u00f3n para las autoridades de la urbe, donde el desconfinamiento es casi total, pues est\u00e1 en amarillo, despu\u00e9s de dos semanas de permanecer en &#8220;verde&#8221; en el sem\u00e1foro epidemiol\u00f3gico.<\/p>\n","protected":false},"excerpt":{"rendered":"<p>Se acelera la vacunaci\u00f3n en Ciudad de M\u00e9xico Comienza a inocular al ritmo de 1,2 millones de dosis por semana CIUDAD DE MEXICO, 05 JUL&hellip;<\/p>\n","protected":false},"author":99,"featured_media":498565,"comment_status":"open","ping_status":"open","sticky":false,"template":"","format":"standard","meta":{"footnotes":""},"categories":[23],"tags":[],"class_list":["post-498564","post","type-post","status-publish","format-standard","has-post-thumbnail","hentry","category-latinoamerica"],"_links":{"self":[{"href":"https:\/\/diarioelpopular.com\/index.php\/wp-json\/wp\/v2\/posts\/498564","targetHints":{"allow":["GET"]}}],"collection":[{"href":"https:\/\/diarioelpopular.com\/index.php\/wp-json\/wp\/v2\/posts"}],"about":[{"href":"https:\/\/diarioelpopular.com\/index.php\/wp-json\/wp\/v2\/types\/post"}],"author":[{"embeddable":true,"href":"https:\/\/diarioelpopular.com\/index.php\/wp-json\/wp\/v2\/users\/99"}],"replies":[{"embeddable":true,"href":"https:\/\/diarioelpopular.com\/index.php\/wp-json\/wp\/v2\/comments?post=498564"}],"version-history":[{"count":1,"href":"https:\/\/diarioelpopular.com\/index.php\/wp-json\/wp\/v2\/posts\/498564\/revisions"}],"predecessor-version":[{"id":498566,"href":"https:\/\/diarioelpopular.com\/index.php\/wp-json\/wp\/v2\/posts\/498564\/revisions\/498566"}],"wp:featuredmedia":[{"embeddable":true,"href":"https:\/\/diarioelpopular.com\/index.php\/wp-json\/wp\/v2\/media\/498565"}],"wp:attachment":[{"href":"https:\/\/diarioelpopular.com\/index.php\/wp-json\/wp\/v2\/media?parent=498564"}],"wp:term":[{"taxonomy":"category","embeddable":true,"href":"https:\/\/diarioelpopular.com\/index.php\/wp-json\/wp\/v2\/categories?post=498564"},{"taxonomy":"post_tag","embeddable":true,"href":"https:\/\/diarioelpopular.com\/index.php\/wp-json\/wp\/v2\/tags?post=498564"}],"curies":[{"name":"wp","href":"https:\/\/api.w.org\/{rel}","templated":true}]}}