{"id":498575,"date":"2021-07-06T13:21:06","date_gmt":"2021-07-06T17:21:06","guid":{"rendered":"https:\/\/diarioelpopular.com\/?p=498575"},"modified":"2021-07-06T13:21:06","modified_gmt":"2021-07-06T17:21:06","slug":"duque-colombia-y-giammattei-guatemala-los-2-presidentes-peor-evaluados-de-latinoamerica","status":"publish","type":"post","link":"https:\/\/diarioelpopular.com\/index.php\/2021\/07\/06\/duque-colombia-y-giammattei-guatemala-los-2-presidentes-peor-evaluados-de-latinoamerica\/","title":{"rendered":"Duque (Colombia) y Giammattei (Guatemala), los 2 presidentes peor evaluados de Latinoam\u00e9rica"},"content":{"rendered":"<p>&nbsp;<\/p>\n<p><img loading=\"lazy\" decoding=\"async\" class=\"alignnone size-custom-full-size wp-image-498577\" src=\"https:\/\/diarioelpopular.com\/wp-content\/uploads\/2021\/07\/encuesta_1-1-636x815.jpg\" alt=\"\" width=\"636\" height=\"815\" srcset=\"https:\/\/diarioelpopular.com\/wp-content\/uploads\/2021\/07\/encuesta_1-1-636x815.jpg 636w, https:\/\/diarioelpopular.com\/wp-content\/uploads\/2021\/07\/encuesta_1-1-234x300.jpg 234w, https:\/\/diarioelpopular.com\/wp-content\/uploads\/2021\/07\/encuesta_1-1-768x984.jpg 768w, https:\/\/diarioelpopular.com\/wp-content\/uploads\/2021\/07\/encuesta_1-1-57x73.jpg 57w, https:\/\/diarioelpopular.com\/wp-content\/uploads\/2021\/07\/encuesta_1-1.jpg 799w\" sizes=\"auto, (max-width: 636px) 100vw, 636px\" \/><\/p>\n<p><em><strong>Una encuesta realizada a nivel latinoamericano por la firma CID Gallup revel\u00f3 que Alejandro Giammattei se encuentra en el pen\u00faltimo lugar de presidentes evaluados.<\/strong><\/em><\/p>\n<p>La consultora internacional CID Gallup elabor\u00f3 una encuesta sobre el posicionamiento de 11 presidentes de Centroam\u00e9rica, Rep\u00fablica Dominicana y Sur Am\u00e9rica, y Giammattei qued\u00f3 en pen\u00faltimo lugar.<\/p>\n<p>Se realiz\u00f3 una encuesta telef\u00f3nica aleatoria con 1,200 entrevistas en cada pa\u00eds, con ciudadanos mayores de 18 a\u00f1os. En este sentido, el presidente mejor evaluado fue Nayib Bukele, de El Salvador; seguido por Andr\u00e9s Manuel L\u00f3pez Obrador, de M\u00e9xico.<\/p>\n<p>Mientras que Iv\u00e1n Duque, de Colombia, fue el peor evaluado y Giammattei, en Guatemala, qued\u00f3 en segundo lugar, pero de los mal calificados.<\/p>\n<p>En otra encuesta, Cid Gallup revel\u00f3 que 7 de cada 10 ciudadanos piensan que Guatemala va en la direcci\u00f3n equivocada.<\/p>\n<p>El presidente Alejandro Giammattei<\/p>\n<p>Giammattei gan\u00f3 las elecciones con promesas como atacar la pobreza y la corrupci\u00f3n, pero a un a\u00f1o y medio de su gesti\u00f3n, se posiciona entre los mandatarios peor evaluados de la regi\u00f3n.<\/p>\n<p>Giammattei prometi\u00f3 atacar la desnutrici\u00f3n, pero s\u00f3lo este a\u00f1o, 12 ni\u00f1os han fallecido por hambre en Guatemala y se han identificado 14,691 menores de 5 a\u00f1os con este padecimiento. La cifra se increment\u00f3 considerablemente.<\/p>\n<p>Respecto de los resultados de la encuesta, Patricia Letona, jefa de la Secretar\u00eda de Comunicaci\u00f3n Social de la Presidencia, respondi\u00f3: &#8220;Para analizar los resultados de cualquier encuesta es oportuno determinar qui\u00e9n la financia y con qu\u00e9 objetivo, adem\u00e1s de otros elementos como el momento en que se realiza y la calidad de la muestra escogida, aspectos que no son del todo aclarados en la ficha t\u00e9cnica de la encuesta en menci\u00f3n&#8221;, comenta Letona.<\/p>\n<p>&#8220;Respecto a esta encuesta en particular, no tenemos comentario puntual ya que no hay suficientes elementos t\u00e9cnicos a disposici\u00f3n que nos permitan determinar qu\u00e9 aspectos fueron evaluados. Vale la pena destacar que, independientemente de las encuestas que circulan en redes, es compromiso del Gobierno de Guatemala seguir avanzando en la consolidaci\u00f3n una gesti\u00f3n p\u00fablica m\u00e1s eficiente, transparente y que atienda las causas estructurales e hist\u00f3ricas de los problemas que hoy enfrentamos como pa\u00eds&#8221;, concluy\u00f3 la jefa de Comunicaci\u00f3n.<\/p>\n","protected":false},"excerpt":{"rendered":"<p>&nbsp; Una encuesta realizada a nivel latinoamericano por la firma CID Gallup revel\u00f3 que Alejandro Giammattei se encuentra en el pen\u00faltimo lugar de presidentes evaluados.&hellip;<\/p>\n","protected":false},"author":99,"featured_media":498577,"comment_status":"open","ping_status":"open","sticky":false,"template":"","format":"standard","meta":{"footnotes":""},"categories":[23],"tags":[],"class_list":["post-498575","post","type-post","status-publish","format-standard","has-post-thumbnail","hentry","category-latinoamerica"],"_links":{"self":[{"href":"https:\/\/diarioelpopular.com\/index.php\/wp-json\/wp\/v2\/posts\/498575","targetHints":{"allow":["GET"]}}],"collection":[{"href":"https:\/\/diarioelpopular.com\/index.php\/wp-json\/wp\/v2\/posts"}],"about":[{"href":"https:\/\/diarioelpopular.com\/index.php\/wp-json\/wp\/v2\/types\/post"}],"author":[{"embeddable":true,"href":"https:\/\/diarioelpopular.com\/index.php\/wp-json\/wp\/v2\/users\/99"}],"replies":[{"embeddable":true,"href":"https:\/\/diarioelpopular.com\/index.php\/wp-json\/wp\/v2\/comments?post=498575"}],"version-history":[{"count":1,"href":"https:\/\/diarioelpopular.com\/index.php\/wp-json\/wp\/v2\/posts\/498575\/revisions"}],"predecessor-version":[{"id":498578,"href":"https:\/\/diarioelpopular.com\/index.php\/wp-json\/wp\/v2\/posts\/498575\/revisions\/498578"}],"wp:featuredmedia":[{"embeddable":true,"href":"https:\/\/diarioelpopular.com\/index.php\/wp-json\/wp\/v2\/media\/498577"}],"wp:attachment":[{"href":"https:\/\/diarioelpopular.com\/index.php\/wp-json\/wp\/v2\/media?parent=498575"}],"wp:term":[{"taxonomy":"category","embeddable":true,"href":"https:\/\/diarioelpopular.com\/index.php\/wp-json\/wp\/v2\/categories?post=498575"},{"taxonomy":"post_tag","embeddable":true,"href":"https:\/\/diarioelpopular.com\/index.php\/wp-json\/wp\/v2\/tags?post=498575"}],"curies":[{"name":"wp","href":"https:\/\/api.w.org\/{rel}","templated":true}]}}