{"id":498603,"date":"2021-07-08T12:16:39","date_gmt":"2021-07-08T16:16:39","guid":{"rendered":"https:\/\/diarioelpopular.com\/?p=498603"},"modified":"2021-07-08T12:16:39","modified_gmt":"2021-07-08T16:16:39","slug":"la-pandemia-continua-teniendo-un-gran-impacto-en-la-salud-mental-de-ninos-y-jovenes-estudio-de-sickkids","status":"publish","type":"post","link":"https:\/\/diarioelpopular.com\/index.php\/2021\/07\/08\/la-pandemia-continua-teniendo-un-gran-impacto-en-la-salud-mental-de-ninos-y-jovenes-estudio-de-sickkids\/","title":{"rendered":"La pandemia contin\u00faa teniendo un gran impacto en la salud mental de ni\u00f1os y j\u00f3venes: estudio de SickKids"},"content":{"rendered":"<p><img loading=\"lazy\" decoding=\"async\" class=\"alignnone size-custom-full-size wp-image-498604\" src=\"https:\/\/diarioelpopular.com\/wp-content\/uploads\/2021\/07\/compare-fibre-e5sTz361Jzg-unsplash-scaled-636x394.jpg\" alt=\"\" width=\"636\" height=\"394\" srcset=\"https:\/\/diarioelpopular.com\/wp-content\/uploads\/2021\/07\/compare-fibre-e5sTz361Jzg-unsplash-scaled-636x394.jpg 636w, https:\/\/diarioelpopular.com\/wp-content\/uploads\/2021\/07\/compare-fibre-e5sTz361Jzg-unsplash-scaled-300x185.jpg 300w, https:\/\/diarioelpopular.com\/wp-content\/uploads\/2021\/07\/compare-fibre-e5sTz361Jzg-unsplash-scaled-768x476.jpg 768w, https:\/\/diarioelpopular.com\/wp-content\/uploads\/2021\/07\/compare-fibre-e5sTz361Jzg-unsplash-scaled-1990x1234.jpg 1990w, https:\/\/diarioelpopular.com\/wp-content\/uploads\/2021\/07\/compare-fibre-e5sTz361Jzg-unsplash-scaled-1200x744.jpg 1200w, https:\/\/diarioelpopular.com\/wp-content\/uploads\/2021\/07\/compare-fibre-e5sTz361Jzg-unsplash-scaled-118x73.jpg 118w, https:\/\/diarioelpopular.com\/wp-content\/uploads\/2021\/07\/compare-fibre-e5sTz361Jzg-unsplash-scaled.jpg 1024w\" sizes=\"auto, (max-width: 636px) 100vw, 636px\" \/><\/p>\n<h4><em><strong>&#8211; Un estudio reciente dirigido por el hospital SickKids arroja luz sobre las continuas luchas de salud f\u00edsica y mental que los ni\u00f1os peque\u00f1os y adolescentes han sufrido durante la pandemia de COVID-19.<\/strong><\/em><\/h4>\n<h4><em><strong>&#8211; Ontario reporta 210 nuevos casos de COVID-19, 4 muertes<\/strong><\/em><\/h4>\n<p><em><strong>TORONTO.-<\/strong> <\/em>El hospital dice que sus \u00faltimos hallazgos muestran que los ni\u00f1os de toda la provincia han mostrado continuamente mayores niveles de ansiedad y depresi\u00f3n como resultado de una serie de cierres de escuelas y cierres de escuelas en toda la provincia.<\/p>\n<p>El estudio cuenta con m\u00e1s de 2.700 participantes de edades comprendidas entre los dos y los 18 a\u00f1os que viven en Ontario. El hospital dice que encuest\u00f3 a una variedad de participantes en diferentes momentos &#8220;para obtener una comprensi\u00f3n hol\u00edstica de c\u00f3mo las medidas de salud p\u00fablica, incluido el cierre de escuelas, han impactado la salud mental y el bienestar de ni\u00f1os y j\u00f3venes&#8221;.<\/p>\n<p>El estudio encontr\u00f3 que la salud mental no mejor\u00f3 cuando el a\u00f1o escolar se reanud\u00f3 virtualmente, mostrando que m\u00e1s de la mitad de 758 ni\u00f1os de ocho a 12 a\u00f1os &#8211; y el 70 por ciento de 520 adolescentes &#8211; reportaron &#8220;s\u00edntomas depresivos cl\u00ednicamente significativos&#8221; durante la segunda ola en el invierno.<\/p>\n<p>&#8220;Entre 2.206 participantes, los investigadores encontraron una fuerte asociaci\u00f3n entre el tiempo dedicado al aprendizaje en l\u00ednea y la depresi\u00f3n y la ansiedad en los ni\u00f1os en edad escolar (de seis a 18 a\u00f1os)&#8221;, escribi\u00f3 el hospital SickKids.<\/p>\n<p>&#8220;Cuanto m\u00e1s tiempo pasaban los estudiantes aprendiendo en l\u00ednea, m\u00e1s s\u00edntomas de depresi\u00f3n y ansiedad experimentaban&#8221;.<\/p>\n<p>A mediados de abril, el gobierno de Ford anunci\u00f3 que no reabrir\u00eda las escuelas al aprendizaje en persona despu\u00e9s de las vacaciones de primavera extendidas despu\u00e9s de que los sindicatos pidieran el cierre de las escuelas en ausencia de medidas de seguridad m\u00e1s estrictas.<\/p>\n<p>Tras las crecientes cr\u00edticas de los padres y la oposici\u00f3n, entre muchos, a fines de mayo, Doug Ford emiti\u00f3 una carta abierta a educadores, cient\u00edficos, m\u00e9dicos y sindicatos haciendo siete preguntas clave para encontrar un consenso sobre si la provincia puede reabrir escuelas de manera segura.<\/p>\n<p>En respuesta, la Mesa Asesora de Ciencias COVID-19 de Ontario dijo en ese momento que cre\u00edan que las escuelas podr\u00edan reabrir de manera segura a nivel regional durante el \u00faltimo mes del a\u00f1o escolar.<\/p>\n<p>La Dra. Daphne Korczak, investigadora principal del estudio y psiquiatra de ni\u00f1os y adolescentes en el hospital SickKids, dice que la escuela representa m\u00e1s que solo lo acad\u00e9mico para ni\u00f1os y j\u00f3venes.<\/p>\n<p>\u201cPara muchos, la escuela y sus interacciones y actividades en persona constituyen la piedra angular de sus vidas\u201d, dice.<\/p>\n<p>\u201cNuestro estudio encontr\u00f3 que a pesar de los per\u00edodos de escuela en persona modificada, las medidas de salud mental no mejoraron significativamente, incluso para aquellos que asistieron a la escuela en persona. Esto deber\u00eda servir como un llamado urgente para garantizar que no repitamos la escuela como lo fue el a\u00f1o pasado y que los ni\u00f1os vuelvan al aprendizaje, las actividades y los deportes en persona &#8220;.<\/p>\n<p>El estudio tambi\u00e9n concluye que las familias vulnerables tuvieron mayores dificultades econ\u00f3micas como resultado de la pandemia, lo que llev\u00f3 a niveles m\u00e1s altos de estr\u00e9s y s\u00edntomas de salud mental de los cuidadores y ni\u00f1os.<\/p>\n<p>El hospital determina que aquellos con ingresos familiares m\u00e1s bajos y tasas de educaci\u00f3n de los padres se vieron \u201cafectados de manera desproporcionada\u201d por las dificultades econ\u00f3micas, como la p\u00e9rdida de empleo y la inseguridad alimentaria.<\/p>\n<p>\u201cNuestros datos apuntan abrumadoramente a los efectos significativos y sostenidos en la salud mental que las estrategias de mitigaci\u00f3n de la salud p\u00fablica y el cierre de escuelas han tenido en los ni\u00f1os, j\u00f3venes y sus familias en Ontario\u201d, dice Korczak.<\/p>\n<p>\u201cLos ni\u00f1os necesitan la escuela, necesitan a sus amigos y necesitan divertirse. A medida que nuestro enfoque cambia hacia la reapertura de la sociedad, debemos tener conversaciones significativas sobre c\u00f3mo priorizar las necesidades de los ni\u00f1os y los j\u00f3venes &#8220;.<\/p>\n<p>El martes, el principal m\u00e9dico de la provincia inst\u00f3 a todas las personas elegibles, en particular a los adultos j\u00f3venes y adolescentes, a vacunarse antes del regreso planeado a las escuelas en septiembre.<\/p>\n<p>El Dr. Kieran Moore dijo que las personas necesitar\u00e1n haber recibido dos dosis de vacunas antes del comienzo del a\u00f1o escolar para estar completamente protegidas, y la \u00faltima actualizaci\u00f3n de la provincia muestra una discrepancia en las vacunas en las edades de 12 a 17 a\u00f1os o menos.<\/p>\n<p>Hasta este jueves, el 59 por ciento de los adolescentes dentro de ese grupo de edad est\u00e1n parcialmente vacunados, mientras que solo el 14 por ciento ha recibido dos dosis.<\/p>\n<p>M\u00e1s de la mitad de los adultos de Ontario (51 por ciento) est\u00e1n completamente inmunizados, mientras que cerca del 80 por ciento ha recibido al menos una vacuna.<\/p>\n<p>&nbsp;<\/p>\n<h4><em><strong>Ontario reporta 210 nuevos casos de COVID-19, 4 muertes<\/strong><\/em><\/h4>\n<p><em>Actualizado jueves8 de julio de 2021 11:55 a.m.<\/em><\/p>\n<p>Ontario report\u00f3 210 nuevos casos de COVID-19 este jueves, con lo que el total de casos provinciales ahora es de 546,621.<\/p>\n<p>El n\u00famero de muertos en la provincia ha aumentado a 9.228, ya que se informaron cuatro muertes m\u00e1s.<\/p>\n<p>Seg\u00fan el informe, se registraron 52 casos en Waterloo, 18 en Toronto, 23 en la regi\u00f3n de Peel, 19 en Hamilton y 17 en Gray Bruce.<\/p>\n<p>Todas las dem\u00e1s unidades de salud p\u00fablica locales notificaron menos de 15 casos nuevos en el informe provincial.<\/p>\n<p>A partir de las 8 p.m. el mi\u00e9rcoles, se administraron m\u00e1s de 16,3 millones de dosis totales de vacuna COVID-19. Eso marc\u00f3 un aumento de 268,884 vacunas (25,625 para una primera inyecci\u00f3n y 243,259 para una segunda inyecci\u00f3n) en el \u00faltimo d\u00eda.<\/p>\n<p>Hay m\u00e1s de 6 millones de personas completamente inmunizadas con dos dosis, lo que representa el 51,1% de la poblaci\u00f3n adulta (18+). La cobertura de la primera dosis para adultos es del 78,7%.<\/p>\n<p>Mientras tanto, se inform\u00f3 que 535.577 residentes de Ontario se recuperaron del COVID-19, que es aproximadamente el 98 por ciento de los casos conocidos. Los casos resueltos aumentaron en 231 con respecto al d\u00eda anterior.<\/p>\n<p>Hubo m\u00e1s casos resueltos que casos nuevos el jueves.<\/p>\n<p>Los casos activos en Ontario ahora ascienden a 1.816, menos que el d\u00eda anterior cuando estaba en 1.841.<\/p>\n<p>El promedio de siete d\u00edas ahora ha llegado a 234, que es superior al de ayer en 216.<\/p>\n<p>El gobierno dijo que se procesaron 25.857 pruebas en las \u00faltimas 24 horas. Actualmente hay una acumulaci\u00f3n de 10.801 pruebas en espera de resultados. Se han completado un total de 16,119,029 pruebas desde el inicio de la pandemia.<\/p>\n<p>La positividad de la prueba para el jueves alcanz\u00f3 el 0,8 por ciento, que es menos que el d\u00eda anterior en 0,9.<\/p>\n<p>Ontario inform\u00f3 que 194 personas est\u00e1n hospitalizadas con COVID-19 (siete menos que el d\u00eda anterior) con 215 pacientes en unidades de cuidados intensivos (cinco menos) y 145 pacientes en UCI con ventilador (diez menos).<\/p>\n<p><strong><em>Variantes preocupantes en Ontario<\/em><\/strong><\/p>\n<p>Los funcionarios han enumerado datos desglosados \u200b\u200bpara los nuevos COV (variantes de inter\u00e9s) detectados hasta ahora en la provincia que consisten en el B.1.1.7 (ahora denominado por la OMS como \u201cAlfa\u201d y se detect\u00f3 por primera vez en el Reino Unido), B. 1.351 (ahora nombrado por la OMS como &#8220;Beta&#8221; y se detect\u00f3 por primera vez en Sud\u00e1frica), P.1 (ahora nombrado por la OMS como &#8220;Gamma&#8221; y se detect\u00f3 por primera vez en Brasil) y B.1.617.2 (ahora nombrado por la OMS como &#8220;Delta&#8221; y se detect\u00f3 por primera vez en la India).<\/p>\n<p>\u201cAlfa\u201d el VOC B.1.1.7: 144,569 casos variantes, que ha aumentado en 231 desde el d\u00eda anterior.<\/p>\n<p>\u201cBeta\u201d el VOC B.1.351: 1.436 casos variantes, lo que representa un aumento de 16 desde el d\u00eda anterior.<\/p>\n<p>\u201cGamma\u201d el P.1 VOC: 4.696 casos variantes, que ha aumentado en 46 desde el d\u00eda anterior.<\/p>\n<p>\u201cDelta\u201d B.1.617.2 VOC: 2.285 casos variantes, 63 m\u00e1s que el d\u00eda anterior.<\/p>\n","protected":false},"excerpt":{"rendered":"<p>&#8211; Un estudio reciente dirigido por el hospital SickKids arroja luz sobre las continuas luchas de salud f\u00edsica y mental que los ni\u00f1os peque\u00f1os y&hellip;<\/p>\n","protected":false},"author":99,"featured_media":498604,"comment_status":"open","ping_status":"open","sticky":false,"template":"","format":"standard","meta":{"footnotes":""},"categories":[21,11191],"tags":[],"class_list":["post-498603","post","type-post","status-publish","format-standard","has-post-thumbnail","hentry","category-canada","category-top-news"],"_links":{"self":[{"href":"https:\/\/diarioelpopular.com\/index.php\/wp-json\/wp\/v2\/posts\/498603","targetHints":{"allow":["GET"]}}],"collection":[{"href":"https:\/\/diarioelpopular.com\/index.php\/wp-json\/wp\/v2\/posts"}],"about":[{"href":"https:\/\/diarioelpopular.com\/index.php\/wp-json\/wp\/v2\/types\/post"}],"author":[{"embeddable":true,"href":"https:\/\/diarioelpopular.com\/index.php\/wp-json\/wp\/v2\/users\/99"}],"replies":[{"embeddable":true,"href":"https:\/\/diarioelpopular.com\/index.php\/wp-json\/wp\/v2\/comments?post=498603"}],"version-history":[{"count":1,"href":"https:\/\/diarioelpopular.com\/index.php\/wp-json\/wp\/v2\/posts\/498603\/revisions"}],"predecessor-version":[{"id":498605,"href":"https:\/\/diarioelpopular.com\/index.php\/wp-json\/wp\/v2\/posts\/498603\/revisions\/498605"}],"wp:featuredmedia":[{"embeddable":true,"href":"https:\/\/diarioelpopular.com\/index.php\/wp-json\/wp\/v2\/media\/498604"}],"wp:attachment":[{"href":"https:\/\/diarioelpopular.com\/index.php\/wp-json\/wp\/v2\/media?parent=498603"}],"wp:term":[{"taxonomy":"category","embeddable":true,"href":"https:\/\/diarioelpopular.com\/index.php\/wp-json\/wp\/v2\/categories?post=498603"},{"taxonomy":"post_tag","embeddable":true,"href":"https:\/\/diarioelpopular.com\/index.php\/wp-json\/wp\/v2\/tags?post=498603"}],"curies":[{"name":"wp","href":"https:\/\/api.w.org\/{rel}","templated":true}]}}