{"id":498607,"date":"2021-07-08T12:20:03","date_gmt":"2021-07-08T16:20:03","guid":{"rendered":"https:\/\/diarioelpopular.com\/?p=498607"},"modified":"2021-07-08T12:20:03","modified_gmt":"2021-07-08T16:20:03","slug":"chile-primera-sesion-constituyente","status":"publish","type":"post","link":"https:\/\/diarioelpopular.com\/index.php\/2021\/07\/08\/chile-primera-sesion-constituyente\/","title":{"rendered":"Chile: Primera sesi\u00f3n Constituyente"},"content":{"rendered":"<h4><img loading=\"lazy\" decoding=\"async\" class=\"alignnone size-custom-full-size wp-image-498608\" src=\"https:\/\/diarioelpopular.com\/wp-content\/uploads\/2021\/07\/0e580795c9133789724a9b6e272658aa-636x358.jpg\" alt=\"\" width=\"636\" height=\"358\" srcset=\"https:\/\/diarioelpopular.com\/wp-content\/uploads\/2021\/07\/0e580795c9133789724a9b6e272658aa-636x358.jpg 636w, https:\/\/diarioelpopular.com\/wp-content\/uploads\/2021\/07\/0e580795c9133789724a9b6e272658aa-300x169.jpg 300w, https:\/\/diarioelpopular.com\/wp-content\/uploads\/2021\/07\/0e580795c9133789724a9b6e272658aa-768x432.jpg 768w, https:\/\/diarioelpopular.com\/wp-content\/uploads\/2021\/07\/0e580795c9133789724a9b6e272658aa-130x73.jpg 130w, https:\/\/diarioelpopular.com\/wp-content\/uploads\/2021\/07\/0e580795c9133789724a9b6e272658aa.jpg 945w\" sizes=\"auto, (max-width: 636px) 100vw, 636px\" \/><\/h4>\n<p><em>Con dos d\u00edas de retraso arranc\u00f3 Constituyente en Chile (foto: Ansa)<\/em><\/p>\n<h4><em><strong>&#8220;Con algunas bases medianamente establecidas, dijo Elisa Lonc\u00f3n<\/strong><\/em><\/h4>\n<p><em><strong>SANTIAGO DE CHILE, 08 JUL &#8211;<\/strong><\/em> Con dos d\u00edas de retraso arranc\u00f3 la primera sesi\u00f3n de la Convenci\u00f3n Constituyente de Chile, luego de los problemas t\u00e9cnicos que hicieron imposible su funcionamiento el lunes y el martes.<br \/>\nRepresentantes de la sociedad civil, en especial de la Universidad de Chile que puso a disposici\u00f3n toda su capacidad logistica, para evitar la incertidumbre y la desconfianza en el gobierno que deb\u00eda disponer de todos los elementos, como salas, c\u00e1maras, micr\u00f3fonos, adem\u00e1s de cumplir los protocolos sanitarios.<br \/>\nLa presidenta de la Convenci\u00f3n Constitucional, Elisa Lonc\u00f3n, parti\u00f3 saludando en todas las lenguas de los 10 pueblos ind\u00edgenas representados gracias a los esca\u00f1os reservados, y posteriormente, se dirigi\u00f3 a sus pares en espa\u00f1ol.<br \/>\n&#8220;Buenos d\u00edas estimados y estimadas constituyentes, damos inicio a esta sesi\u00f3n, que es nuestra primera sesi\u00f3n con algunas bases medianamente establecidas&#8221;, remarc\u00f3 la representante mapuche, disipando la tensi\u00f3n de las horas previas.<br \/>\n&#8220;Voy a dar inicio formalmente a lo que corresponde, que en primer lugar, es ofrecer la palabra al se\u00f1or secretario (provisional), John Smok, para que informe de la comunicaci\u00f3n que ha llegado a nuestra Convenci\u00f3n&#8221;, a\u00f1adi\u00f3 la liderasa.<br \/>\nPreviamente, Lonc\u00f3n hab\u00eda se\u00f1alado que a\u00fan no estaba claro c\u00f3mo se ordenar\u00edan para pedir la palabra, todo mientras los convencionales tomaban sus asientos correspondientes en el Sal\u00f3n de Honor.<br \/>\nEnseguida, el vicepresidente de la instancia, Jaime Bassa, asegur\u00f3 que &#8220;gracias al trabajo desinteresado de las y los funcionarios de la Universidad de Chile, de nuestros constituyentes, y de integrantes del Colegio M\u00e9dico, es que podemos estar hoy aqu\u00ed&#8221;.<br \/>\n&#8220;Ese trabajo no exist\u00eda y lo hemos levantado pr\u00e1cticamente en 24 horas, y eso es m\u00e9rito de la presidenta (Lonc\u00f3n) y de los trabajadores y trabajadoras de carrera del Estado (&#8230;) que se han puesto a servicio de la Constituyente&#8221;, destac\u00f3 el acad\u00e9mico y abogado constitucionalista que sacaron aplausos en el pleno.<br \/>\n&#8220;Esto nos ha permitido tener secretario provisional, secretario t\u00e9cnico, l\u00e1piz, papel, escritorios, computadores. Ha sido una largo labor\u2026y estamos cansados&#8221;, reconoci\u00f3.<br \/>\n&#8220;Estamos aqu\u00ed por esa red de contenci\u00f3n que evito la ca\u00edda libre de la Convenci\u00f3n&#8221;, subray\u00f3 Bassa.<br \/>\nEl primer tema de la tabla es ampliar los cargos de la mesa a siete -lo que varios convencionales consideran un exceso-, nombrar tres comisiones: de reglamento, \u00e9tica y expertos y expertas de administraci\u00f3n financiera.<br \/>\nBassa detall\u00f3 que la Mesa acord\u00f3 reclamar al Ejecutivo el Gobierno del Presupuesto y la suspensi\u00f3n inmediata de todo proceso de licitaci\u00f3n. Cont\u00f3 que el Ministerio de la Presidencia les confirmo que se ampli\u00f3 el Presupuesto a 11,7 millones de d\u00f3lares, lo que no es m\u00e1s dinero, sino que funcionarios que se ponen al servicio de la Convenci\u00f3n, por ejemplo, de la Universidad de Chile.<br \/>\nSin embargo, la prioridad para los representantes de la Lista del Pueblo es que la eventual petici\u00f3n de amnist\u00eda a los llamados &#8220;presos de la revuelta&#8221; no se deje para ma\u00f1ana, como estar\u00eda estipulado.<br \/>\nAntes de que partiera la sesi\u00f3n de hoy, la constituyente Giovanna Grand\u00f3n asegur\u00f3 que &#8220;no vamos a dejar que pase m\u00e1s (tiempo), tiene que ser hoy d\u00eda, si hay que elegir solamente vicepresidentes&#8221;.<br \/>\n&#8220;Ayer lo dec\u00edamos: si tenemos que estar hasta las 12, 1, o 2 de la ma\u00f1ana, vamos a estar, pero tiene que salir hoy d\u00eda&#8221;, cerr\u00f3.<\/p>\n","protected":false},"excerpt":{"rendered":"<p>Con dos d\u00edas de retraso arranc\u00f3 Constituyente en Chile (foto: Ansa) &#8220;Con algunas bases medianamente establecidas, dijo Elisa Lonc\u00f3n SANTIAGO DE CHILE, 08 JUL &#8211;&hellip;<\/p>\n","protected":false},"author":99,"featured_media":498608,"comment_status":"open","ping_status":"open","sticky":false,"template":"","format":"standard","meta":{"footnotes":""},"categories":[23],"tags":[],"class_list":["post-498607","post","type-post","status-publish","format-standard","has-post-thumbnail","hentry","category-latinoamerica"],"_links":{"self":[{"href":"https:\/\/diarioelpopular.com\/index.php\/wp-json\/wp\/v2\/posts\/498607","targetHints":{"allow":["GET"]}}],"collection":[{"href":"https:\/\/diarioelpopular.com\/index.php\/wp-json\/wp\/v2\/posts"}],"about":[{"href":"https:\/\/diarioelpopular.com\/index.php\/wp-json\/wp\/v2\/types\/post"}],"author":[{"embeddable":true,"href":"https:\/\/diarioelpopular.com\/index.php\/wp-json\/wp\/v2\/users\/99"}],"replies":[{"embeddable":true,"href":"https:\/\/diarioelpopular.com\/index.php\/wp-json\/wp\/v2\/comments?post=498607"}],"version-history":[{"count":1,"href":"https:\/\/diarioelpopular.com\/index.php\/wp-json\/wp\/v2\/posts\/498607\/revisions"}],"predecessor-version":[{"id":498609,"href":"https:\/\/diarioelpopular.com\/index.php\/wp-json\/wp\/v2\/posts\/498607\/revisions\/498609"}],"wp:featuredmedia":[{"embeddable":true,"href":"https:\/\/diarioelpopular.com\/index.php\/wp-json\/wp\/v2\/media\/498608"}],"wp:attachment":[{"href":"https:\/\/diarioelpopular.com\/index.php\/wp-json\/wp\/v2\/media?parent=498607"}],"wp:term":[{"taxonomy":"category","embeddable":true,"href":"https:\/\/diarioelpopular.com\/index.php\/wp-json\/wp\/v2\/categories?post=498607"},{"taxonomy":"post_tag","embeddable":true,"href":"https:\/\/diarioelpopular.com\/index.php\/wp-json\/wp\/v2\/tags?post=498607"}],"curies":[{"name":"wp","href":"https:\/\/api.w.org\/{rel}","templated":true}]}}