{"id":498610,"date":"2021-07-08T12:22:38","date_gmt":"2021-07-08T16:22:38","guid":{"rendered":"https:\/\/diarioelpopular.com\/?p=498610"},"modified":"2021-07-08T12:22:38","modified_gmt":"2021-07-08T16:22:38","slug":"cuba-la-epidemia-de-mal-en-peor","status":"publish","type":"post","link":"https:\/\/diarioelpopular.com\/index.php\/2021\/07\/08\/cuba-la-epidemia-de-mal-en-peor\/","title":{"rendered":"Cuba, la epidemia de mal en peor"},"content":{"rendered":"<h4><img loading=\"lazy\" decoding=\"async\" class=\"alignnone size-custom-full-size wp-image-498611\" src=\"https:\/\/diarioelpopular.com\/wp-content\/uploads\/2021\/07\/503b68cad94c666b9c36b67e8882a477-636x457.jpg\" alt=\"\" width=\"636\" height=\"457\" srcset=\"https:\/\/diarioelpopular.com\/wp-content\/uploads\/2021\/07\/503b68cad94c666b9c36b67e8882a477-636x457.jpg 636w, https:\/\/diarioelpopular.com\/wp-content\/uploads\/2021\/07\/503b68cad94c666b9c36b67e8882a477-300x216.jpg 300w, https:\/\/diarioelpopular.com\/wp-content\/uploads\/2021\/07\/503b68cad94c666b9c36b67e8882a477-768x552.jpg 768w, https:\/\/diarioelpopular.com\/wp-content\/uploads\/2021\/07\/503b68cad94c666b9c36b67e8882a477-102x73.jpg 102w, https:\/\/diarioelpopular.com\/wp-content\/uploads\/2021\/07\/503b68cad94c666b9c36b67e8882a477.jpg 945w\" sizes=\"auto, (max-width: 636px) 100vw, 636px\" \/><\/h4>\n<p><em>Cuba, la epidemia de mal en peor (foto archivo)<\/em><\/p>\n<h4><em><strong>Este jueves se reportaron 26 muertes para un d\u00eda<\/strong><\/em><\/h4>\n<p><em><strong>LA HABANA, 08 JUL &#8211;<\/strong><\/em> Cuba pasa hoy por una nueva c\u00faspide de la epidemia de Covid-19, con un nuevo r\u00e9cord de 26 muertes en un solo d\u00eda, 21.091 infectados activos actualmente y 3.819 nuevos enfermos del d\u00eda seg\u00fan el ministerio de Salud P\u00fablica.<br \/>\nLa propagaci\u00f3n es la m\u00e1s alta registrada hasta ahora en la isla, encabezada por las provincias de Matanzas, con 1.327 nuevos enfermos, seguida por La Habana con 645, Mayabeque 156 y Pinar del R\u00edo 145, todas en el oeste.<br \/>\nLa situaci\u00f3n en Matanzas, a unos 100 kil\u00f3metros de la capital cubana, es tan complicada que el gobierno decidi\u00f3 modificar lo que llam\u00f3 como el &#8220;protocolo cubano de actuaci\u00f3n contra la Covid-19&#8221;.<br \/>\nEl nuevo protocolo &#8220;se ajusta a las necesidades del pa\u00eds en este momento de gran rebrote, como consecuencia de la alta transmisibilidad de variantes del coronavirus m\u00e1s infecciosas y transmisibles&#8221;.<br \/>\nTambi\u00e9n en el caso de esa provincia se decidi\u00f3 que una persona con diagn\u00f3stico confirmado &#8220;no permanezca en su casa ni un solo d\u00eda&#8221; y sea hospitalizado.<br \/>\n&#8220;Aquel caso sintom\u00e1tico que resulte positivo al test r\u00e1pido de ant\u00edgeno no requerir\u00e1 del resultado de un PCR para la confirmaci\u00f3n de la enfermedad&#8221; anunci\u00f3 una autoridad nacional.<br \/>\n&#8220;Se trasladar\u00e1 a un centro de aislamiento de confirmados&#8221;, agreg\u00f3.<br \/>\nEl director nacional de Epidemiolog\u00eda, Francisco Dur\u00e1n, expuso por televisi\u00f3n que se han abierto en ese territorio nuevos lugares &#8220;de aislamiento&#8221; y se aplican respuestas especiales sobre la epidemia.<br \/>\nLa transmisi\u00f3n del virus no obstante es muy alta en todo el territorio nacional, salvo en el municipio especial Isla de la Juventud, una peque\u00f1a isla frente a la costa sur de Cuba. En el este extremo oriental isle\u00f1o, Santiago de Cuba, se reportaron 387 nuevos enfermos detectados en las \u00faltimas horas.<br \/>\n&#8220;Lamentamos mucho los fallecimientos de personas j\u00f3venes, de edades altas y en especial de un beb\u00e9 de solo dos meses de edad&#8221;, coment\u00f3 sobre la situaci\u00f3n nacional Dur\u00e1n en su espacio diario que analiza la incidencia de la Covid-19.<br \/>\n&#8220;No se logra a\u00fan una reducci\u00f3n de la epidemia en el pa\u00eds, pero lo vamos a lograr&#8221;, agreg\u00f3.<br \/>\nEl informe de hoy incluy\u00f3 otros detalles, como los 29 turistas rusos en Cuba incluidos entre los casos importados. Los turistas de ese pa\u00eds europeo se hospedan generalmente en Varadero, una playa a unos 30 kil\u00f3metros de Matanzas.<br \/>\nEl pa\u00eds, de m\u00e1s de 11 millones de habitantes, tiene hoy 167 cuarentenas en todo su territorio.<br \/>\nDesde que se inici\u00f3 la pandemia Cuba report\u00f3 218.376 contagios con 1431 fallecimientos.<br \/>\nEl a\u00f1o actual ha sido el m\u00e1s duro del pa\u00eds en cuanto al coronavirus. Todos sus meses constataron alzas del n\u00famero de enfermos con relaci\u00f3n al anterior.<br \/>\nEn julio son 24.451 los contagiados en su primera semana, con 129 muertos. Dur\u00e1n defendi\u00f3 una mayor &#8220;limitaci\u00f3n de movimientos&#8221; de la poblaci\u00f3n como ant\u00eddoto principal contra la epidemia en toda la naci\u00f3n. Ya existen confinamientos totales en lapsos de noche y madrugada y prohibiciones de movilidad del transporte en diversas localidades y en especial en La Habana, la mayor ciudad del pa\u00eds.<\/p>\n","protected":false},"excerpt":{"rendered":"<p>Cuba, la epidemia de mal en peor (foto archivo) Este jueves se reportaron 26 muertes para un d\u00eda LA HABANA, 08 JUL &#8211; Cuba pasa&hellip;<\/p>\n","protected":false},"author":99,"featured_media":498611,"comment_status":"open","ping_status":"open","sticky":false,"template":"","format":"standard","meta":{"footnotes":""},"categories":[23],"tags":[],"class_list":["post-498610","post","type-post","status-publish","format-standard","has-post-thumbnail","hentry","category-latinoamerica"],"_links":{"self":[{"href":"https:\/\/diarioelpopular.com\/index.php\/wp-json\/wp\/v2\/posts\/498610","targetHints":{"allow":["GET"]}}],"collection":[{"href":"https:\/\/diarioelpopular.com\/index.php\/wp-json\/wp\/v2\/posts"}],"about":[{"href":"https:\/\/diarioelpopular.com\/index.php\/wp-json\/wp\/v2\/types\/post"}],"author":[{"embeddable":true,"href":"https:\/\/diarioelpopular.com\/index.php\/wp-json\/wp\/v2\/users\/99"}],"replies":[{"embeddable":true,"href":"https:\/\/diarioelpopular.com\/index.php\/wp-json\/wp\/v2\/comments?post=498610"}],"version-history":[{"count":1,"href":"https:\/\/diarioelpopular.com\/index.php\/wp-json\/wp\/v2\/posts\/498610\/revisions"}],"predecessor-version":[{"id":498612,"href":"https:\/\/diarioelpopular.com\/index.php\/wp-json\/wp\/v2\/posts\/498610\/revisions\/498612"}],"wp:featuredmedia":[{"embeddable":true,"href":"https:\/\/diarioelpopular.com\/index.php\/wp-json\/wp\/v2\/media\/498611"}],"wp:attachment":[{"href":"https:\/\/diarioelpopular.com\/index.php\/wp-json\/wp\/v2\/media?parent=498610"}],"wp:term":[{"taxonomy":"category","embeddable":true,"href":"https:\/\/diarioelpopular.com\/index.php\/wp-json\/wp\/v2\/categories?post=498610"},{"taxonomy":"post_tag","embeddable":true,"href":"https:\/\/diarioelpopular.com\/index.php\/wp-json\/wp\/v2\/tags?post=498610"}],"curies":[{"name":"wp","href":"https:\/\/api.w.org\/{rel}","templated":true}]}}