{"id":498627,"date":"2021-07-10T13:18:41","date_gmt":"2021-07-10T17:18:41","guid":{"rendered":"https:\/\/diarioelpopular.com\/?p=498627"},"modified":"2021-07-10T13:18:41","modified_gmt":"2021-07-10T17:18:41","slug":"el-rompecabezas-del-magnicidio-cobra-forma","status":"publish","type":"post","link":"https:\/\/diarioelpopular.com\/index.php\/2021\/07\/10\/el-rompecabezas-del-magnicidio-cobra-forma\/","title":{"rendered":"El rompecabezas del magnicidio cobra forma"},"content":{"rendered":"<h4><\/h4>\n<p>&nbsp;<\/p>\n<p>&nbsp;<\/p>\n<div id=\"attachment_498629\" style=\"width: 646px\" class=\"wp-caption alignnone\"><img loading=\"lazy\" decoding=\"async\" aria-describedby=\"caption-attachment-498629\" class=\"size-custom-full-size wp-image-498629\" src=\"https:\/\/diarioelpopular.com\/wp-content\/uploads\/2021\/07\/0379b9a3556536b0d23c164b50d1d1c-1-636x423.jpg\" alt=\"\" width=\"636\" height=\"423\" srcset=\"https:\/\/diarioelpopular.com\/wp-content\/uploads\/2021\/07\/0379b9a3556536b0d23c164b50d1d1c-1-636x423.jpg 636w, https:\/\/diarioelpopular.com\/wp-content\/uploads\/2021\/07\/0379b9a3556536b0d23c164b50d1d1c-1-300x200.jpg 300w, https:\/\/diarioelpopular.com\/wp-content\/uploads\/2021\/07\/0379b9a3556536b0d23c164b50d1d1c-1-768x511.jpg 768w, https:\/\/diarioelpopular.com\/wp-content\/uploads\/2021\/07\/0379b9a3556536b0d23c164b50d1d1c-1-110x73.jpg 110w, https:\/\/diarioelpopular.com\/wp-content\/uploads\/2021\/07\/0379b9a3556536b0d23c164b50d1d1c-1.jpg 945w\" sizes=\"auto, (max-width: 636px) 100vw, 636px\" \/><p id=\"caption-attachment-498629\" class=\"wp-caption-text\"><em>Rauda y decidida operaci\u00f3n de la polic\u00eda nacional de Hait\u00ed empieza a mostrar claves del asesinato del presidente (foto: ANSA)<\/em><\/p><\/div>\n<h4><em><strong>Se revelan nombres y viajes de ex militares colombianos<\/strong><\/em><\/h4>\n<p><em><strong>BOGOTA 10 JUL<\/strong> <\/em>&#8211; Como un asunto de &#8220;actividades mercenarias&#8221;, tild\u00f3 el general Luis Fernando Navarro, comandante de las fuerzas militares de Colombia, la presencia de un grupo de ex militares de su pa\u00eds en Hait\u00ed, se\u00f1alados de participar en el asesinato del presidente de esa naci\u00f3n, Jovenel Moise.<br \/>\n&#8220;Este es un tema propio de actividades mercenarias; est\u00e1n alrededor de temas netamente econ\u00f3micos, presumimos nosotros y es lo que hemos podido verificar hasta el momento&#8221;, asegur\u00f3 el oficial, en conferencia de prensa en la sede de Interpol en Bogot\u00e1.<br \/>\nEn total ser\u00edan 15 los ex militares colombianos arrestados en Hait\u00ed vinculados con el magnicidio, adem\u00e1s de otros dos que murieron a manos de autoridades de esa naci\u00f3n antillana.<br \/>\nLos ex militares habr\u00edan sido reclutados por empresas locales dedicadas a surtir el mercado internacional de mercenarios.<br \/>\nSeg\u00fan el general Jorge Luis Vargas, director de la Polic\u00eda, las autoridades investigan a cuatro empresas, cuyos nombres no se divulgaron, que estar\u00edan detr\u00e1s del viaje de los ex militares, primero a Rep\u00fablica Dominicana y luego a Puerto Pr\u00edncipe.<br \/>\nSe trata de &#8220;cuatro empresas donde se har\u00eda el reclutamiento, la agrupaci\u00f3n de estas personas para producir los viajes y esto hace parte precisamente del esclarecimiento&#8221;, precis\u00f3 Vargas.<br \/>\nPara el general Navarro el tema de los mercenarios colombianos en el extranjero es un asunto &#8220;que ha venido de tiempo atr\u00e1s&#8221; y record\u00f3 que no existe ninguna norma local que &#8220;impida&#8221; que hombres que estuvieron en las fuerzas militares y recibieron entrenamiento antiguerrillero sean &#8220;reclutados&#8221;.<br \/>\nEl director de la polic\u00eda present\u00f3 los itinerarios de viaje de al menos 11 de los ex militares arrestados y de los dos que murieron.<br \/>\nSeg\u00fan su explicaci\u00f3n, inicialmente partieron dos de ellos el 6 de mayo en la ruta que de Bogot\u00e1 hace escala en Ciudad de Panam\u00e1 y concluye en Santo Domingo; cuatro d\u00edas despu\u00e9s pasaron a Puerto Pr\u00edncipe.<br \/>\nLos dem\u00e1s colombianos, que presuntamente estar\u00edan involucrados en el crimen de Moise, partieron el 4 de junio desde Bogot\u00e1 rumbo a Punta Cana, dos d\u00edas despu\u00e9s ingresaron a Hait\u00ed por el paso fronterizo de Carrizal.<br \/>\nVargas explic\u00f3 que han recibido dos pedidos por parte de Interpol en Puerto Pr\u00edncipe para obtener informaci\u00f3n de los ex militares colombianos y de personas de otras nacionalidades que har\u00edan parte del grupo de sospechosos del homicidio.<br \/>\nSin embargo, el oficial neg\u00f3 informar, por asuntos protocolarios y de la investigaci\u00f3n, la nacionalidad de los supuestos extranjeros que tambi\u00e9n estar\u00edan involucrados en el crimen.<br \/>\nEl general solo entreg\u00f3 los nombres y rangos que tuvieron en el Ej\u00e9rcito los colombianos detenidos y muertos.<br \/>\nPara ayudar en el esclarecimiento de lo ocurrido, el presidente, Iv\u00e1n Duque, orden\u00f3 hoy a los directores de la Direcci\u00f3n Nacional de Inteligencia (DNI) y de la Inteligencia de la Polic\u00eda viajar a Hait\u00ed para &#8220;brindar todo el respaldo&#8221; y &#8220;unirse al esfuerzo de las autoridades de la naci\u00f3n hermana&#8221;, en el prop\u00f3sito de saber c\u00f3mo y por qu\u00e9 se perpetr\u00f3 el crimen.<br \/>\nEl diario El Tiempo de Bogot\u00e1 asegur\u00f3 que un &#8220;informante&#8221; les habr\u00eda dado nuevas pistas sobre el magnicidio que desvincular\u00eda a los ex militares colombianos, versi\u00f3n que coincidir\u00eda con los dichos del senador haitiano de oposici\u00f3n Steven Benoit a una radio de su pa\u00eds, seg\u00fan la cual el crimen fue cometido por los propios &#8220;agentes de seguridad&#8221; del presidente Moise.<br \/>\nDe acuerdo a la versi\u00f3n del rotativo, los ex militares colombianos llegaron una hora y media despe\u00f1es de ocurrido el crimen y se encargaron de transportar a la primera dama a un centro hospitalario y luego le brindaron protecci\u00f3n a la hija del jefe de Estado asesinado.<br \/>\n&#8220;De ser cierta esta versi\u00f3n, no habr\u00edan participado ni en la tortura ni el crimen del presidente de Hait\u00ed&#8221;, dijo El Tiempo en su versi\u00f3n online, en la que precis\u00f3 que la raz\u00f3n de a presencia de los ex militares colombianos en ese pa\u00eds estar\u00eda relacionada con protecci\u00f3n particular en zonas exclusivas de la capital.<br \/>\nEl general Navarro reiter\u00f3 que tanto las fuerzas militares como el gobierno de Colombia rechazaban el crimen y pon\u00edan a disposici\u00f3n de Hait\u00ed todas sus &#8220;capacidades de inteligencia y contra inteligencia&#8221; para &#8220;aportar la informaci\u00f3n&#8221; que permita esclarecer el magnicidio.<br \/>\nTanto el oficial como el general Vargas insistieron en que los colombianos arrestados en Puerto Pr\u00edncipe ya no eran militares, puesto que abandonaron el Ej\u00e9rcito entre 2018 y 2020, y eran ahora simples &#8220;civiles&#8221;.<\/p>\n","protected":false},"excerpt":{"rendered":"<p>&nbsp; &nbsp; Se revelan nombres y viajes de ex militares colombianos BOGOTA 10 JUL &#8211; Como un asunto de &#8220;actividades mercenarias&#8221;, tild\u00f3 el general Luis&hellip;<\/p>\n","protected":false},"author":99,"featured_media":498629,"comment_status":"open","ping_status":"open","sticky":false,"template":"","format":"standard","meta":{"footnotes":""},"categories":[23],"tags":[],"class_list":["post-498627","post","type-post","status-publish","format-standard","has-post-thumbnail","hentry","category-latinoamerica"],"_links":{"self":[{"href":"https:\/\/diarioelpopular.com\/index.php\/wp-json\/wp\/v2\/posts\/498627","targetHints":{"allow":["GET"]}}],"collection":[{"href":"https:\/\/diarioelpopular.com\/index.php\/wp-json\/wp\/v2\/posts"}],"about":[{"href":"https:\/\/diarioelpopular.com\/index.php\/wp-json\/wp\/v2\/types\/post"}],"author":[{"embeddable":true,"href":"https:\/\/diarioelpopular.com\/index.php\/wp-json\/wp\/v2\/users\/99"}],"replies":[{"embeddable":true,"href":"https:\/\/diarioelpopular.com\/index.php\/wp-json\/wp\/v2\/comments?post=498627"}],"version-history":[{"count":1,"href":"https:\/\/diarioelpopular.com\/index.php\/wp-json\/wp\/v2\/posts\/498627\/revisions"}],"predecessor-version":[{"id":498630,"href":"https:\/\/diarioelpopular.com\/index.php\/wp-json\/wp\/v2\/posts\/498627\/revisions\/498630"}],"wp:featuredmedia":[{"embeddable":true,"href":"https:\/\/diarioelpopular.com\/index.php\/wp-json\/wp\/v2\/media\/498629"}],"wp:attachment":[{"href":"https:\/\/diarioelpopular.com\/index.php\/wp-json\/wp\/v2\/media?parent=498627"}],"wp:term":[{"taxonomy":"category","embeddable":true,"href":"https:\/\/diarioelpopular.com\/index.php\/wp-json\/wp\/v2\/categories?post=498627"},{"taxonomy":"post_tag","embeddable":true,"href":"https:\/\/diarioelpopular.com\/index.php\/wp-json\/wp\/v2\/tags?post=498627"}],"curies":[{"name":"wp","href":"https:\/\/api.w.org\/{rel}","templated":true}]}}