{"id":498635,"date":"2021-07-11T10:16:04","date_gmt":"2021-07-11T14:16:04","guid":{"rendered":"https:\/\/diarioelpopular.com\/?p=498635"},"modified":"2021-07-11T10:16:04","modified_gmt":"2021-07-11T14:16:04","slug":"argentina-y-los-lazos-con-la-represion","status":"publish","type":"post","link":"https:\/\/diarioelpopular.com\/index.php\/2021\/07\/11\/argentina-y-los-lazos-con-la-represion\/","title":{"rendered":"Argentina y los lazos con la represi\u00f3n"},"content":{"rendered":"<h4><\/h4>\n<div id=\"attachment_498637\" style=\"width: 646px\" class=\"wp-caption alignnone\"><img loading=\"lazy\" decoding=\"async\" aria-describedby=\"caption-attachment-498637\" class=\"size-custom-full-size wp-image-498637\" src=\"https:\/\/diarioelpopular.com\/wp-content\/uploads\/2021\/07\/f8313d1c06aa8ccf73bf5cd71104c4dc-636x462.jpg\" alt=\"\" width=\"636\" height=\"462\" srcset=\"https:\/\/diarioelpopular.com\/wp-content\/uploads\/2021\/07\/f8313d1c06aa8ccf73bf5cd71104c4dc-636x462.jpg 636w, https:\/\/diarioelpopular.com\/wp-content\/uploads\/2021\/07\/f8313d1c06aa8ccf73bf5cd71104c4dc-300x218.jpg 300w, https:\/\/diarioelpopular.com\/wp-content\/uploads\/2021\/07\/f8313d1c06aa8ccf73bf5cd71104c4dc-768x558.jpg 768w, https:\/\/diarioelpopular.com\/wp-content\/uploads\/2021\/07\/f8313d1c06aa8ccf73bf5cd71104c4dc-100x73.jpg 100w, https:\/\/diarioelpopular.com\/wp-content\/uploads\/2021\/07\/f8313d1c06aa8ccf73bf5cd71104c4dc.jpg 945w\" sizes=\"auto, (max-width: 636px) 100vw, 636px\" \/><p id=\"caption-attachment-498637\" class=\"wp-caption-text\"><em>Represi\u00f3n de las fuerzas de seguridad bolivianas en noviembre de 2019 en La Paz. (foto: ANSA)<\/em><\/p><\/div>\n<h4><em><strong>Reporte oficial publicado por la prensa complica al expresidente Mauricio Macri<\/strong><\/em><\/h4>\n<p><em><strong>BUENOS AIRES 11 JUL &#8211;<\/strong><\/em> Un detalle del armamento que Argentina envi\u00f3 a Bolivia en noviembre de 2019, cuando fue derrumbado el gobierno de Evo Morales, publicado por la prensa en Buenos Aires, complica a la administraci\u00f3n del expresidente Mauricio Macri.<br \/>\nEl canal de televisi\u00f3n C5N dijo que accedi\u00f3 a documentaci\u00f3n oficial y detall\u00f3 el env\u00edo de &#8220;pistolas semi autom\u00e1ticas, fusiles, escopetas a repetici\u00f3n, ametralladoras, 8.000 municiones, 70 mil cartuchos antidisturbios, visores nocturnos y escudos, espray lacrim\u00f3geno en 661 granadas&#8221;.<br \/>\nEl listado del material surge de un an\u00e1lisis de la Gendarmer\u00eda ordenado por el gobierno de Alberto Fern\u00e1ndez, a ra\u00edz de la denuncia del canciller de Bolivia, Rogelio Mayta.<br \/>\nSeg\u00fan C5N, parece demasiado material para proteger a la embajada argentina en La Paz, como se\u00f1alaron exfuncionarios de la administraci\u00f3n de Macri para justificarlo.<br \/>\nUn informe que circula en el ministerio de Seguridad argentino en estas horas complica la posible situaci\u00f3n legal de la entonces ministra de Seguridad, Patricia Bullrich.<br \/>\nEn ese reporte, al que accedi\u00f3 el peri\u00f3dico P\u00e1gina 12, se muestra que la misi\u00f3n de &#8220;brindar seguridad y protecci\u00f3n al embajador y el personal de la embajada argentina en Bolivia&#8221; no circunscrib\u00eda de manera estricta a ese objetivo.<br \/>\nD\u00edas atr\u00e1s, el canciller Mayta dio a conocer una carta enviada por el jefe de la Fuerza A\u00e9rea de Bolivia -al momento de la ca\u00edda del gobierno de Morales-, Jorge Gonzalo Terceros Lara, a Normando Alvarez Garc\u00eda, embajador argentino en La Paz durante el gobierno de Macri y actual ministro de Trabajo en Jujuy (provincia argentina, NDR) para agradecer el env\u00edo.<br \/>\n&#8220;Resaltamos que la Argentina de Macri les dio a las fuerzas militares, que reprimieron la protesta social en noviembre de 2019, munici\u00f3n letal&#8221;, explic\u00f3 el canciller de Bolivia durante una conferencia de prensa.<br \/>\nLas fuerzas de seguridad bolivianas, bajo \u00f3rdenes de la presidenta interina Jeanine A\u00f1ez, reprimieron con dureza entonces manifestaciones en favor de Evo Morales, causando numerosos muertos y centenares de heridos.<br \/>\nMacri (derecha) fue uno de los primeros mandatarios que reconocieron al gobierno de A\u00f1ez como leg\u00edtimo, luego de que Morales debi\u00f3 salir del pa\u00eds ante la agitaci\u00f3n de fuerzas militares, policiales y agitaci\u00f3n en las calles.<br \/>\nEn contraposici\u00f3n, cuando asumi\u00f3 Fern\u00e1ndez (centro izquierda), Argentina dio asilo pol\u00edtico a Morales.<\/p>\n","protected":false},"excerpt":{"rendered":"<p>Reporte oficial publicado por la prensa complica al expresidente Mauricio Macri BUENOS AIRES 11 JUL &#8211; Un detalle del armamento que Argentina envi\u00f3 a Bolivia&hellip;<\/p>\n","protected":false},"author":99,"featured_media":498637,"comment_status":"open","ping_status":"open","sticky":false,"template":"","format":"standard","meta":{"footnotes":""},"categories":[23],"tags":[],"class_list":["post-498635","post","type-post","status-publish","format-standard","has-post-thumbnail","hentry","category-latinoamerica"],"_links":{"self":[{"href":"https:\/\/diarioelpopular.com\/index.php\/wp-json\/wp\/v2\/posts\/498635","targetHints":{"allow":["GET"]}}],"collection":[{"href":"https:\/\/diarioelpopular.com\/index.php\/wp-json\/wp\/v2\/posts"}],"about":[{"href":"https:\/\/diarioelpopular.com\/index.php\/wp-json\/wp\/v2\/types\/post"}],"author":[{"embeddable":true,"href":"https:\/\/diarioelpopular.com\/index.php\/wp-json\/wp\/v2\/users\/99"}],"replies":[{"embeddable":true,"href":"https:\/\/diarioelpopular.com\/index.php\/wp-json\/wp\/v2\/comments?post=498635"}],"version-history":[{"count":1,"href":"https:\/\/diarioelpopular.com\/index.php\/wp-json\/wp\/v2\/posts\/498635\/revisions"}],"predecessor-version":[{"id":498638,"href":"https:\/\/diarioelpopular.com\/index.php\/wp-json\/wp\/v2\/posts\/498635\/revisions\/498638"}],"wp:featuredmedia":[{"embeddable":true,"href":"https:\/\/diarioelpopular.com\/index.php\/wp-json\/wp\/v2\/media\/498637"}],"wp:attachment":[{"href":"https:\/\/diarioelpopular.com\/index.php\/wp-json\/wp\/v2\/media?parent=498635"}],"wp:term":[{"taxonomy":"category","embeddable":true,"href":"https:\/\/diarioelpopular.com\/index.php\/wp-json\/wp\/v2\/categories?post=498635"},{"taxonomy":"post_tag","embeddable":true,"href":"https:\/\/diarioelpopular.com\/index.php\/wp-json\/wp\/v2\/tags?post=498635"}],"curies":[{"name":"wp","href":"https:\/\/api.w.org\/{rel}","templated":true}]}}