{"id":498648,"date":"2021-07-12T11:46:41","date_gmt":"2021-07-12T15:46:41","guid":{"rendered":"https:\/\/diarioelpopular.com\/?p=498648"},"modified":"2021-07-12T11:46:41","modified_gmt":"2021-07-12T15:46:41","slug":"mexico-de-sequia-a-lluvias-historicas","status":"publish","type":"post","link":"https:\/\/diarioelpopular.com\/index.php\/2021\/07\/12\/mexico-de-sequia-a-lluvias-historicas\/","title":{"rendered":"M\u00e9xico, de sequ\u00eda a lluvias hist\u00f3ricas"},"content":{"rendered":"<h4><img loading=\"lazy\" decoding=\"async\" class=\"alignnone size-custom-full-size wp-image-498649\" src=\"https:\/\/diarioelpopular.com\/wp-content\/uploads\/2021\/07\/3d10b525c983a4a1c9f44c896bfbc13f-636x423.jpg\" alt=\"\" width=\"636\" height=\"423\" srcset=\"https:\/\/diarioelpopular.com\/wp-content\/uploads\/2021\/07\/3d10b525c983a4a1c9f44c896bfbc13f-636x423.jpg 636w, https:\/\/diarioelpopular.com\/wp-content\/uploads\/2021\/07\/3d10b525c983a4a1c9f44c896bfbc13f-300x200.jpg 300w, https:\/\/diarioelpopular.com\/wp-content\/uploads\/2021\/07\/3d10b525c983a4a1c9f44c896bfbc13f-768x511.jpg 768w, https:\/\/diarioelpopular.com\/wp-content\/uploads\/2021\/07\/3d10b525c983a4a1c9f44c896bfbc13f-110x73.jpg 110w, https:\/\/diarioelpopular.com\/wp-content\/uploads\/2021\/07\/3d10b525c983a4a1c9f44c896bfbc13f.jpg 945w\" sizes=\"auto, (max-width: 636px) 100vw, 636px\" \/><\/h4>\n<p><em>Disminuye el estr\u00e9s h\u00eddrico en M\u00e9xico, gracias a la bendici\u00f3n de las lluvias<\/em><\/p>\n<h4><em><strong>Poco a poco, las zonas con estr\u00e9s h\u00eddrico disminuyen en el pa\u00eds<\/strong><\/em><\/h4>\n<p><em><strong>CIUDAD DE MEXICO, 12 JUL &#8211;<\/strong> <\/em>La sequ\u00eda extrema que M\u00e9xico enfrentaba hasta hace unas pocas semanas est\u00e1 cediendo r\u00e1pidamente gracias un fen\u00f3meno de lluvias hist\u00f3ricas que, aunque han provocado algunas inundaciones aisladas, ha permitido reducir las zonas sometidas al denominado &#8220;estr\u00e9s h\u00eddrico&#8221;.<br \/>\nSeg\u00fan el informe m\u00e1s reciente del Monitor de Sequ\u00eda en M\u00e9xico, con fecha del 30 de junio, se redujo de 56,2% la porci\u00f3n del territorio nacional con insuficiencia de humedad en 20 puntos en los 15 d\u00edas precedentes, mientras que la superficie con &#8220;sequ\u00eda extrema y excepcional&#8221; se encogi\u00f3 a la mitad (de 21,3 a 10,8%).<br \/>\nA partir de la segunda mitad de junio, se registraron lluvias &#8220;por arriba de lo normal en gran parte del pa\u00eds&#8221; asociadas a la presencia de la tormenta tropical &#8220;Dolores&#8221; y el hurac\u00e1n Enrique, en las costas del Pac\u00edfica y la tormenta &#8220;Claudette&#8221; en el Golfo de M\u00e9xico, entre otros factores.<br \/>\nEn t\u00e9rminos generales, la lluvia acumulada en el primer semestre super\u00f3 el promedio hist\u00f3rico, lo que es motivo de gran alegr\u00eda para vastas zonas de M\u00e9xico castigadas por la falta de precipitaciones, sobre todo en las regiones agr\u00edcolas.<br \/>\nDel 1 al 4 de julio, cayeron 259,5 mil\u00edmetros, contra 237,9 en el per\u00edodo entre 1981 y 2010 en promedio.<br \/>\nEl pasado fue el quinto mes de junio con m\u00e1s lluvia desde 1941, y el panorama actual de almacenamiento de agua es diametralmente opuesto al que imperaba en los primeros 5 meses del a\u00f1o.<br \/>\nPor ejemplo, 11 de los principales embalses se hallan al 100% de su capacidad, mientras otras 26 registran niveles del 75 al total.<br \/>\nLas represas importantes donde se encuentran los aumentos m\u00e1s notables en la \u00faltima semana son Infiernillo (estado sure\u00f1o de Michoac\u00e1n), Huites (Sinaloa, norte), La Angostura (Chiapas, sureste), Benito Ju\u00e1rez (Oaxaca, sureste), Chilat\u00e1n (Jalisco, occidente) y La Boquilla (Chihuahua, norte). S\u00f3lo en las regiones de Sinaloa (norte), el llamado &#8220;granero del pa\u00eds&#8221; y la Costa Chica, en el estado meridional de Guerrero, los almacenamientos son menores a la mitad.<br \/>\nEl sistema hidrol\u00f3gico Cutzamala, ubicado a unos 100 kil\u00f3metros al occidente de la Ciudad de M\u00e9xico, a la que aporta un tercio de su consumo total, incluida la zona perif\u00e9rica, figura entre las que todav\u00eda no se recuperan de su ca\u00edda dr\u00e1stica de este a\u00f1o.<br \/>\nGracias a las abundantes lluvias de los \u00faltimos d\u00edas, el almacenamiento en este sistema de diques aument\u00f3 a 37,7%, pero a\u00fan se encuentra por debajo del hist\u00f3rico nacional, en medio de un ritmo de recuperaci\u00f3n &#8220;muy lento&#8221;, de acuerdo con la Comisi\u00f3n Nacional del Agua.<br \/>\nEl Director General del Organismo de Cuenca Aguas del Valle de M\u00e9xico de la Conagua, un ente que pertenece al ministerio de Agricultura, V\u00edctor Bourguett, se\u00f1al\u00f3 que &#8220;existe la confianza de que las pr\u00f3ximas lluvias mejoren&#8221; las condiciones del complejo de represas, que incluye el Bosque, Villa Victoria y Valle de Bravo.<br \/>\nDe acuerdo con el Servicio Meteorol\u00f3gico Nacional (SMN) de Conagua, del 1 de enero al 27 de junio, se registr\u00f3 4,1% m\u00e1s lluvia que la habitual para este per\u00edodo, en contraste con el de los 9 meses anteriores, donde hubo un d\u00e9ficit de 0,3%, respecto al promedio hist\u00f3rico.<br \/>\nLas lluvias torrenciales en buena parte de M\u00e9xico, que coinciden con el inicio del verano (boreal) tienen su lado negativo como ocurri\u00f3 en d\u00edas pasados en la periferia norte de la capital, al registrarse inundaciones severas en el municipio de Atizap\u00e1n, donde un hospital p\u00fablico tuvo que trasladar a 67 pacientes.<br \/>\nEl Hospital General &#8220;Dr. Salvador Gonz\u00e1lez Herrej\u00f3n&#8221; fue afectado por un colapso del drenaje pluvial que inund\u00f3 las salas de la planta baja.<br \/>\nLa Secretar\u00eda de Salud del Estado de M\u00e9xico inform\u00f3 que en ambulancias se llevaron a cabo los traslados, los cuales se realizaron con apoyo del personal m\u00e9dico, pero sin afectar mayormente a los pacientes.<br \/>\nEl hospital sufri\u00f3 adem\u00e1s cortes en el suministro de agua potable y en el flujo de la electricidad y el martes tuvo que realizar intensivas labores de limpieza y desinfecci\u00f3n de \u00e1reas contaminadas, a fin de evitar la propagaci\u00f3n de infecciones intrahospitalarias.<br \/>\nEn las cercan\u00edas, el palacio municipal tambi\u00e9n result\u00f3 inundado as\u00ed como decenas de viviendas que estropearon mobiliario en una zona conocida como Calacoaya.<\/p>\n","protected":false},"excerpt":{"rendered":"<p>Disminuye el estr\u00e9s h\u00eddrico en M\u00e9xico, gracias a la bendici\u00f3n de las lluvias Poco a poco, las zonas con estr\u00e9s h\u00eddrico disminuyen en el pa\u00eds&hellip;<\/p>\n","protected":false},"author":99,"featured_media":498649,"comment_status":"open","ping_status":"open","sticky":false,"template":"","format":"standard","meta":{"footnotes":""},"categories":[23],"tags":[],"class_list":["post-498648","post","type-post","status-publish","format-standard","has-post-thumbnail","hentry","category-latinoamerica"],"_links":{"self":[{"href":"https:\/\/diarioelpopular.com\/index.php\/wp-json\/wp\/v2\/posts\/498648","targetHints":{"allow":["GET"]}}],"collection":[{"href":"https:\/\/diarioelpopular.com\/index.php\/wp-json\/wp\/v2\/posts"}],"about":[{"href":"https:\/\/diarioelpopular.com\/index.php\/wp-json\/wp\/v2\/types\/post"}],"author":[{"embeddable":true,"href":"https:\/\/diarioelpopular.com\/index.php\/wp-json\/wp\/v2\/users\/99"}],"replies":[{"embeddable":true,"href":"https:\/\/diarioelpopular.com\/index.php\/wp-json\/wp\/v2\/comments?post=498648"}],"version-history":[{"count":1,"href":"https:\/\/diarioelpopular.com\/index.php\/wp-json\/wp\/v2\/posts\/498648\/revisions"}],"predecessor-version":[{"id":498651,"href":"https:\/\/diarioelpopular.com\/index.php\/wp-json\/wp\/v2\/posts\/498648\/revisions\/498651"}],"wp:featuredmedia":[{"embeddable":true,"href":"https:\/\/diarioelpopular.com\/index.php\/wp-json\/wp\/v2\/media\/498649"}],"wp:attachment":[{"href":"https:\/\/diarioelpopular.com\/index.php\/wp-json\/wp\/v2\/media?parent=498648"}],"wp:term":[{"taxonomy":"category","embeddable":true,"href":"https:\/\/diarioelpopular.com\/index.php\/wp-json\/wp\/v2\/categories?post=498648"},{"taxonomy":"post_tag","embeddable":true,"href":"https:\/\/diarioelpopular.com\/index.php\/wp-json\/wp\/v2\/tags?post=498648"}],"curies":[{"name":"wp","href":"https:\/\/api.w.org\/{rel}","templated":true}]}}