{"id":498652,"date":"2021-07-12T11:51:32","date_gmt":"2021-07-12T15:51:32","guid":{"rendered":"https:\/\/diarioelpopular.com\/?p=498652"},"modified":"2021-07-12T11:51:32","modified_gmt":"2021-07-12T15:51:32","slug":"cuba-choques-y-arrestos-protestas-como-en-los-90","status":"publish","type":"post","link":"https:\/\/diarioelpopular.com\/index.php\/2021\/07\/12\/cuba-choques-y-arrestos-protestas-como-en-los-90\/","title":{"rendered":"Cuba: Choques y arrestos, protestas como en los &#8217;90"},"content":{"rendered":"<h4><img loading=\"lazy\" decoding=\"async\" class=\"alignnone size-custom-full-size wp-image-498653\" src=\"https:\/\/diarioelpopular.com\/wp-content\/uploads\/2021\/07\/ab9173d4a79fdff69453d069779a6d6f-636x430.jpg\" alt=\"\" width=\"636\" height=\"430\" srcset=\"https:\/\/diarioelpopular.com\/wp-content\/uploads\/2021\/07\/ab9173d4a79fdff69453d069779a6d6f-636x430.jpg 636w, https:\/\/diarioelpopular.com\/wp-content\/uploads\/2021\/07\/ab9173d4a79fdff69453d069779a6d6f-300x203.jpg 300w, https:\/\/diarioelpopular.com\/wp-content\/uploads\/2021\/07\/ab9173d4a79fdff69453d069779a6d6f-768x519.jpg 768w, https:\/\/diarioelpopular.com\/wp-content\/uploads\/2021\/07\/ab9173d4a79fdff69453d069779a6d6f-80x55.jpg 80w, https:\/\/diarioelpopular.com\/wp-content\/uploads\/2021\/07\/ab9173d4a79fdff69453d069779a6d6f-108x73.jpg 108w, https:\/\/diarioelpopular.com\/wp-content\/uploads\/2021\/07\/ab9173d4a79fdff69453d069779a6d6f.jpg 945w\" sizes=\"auto, (max-width: 636px) 100vw, 636px\" \/><\/h4>\n<p><em>Domingo de protestas en Cuba, en medio de la pandemia, como no se ve\u00eda en d\u00e9cadas <\/em><\/p>\n<h4><em><strong>Oficial herido en la cabeza, jeep con ametralladoras en la calle<\/strong><\/em><\/h4>\n<p><em><strong>LA HABNA, 12JUL. &#8211;<\/strong><\/em> Enfrentamientos, cientos de detenciones y al menos un oficial herido, ese es el saldo de la nueva jornada de violencia de ayer domingo en Cuba, donde miles de manifestantes tomaron las calles en la mayor protesta masiva jam\u00e1s vista en la isla en los \u00faltimos 30 a\u00f1os.<br \/>\nEl centro de la proclama de las manifestaciones est\u00e1 el presidente de la rep\u00fablica Miguel D\u00edaz-Canel, la dictadura comunista y una situaci\u00f3n econ\u00f3mica que sigue empeorando, ante las duras sanciones estadounidenses.<br \/>\nEl peri\u00f3dico estadounidense Miami Herald cita el sitio web Inventario, que monitorea la situaci\u00f3n en el pa\u00eds caribe\u00f1o, seg\u00fan el cual ayer las protestas afectaron al menos a 25 ciudades.<br \/>\nUn video tomado a la una de la madrugada y publicado en Facebook, seg\u00fan el diario, muestra a cientos de manifestantes en Palma Soriano (este) pidiendo libertad al grito de &#8220;Abajo la dictadura&#8221; y &#8220;Abajo D\u00edaz-Canel&#8221;.<br \/>\nLa gente en la calle tambi\u00e9n ped\u00eda medicinas, vacunas contra el Covid, que arrecia en la isla, y &#8220;el fin del hambre&#8221;.<br \/>\nEn el video se observa a un grupo de personas empujando un patrullero gritando &#8220;acaba de llegar la dictadura&#8221; refiri\u00e9ndose a la polic\u00eda.<br \/>\nEl peri\u00f3dico brit\u00e1nico The Guardian publica hoy una imagen con tres autos de polic\u00eda volcados y explica que las protestas comenzaron en la ma\u00f1ana en San Antonio de los Ba\u00f1os (oeste), as\u00ed como en Palma Soriano, y gracias a las redes sociales involucraron r\u00e1pidamente a La Habana, donde miles marcharon por las calles del centro gritando consignas como &#8220;patria y vida&#8221; y &#8220;libertad&#8221;.<br \/>\nLos agentes, uniformados y de civil, informa el diario brit\u00e1nico, respondieron con porras y gas pimienta, arrestando a cientos de manifestantes que fueron cargados en camionetas y arrestados.<br \/>\nAl menos un polic\u00eda fue alcanzado por una piedra en la cabeza y fue trasladado al hospital.<br \/>\nLa agencia brit\u00e1nica Reuters escribe en su sitio web, citando testigos presenciales, que se han visto jeeps de las fuerzas especiales equipados con ametralladoras en las calles de la capital.<\/p>\n","protected":false},"excerpt":{"rendered":"<p>Domingo de protestas en Cuba, en medio de la pandemia, como no se ve\u00eda en d\u00e9cadas Oficial herido en la cabeza, jeep con ametralladoras en&hellip;<\/p>\n","protected":false},"author":99,"featured_media":498653,"comment_status":"open","ping_status":"open","sticky":false,"template":"","format":"standard","meta":{"footnotes":""},"categories":[23],"tags":[],"class_list":["post-498652","post","type-post","status-publish","format-standard","has-post-thumbnail","hentry","category-latinoamerica"],"_links":{"self":[{"href":"https:\/\/diarioelpopular.com\/index.php\/wp-json\/wp\/v2\/posts\/498652","targetHints":{"allow":["GET"]}}],"collection":[{"href":"https:\/\/diarioelpopular.com\/index.php\/wp-json\/wp\/v2\/posts"}],"about":[{"href":"https:\/\/diarioelpopular.com\/index.php\/wp-json\/wp\/v2\/types\/post"}],"author":[{"embeddable":true,"href":"https:\/\/diarioelpopular.com\/index.php\/wp-json\/wp\/v2\/users\/99"}],"replies":[{"embeddable":true,"href":"https:\/\/diarioelpopular.com\/index.php\/wp-json\/wp\/v2\/comments?post=498652"}],"version-history":[{"count":1,"href":"https:\/\/diarioelpopular.com\/index.php\/wp-json\/wp\/v2\/posts\/498652\/revisions"}],"predecessor-version":[{"id":498654,"href":"https:\/\/diarioelpopular.com\/index.php\/wp-json\/wp\/v2\/posts\/498652\/revisions\/498654"}],"wp:featuredmedia":[{"embeddable":true,"href":"https:\/\/diarioelpopular.com\/index.php\/wp-json\/wp\/v2\/media\/498653"}],"wp:attachment":[{"href":"https:\/\/diarioelpopular.com\/index.php\/wp-json\/wp\/v2\/media?parent=498652"}],"wp:term":[{"taxonomy":"category","embeddable":true,"href":"https:\/\/diarioelpopular.com\/index.php\/wp-json\/wp\/v2\/categories?post=498652"},{"taxonomy":"post_tag","embeddable":true,"href":"https:\/\/diarioelpopular.com\/index.php\/wp-json\/wp\/v2\/tags?post=498652"}],"curies":[{"name":"wp","href":"https:\/\/api.w.org\/{rel}","templated":true}]}}