{"id":498657,"date":"2021-07-13T10:15:38","date_gmt":"2021-07-13T14:15:38","guid":{"rendered":"https:\/\/diarioelpopular.com\/?p=498657"},"modified":"2021-07-13T10:15:38","modified_gmt":"2021-07-13T14:15:38","slug":"chile-percibe-mayor-tension-clases-sociales","status":"publish","type":"post","link":"https:\/\/diarioelpopular.com\/index.php\/2021\/07\/13\/chile-percibe-mayor-tension-clases-sociales\/","title":{"rendered":"Chile percibe mayor tensi\u00f3n clases sociales"},"content":{"rendered":"<h4><img loading=\"lazy\" decoding=\"async\" class=\"alignnone size-custom-full-size wp-image-498658\" src=\"https:\/\/diarioelpopular.com\/wp-content\/uploads\/2021\/07\/30201d30a7032d7ace25008fa5534f44-636x423.jpg\" alt=\"\" width=\"636\" height=\"423\" srcset=\"https:\/\/diarioelpopular.com\/wp-content\/uploads\/2021\/07\/30201d30a7032d7ace25008fa5534f44-636x423.jpg 636w, https:\/\/diarioelpopular.com\/wp-content\/uploads\/2021\/07\/30201d30a7032d7ace25008fa5534f44-300x200.jpg 300w, https:\/\/diarioelpopular.com\/wp-content\/uploads\/2021\/07\/30201d30a7032d7ace25008fa5534f44-768x511.jpg 768w, https:\/\/diarioelpopular.com\/wp-content\/uploads\/2021\/07\/30201d30a7032d7ace25008fa5534f44-110x73.jpg 110w, https:\/\/diarioelpopular.com\/wp-content\/uploads\/2021\/07\/30201d30a7032d7ace25008fa5534f44.jpg 945w\" sizes=\"auto, (max-width: 636px) 100vw, 636px\" \/><\/h4>\n<p><em>Protesta en Chile (foto: EPA)<\/em><\/p>\n<h4><em><strong>Le siguen Cora del Sur, Argentina, Per\u00fa, M\u00e9xico y Brasil, Ipsos<\/strong><\/em><\/h4>\n<p><em><strong>SANTIAGO DE CHILE, 13 JUL &#8211;<\/strong> <\/em>Chile es el pa\u00eds donde la ciudadan\u00eda percibe la mayor tensi\u00f3n entre las diferentes clases sociales, con el 88% de las afirmaciones, seguido por Corea del Sur (87%), Argentina (85%), Per\u00fa (81%), M\u00e9xico (80%) y Brasil (77%), constat\u00f3 un estudio de la consultora internacional Ipsos.<br \/>\nLa investigaci\u00f3n &#8220;Guerras Culturales en el mundo: C\u00f3mo los Pa\u00edses Perciben las Divisiones&#8221; entrevist\u00f3 a 23.000 adultos de 28 pa\u00edses para indagar el nivel de tensi\u00f3n existente en la sociedad de cada regi\u00f3n, considerando factores econ\u00f3micos, pol\u00edticos y sociales, entre otros.<br \/>\nEl informe mostr\u00f3 que un 88% de los chilenos percibe mucha tensi\u00f3n entre las diferentes clases sociales, posicionando a Chile como el pa\u00eds con el resultado m\u00e1s alto a nivel mundial en este t\u00f3pico, superando por 21 puntos porcentuales el promedio global (67%).<br \/>\nLa consultora apunt\u00f3 que los pa\u00edses latinoamericanos son los que perciben m\u00e1s tensi\u00f3n entre las diferentes clases sociales, prueba de ello es que 5 de los primeros 6 lugares del ranking son ocupados por pa\u00edses de esta parte del mundo.<br \/>\nSobre la relaci\u00f3n existente entre personas de valores m\u00e1s progresistas\/liberales y aquellos con pensamiento de tipo tradicional\/conservador, un 86% de los encuestados en Chile piensa que existe mucha tensi\u00f3n entre ambos grupos, superando nuevamente el promedio mundial en 21 puntos porcentuales (65%) y posicion\u00e1ndonos como el segundo pa\u00eds del ranking s\u00f3lo aventajado por Corea del Sur (87%). En el tercer lugar aparece Estados Unidos solo un punto porcentual por debajo de Chile.<br \/>\n&#8220;Despu\u00e9s del estallido social, se ha instalado con fuerza un discurso de alta desigualdad social en el pa\u00eds lo que ha tenido un gran impacto en la opini\u00f3n p\u00fablica y, por consecuencia, en la discusi\u00f3n pol\u00edtica. Esta percepci\u00f3n se ha visto potenciada con la pandemia y comprobada con los recientes datos oficiales de pobreza y desigualdad que muestran un incremento en ambos aspectos&#8221;, declar\u00f3 Pablo Alvarado, director de estudios de IPSOS Chile.<br \/>\nLa fuerza de la revuelta social del 18 de octubre de 2019 llev\u00f3 a que la clase pol\u00edtica acordara la realizaci\u00f3n de un Plebiscito para decidir si se cambiaba a o no la Constituci\u00f3n heredada de la dictadura militar. Un 80% se pronunci\u00f3 por una nueva Carta y que fuera totalmente elegida por la ciudadan\u00eda.<br \/>\nEl bloque m\u00e1s fuerte dentro de los 155 constituyentes elegidos lo forman los independientes y quienes se agruparon en la denominada Lista del Pueblo, reduciendo el espacio de los partidos tradicionales.<br \/>\nEn relaci\u00f3n a la tensi\u00f3n existente entre inmigrantes y personas nacidas en el pa\u00eds, un 78% de los encuestados chilenos cree que existe mucha tensi\u00f3n entre ambos grupos, siendo el segundo pa\u00eds de Latinoam\u00e9rica con el porcentaje m\u00e1s alto, s\u00f3lo precedido por Per\u00fa (80%), y el s\u00e9ptimo entre todos los pa\u00edses medidos en el orbe.<br \/>\nChile, admirado hasta hace poco por su crecimiento econ\u00f3mico y estabilidad pol\u00edtica, ha recibido una fuerte inmigraci\u00f3n proveniente de la misma regi\u00f3n a la cual no estaba acostumbrado, principalmente haitianos, colombianos, peruanos bolivianos, argentinos y, ahora \u00faltimo, venezolanos.<br \/>\nCon respecto a la tensi\u00f3n percibida entre personas de diferentes or\u00edgenes \u00e9tnicos, 3 de cada 4 chilenos piensa que hay mucha controversia en este aspecto. Con este resultado, el pa\u00eds se ubica en el tercer lugar del ranking, solo por detr\u00e1s de Estados Unidos (83%) y Sud\u00e1frica (79%).<br \/>\nEn Chile, se ha observado un mayor rechazo en contra de los haitianos, pobres y negros, a lo cual ha contribuido tambi\u00e9n el gobierno con su pol\u00edtica de &#8220;vuelos humanitarios&#8221; a trav\u00e9s de los cuales los ha devuelto a su pa\u00eds de origen bajo la excusa de que ellos quieren devolverse.<br \/>\nLa poblaci\u00f3n los rechaza porque, afirman, que les quitan los cupos en los jardines infantiles y colegios gratuitos, y en los consultorios, m\u00e1s all\u00e1 de sus costumbres o ra\u00edces propias. En el sondeo, a nivel global, las tensiones que se perciben con m\u00e1s fuerza son entre &#8220;ricos y pobres&#8221; (74% dice que hay mucha o bastante tensi\u00f3n), entre personas que apoyan diferentes partidos pol\u00edticos (69%) y entre personas de diferentes clases sociales (67%). Por el contrario, las tensiones son m\u00e1s d\u00e9biles entre las personas que viven en la ciudad y el campo (42%), entre j\u00f3venes y mayores (46%) y entre universitarios y aquellos que no tienen estudios de este tipo (47%).<\/p>\n","protected":false},"excerpt":{"rendered":"<p>Protesta en Chile (foto: EPA) Le siguen Cora del Sur, Argentina, Per\u00fa, M\u00e9xico y Brasil, Ipsos SANTIAGO DE CHILE, 13 JUL &#8211; Chile es el&hellip;<\/p>\n","protected":false},"author":99,"featured_media":498658,"comment_status":"open","ping_status":"open","sticky":false,"template":"","format":"standard","meta":{"footnotes":""},"categories":[23],"tags":[],"class_list":["post-498657","post","type-post","status-publish","format-standard","has-post-thumbnail","hentry","category-latinoamerica"],"_links":{"self":[{"href":"https:\/\/diarioelpopular.com\/index.php\/wp-json\/wp\/v2\/posts\/498657","targetHints":{"allow":["GET"]}}],"collection":[{"href":"https:\/\/diarioelpopular.com\/index.php\/wp-json\/wp\/v2\/posts"}],"about":[{"href":"https:\/\/diarioelpopular.com\/index.php\/wp-json\/wp\/v2\/types\/post"}],"author":[{"embeddable":true,"href":"https:\/\/diarioelpopular.com\/index.php\/wp-json\/wp\/v2\/users\/99"}],"replies":[{"embeddable":true,"href":"https:\/\/diarioelpopular.com\/index.php\/wp-json\/wp\/v2\/comments?post=498657"}],"version-history":[{"count":1,"href":"https:\/\/diarioelpopular.com\/index.php\/wp-json\/wp\/v2\/posts\/498657\/revisions"}],"predecessor-version":[{"id":498659,"href":"https:\/\/diarioelpopular.com\/index.php\/wp-json\/wp\/v2\/posts\/498657\/revisions\/498659"}],"wp:featuredmedia":[{"embeddable":true,"href":"https:\/\/diarioelpopular.com\/index.php\/wp-json\/wp\/v2\/media\/498658"}],"wp:attachment":[{"href":"https:\/\/diarioelpopular.com\/index.php\/wp-json\/wp\/v2\/media?parent=498657"}],"wp:term":[{"taxonomy":"category","embeddable":true,"href":"https:\/\/diarioelpopular.com\/index.php\/wp-json\/wp\/v2\/categories?post=498657"},{"taxonomy":"post_tag","embeddable":true,"href":"https:\/\/diarioelpopular.com\/index.php\/wp-json\/wp\/v2\/tags?post=498657"}],"curies":[{"name":"wp","href":"https:\/\/api.w.org\/{rel}","templated":true}]}}