{"id":498663,"date":"2021-07-13T10:21:26","date_gmt":"2021-07-13T14:21:26","guid":{"rendered":"https:\/\/diarioelpopular.com\/?p=498663"},"modified":"2021-07-13T10:21:26","modified_gmt":"2021-07-13T14:21:26","slug":"cuba-de-rodillas-protesta-y-basta-de-dictadura","status":"publish","type":"post","link":"https:\/\/diarioelpopular.com\/index.php\/2021\/07\/13\/cuba-de-rodillas-protesta-y-basta-de-dictadura\/","title":{"rendered":"Cuba de rodillas, protesta y &#8220;basta de dictadura&#8221;"},"content":{"rendered":"<h4><img loading=\"lazy\" decoding=\"async\" class=\"alignnone size-custom-full-size wp-image-498664\" src=\"https:\/\/diarioelpopular.com\/wp-content\/uploads\/2021\/07\/ecddfe21055bfe851c1fc5cdcf0168ab-636x423.jpg\" alt=\"\" width=\"636\" height=\"423\" srcset=\"https:\/\/diarioelpopular.com\/wp-content\/uploads\/2021\/07\/ecddfe21055bfe851c1fc5cdcf0168ab-636x423.jpg 636w, https:\/\/diarioelpopular.com\/wp-content\/uploads\/2021\/07\/ecddfe21055bfe851c1fc5cdcf0168ab-300x200.jpg 300w, https:\/\/diarioelpopular.com\/wp-content\/uploads\/2021\/07\/ecddfe21055bfe851c1fc5cdcf0168ab-768x511.jpg 768w, https:\/\/diarioelpopular.com\/wp-content\/uploads\/2021\/07\/ecddfe21055bfe851c1fc5cdcf0168ab-110x73.jpg 110w, https:\/\/diarioelpopular.com\/wp-content\/uploads\/2021\/07\/ecddfe21055bfe851c1fc5cdcf0168ab.jpg 945w\" sizes=\"auto, (max-width: 636px) 100vw, 636px\" \/><\/h4>\n<p><em>Manifestaciones en Cuba (foto: AFP)<\/em><\/p>\n<h4><em><strong>Biden apoya las mayores manifestaciones en 30 a\u00f1os<\/strong><\/em><\/h4>\n<p><em><strong>WASHINGTON, 13 JUL &#8211;<\/strong><\/em> Miles de personas de todas las extracciones y capas sociales, revolucionarios y opositores, salieron a las calles en m\u00e1s de 25 ciudades cubanas, acusando al gobierno del presidente Miguel D\u00edaz-Canel de hacer poco y nada contra la end\u00e9mica crisis econ\u00f3mica que est\u00e1 poniendo de rodillas a toda la poblaci\u00f3n.<br \/>\nCon esl\u00f3ganes como &#8220;Abajo la dictadura&#8221;, &#8220;Basta de morir de hambre&#8221; y &#8220;Libertad&#8221;, hac\u00eda 30 a\u00f1os que en Cuba no se ve\u00edan manifestaciones tan imponentes contra el r\u00e9gimen comunista.<br \/>\nUna protesta nacida al ritmo de las redes sociales, con el hashtag #SOSCuba convertido en el s\u00edmbolo de la revuelta, con enfrentamientos, cientos de arrestos y un ingente despliegue de las fuerzas del orden, incluyendo los hombres de las fuerzas especiales.<br \/>\nLas autoridades cubanas, repitiendo un guion que es el mismo desde hace d\u00e9cadas, atribuyen las culpas de toda dificultad al embargo econ\u00f3mico y financiero impuesto por Estados Unidos desde hace d\u00e9cadas, desde los tiempos de la revoluci\u00f3n de Fidel Castro.<br \/>\nPero el golpe de gracia para los cubanos lleg\u00f3 de la pandemia, con el turismo -fuente de ingresos principal del pa\u00eds- reducido al m\u00ednimo o a cero, y un ej\u00e9rcito de desocupados que crece cada d\u00eda m\u00e1s.<br \/>\nLa imagen s\u00edmbolo de las dificultades de la poblaci\u00f3n de la isla es la de las largu\u00edsimas e interminables colas que much\u00edsimas personas deben hacer cada d\u00eda para conseguir bienes de primera necesidad como alimento, agua, medicinas, papel higi\u00e9nico.<br \/>\nUna situaci\u00f3n insostenible que hizo estallar la rabia y que corre el riesgo de transformarse tambi\u00e9n en una nueva crisis internacional, alimentando las tensiones sobre el eje entre Washington y Mosc\u00fa, y poniendo en riesgo las relaciones entre Estados Unidos y gran parte del mundo latinoamericano.<br \/>\n&#8220;Estados Unidos tienen todo el inter\u00e9s en provocar des\u00f3rdenes sociales&#8221;, acus\u00f3 D\u00edaz-Canel, el primer gobernante de la isla, desde los tiempos de la revoluci\u00f3n, que no pertenece a la familia Castro.<br \/>\nD\u00edaz-Canel sucedi\u00f3 hace tres a\u00f1os a Ra\u00fal Castro, hermano menor de Fidel, que lleg\u00f3 a estrechar la mano de Barack Obama, despertando esperanza por primera vez en m\u00e1s de 60 a\u00f1os en una posibilidad de &#8220;deshielo&#8221;.<br \/>\nEsperanzas luego heladas por la llegada a la Casa Blanca de Donald Trump.<br \/>\nAhora, con Joe Biden que hasta ahora no dio paso alguno hacia La Habana, los tonos vuelven a ser los de la Guerra Fr\u00eda: no somos una dictadura -dijo el presidente cubano- y detr\u00e1s de todo esto est\u00e1 solo el sue\u00f1o de poner fin a la revoluci\u00f3n cubana.<br \/>\nPero no permitiremos a nadie manipular nuestra situaci\u00f3n, ni admitiremos que cualquier mercenario vendido a Estados Unidos provoque una desestabilizaci\u00f3n en Cuba.<br \/>\nR\u00e1pida la respuesta de Biden, que advirti\u00f3 al gobierno de La Habana sobre la represi\u00f3n de las protestas con la fuerza y la violencia, invit\u00e1ndolo a escuchar a su pueblo.<br \/>\n&#8220;Un pueblo -dijo- que est\u00e1 pidiendo valerosamente el reconocimiento de derechos fundamentales y universales despu\u00e9s de d\u00e9cadas de represi\u00f3n y de sufrimientos econ\u00f3micos debidos a un r\u00e9gimen autoritario&#8221;.<br \/>\n&#8220;Derechos -recarg\u00f3 las tintas Jack Sullivan, consejero de la Casa Blanca para la Seguridad Nacional- que deben ser respetados y que comprenden el de protestar pac\u00edficamente y determinar libremente su futuro&#8221;.<br \/>\nLa Casa Blanca no tiene ninguna autoridad pol\u00edtica y moral para hablar de Cuba, replic\u00f3 el ministro de Exteriores cubano Bruno Rodr\u00edguez.<br \/>\nMientras tanto, una advertencia a Estados Unidos lleg\u00f3 tambi\u00e9n desde Rusia, aliada hist\u00f3rica de Cuba: &#8220;Consideramos inaceptable que haya una interferencia externa en los asuntos internos de un Estado soberano, o cualquier acci\u00f3n destructiva que aliente la desestabilizaci\u00f3n de la situaci\u00f3n en la isla&#8221;, dijo la vocera del ministerio de Exteriores, Maria Zakharova.<br \/>\nY hubo una advertencia a Estados Unidos tambi\u00e9n de parte de los vecinos mexicanos, cuyo presidente Manuel L\u00f3pez Obrador puso en guardia sobre eventuales injerencias y tentaciones de intervenci\u00f3n.<\/p>\n","protected":false},"excerpt":{"rendered":"<p>Manifestaciones en Cuba (foto: AFP) Biden apoya las mayores manifestaciones en 30 a\u00f1os WASHINGTON, 13 JUL &#8211; Miles de personas de todas las extracciones y&hellip;<\/p>\n","protected":false},"author":99,"featured_media":498664,"comment_status":"open","ping_status":"open","sticky":false,"template":"","format":"standard","meta":{"footnotes":""},"categories":[23],"tags":[],"class_list":["post-498663","post","type-post","status-publish","format-standard","has-post-thumbnail","hentry","category-latinoamerica"],"_links":{"self":[{"href":"https:\/\/diarioelpopular.com\/index.php\/wp-json\/wp\/v2\/posts\/498663","targetHints":{"allow":["GET"]}}],"collection":[{"href":"https:\/\/diarioelpopular.com\/index.php\/wp-json\/wp\/v2\/posts"}],"about":[{"href":"https:\/\/diarioelpopular.com\/index.php\/wp-json\/wp\/v2\/types\/post"}],"author":[{"embeddable":true,"href":"https:\/\/diarioelpopular.com\/index.php\/wp-json\/wp\/v2\/users\/99"}],"replies":[{"embeddable":true,"href":"https:\/\/diarioelpopular.com\/index.php\/wp-json\/wp\/v2\/comments?post=498663"}],"version-history":[{"count":1,"href":"https:\/\/diarioelpopular.com\/index.php\/wp-json\/wp\/v2\/posts\/498663\/revisions"}],"predecessor-version":[{"id":498665,"href":"https:\/\/diarioelpopular.com\/index.php\/wp-json\/wp\/v2\/posts\/498663\/revisions\/498665"}],"wp:featuredmedia":[{"embeddable":true,"href":"https:\/\/diarioelpopular.com\/index.php\/wp-json\/wp\/v2\/media\/498664"}],"wp:attachment":[{"href":"https:\/\/diarioelpopular.com\/index.php\/wp-json\/wp\/v2\/media?parent=498663"}],"wp:term":[{"taxonomy":"category","embeddable":true,"href":"https:\/\/diarioelpopular.com\/index.php\/wp-json\/wp\/v2\/categories?post=498663"},{"taxonomy":"post_tag","embeddable":true,"href":"https:\/\/diarioelpopular.com\/index.php\/wp-json\/wp\/v2\/tags?post=498663"}],"curies":[{"name":"wp","href":"https:\/\/api.w.org\/{rel}","templated":true}]}}