{"id":498677,"date":"2021-07-14T10:04:47","date_gmt":"2021-07-14T14:04:47","guid":{"rendered":"https:\/\/diarioelpopular.com\/?p=498677"},"modified":"2021-07-14T10:04:47","modified_gmt":"2021-07-14T14:04:47","slug":"canada-rechaza-mas-inmigracion-por-motivos-humanitarios-y-compasivos","status":"publish","type":"post","link":"https:\/\/diarioelpopular.com\/index.php\/2021\/07\/14\/canada-rechaza-mas-inmigracion-por-motivos-humanitarios-y-compasivos\/","title":{"rendered":"Canad\u00e1 rechaza m\u00e1s inmigraci\u00f3n por motivos humanitarios y compasivos"},"content":{"rendered":"<p><img loading=\"lazy\" decoding=\"async\" class=\"alignnone size-custom-full-size wp-image-498678\" src=\"https:\/\/diarioelpopular.com\/wp-content\/uploads\/2021\/07\/main-636x423.jpg\" alt=\"\" width=\"636\" height=\"423\" srcset=\"https:\/\/diarioelpopular.com\/wp-content\/uploads\/2021\/07\/main-636x423.jpg 636w, https:\/\/diarioelpopular.com\/wp-content\/uploads\/2021\/07\/main-300x200.jpg 300w, https:\/\/diarioelpopular.com\/wp-content\/uploads\/2021\/07\/main-768x511.jpg 768w, https:\/\/diarioelpopular.com\/wp-content\/uploads\/2021\/07\/main-110x73.jpg 110w, https:\/\/diarioelpopular.com\/wp-content\/uploads\/2021\/07\/main.jpg 945w\" sizes=\"auto, (max-width: 636px) 100vw, 636px\" \/><\/p>\n<h4><em><strong>La tasa de rechazo de solicitudes de residencia permanente por motivos humanitarios y compasivos ha aumentado dr\u00e1sticamente en los \u00faltimos a\u00f1os, seg\u00fan cifras publicadas recientemente.<\/strong><\/em><\/h4>\n<p><em><strong>OTTAWA.-<\/strong> <\/em>\u201cEstas decisiones se tomaron en silencio a puerta cerrada y hay poca responsabilidad p\u00fablica en este proceso opaco y discrecional\u201d, dijo Jenny Kwan, cr\u00edtica de inmigraci\u00f3n del NDP.<\/p>\n<p>Canad\u00e1 permite que algunas personas que normalmente no cumplir\u00edan con los criterios para la residencia permanente se postulen por motivos humanitarios y compasivos, que se consideran caso por caso de acuerdo con factores como qu\u00e9 tan asentado est\u00e1 alguien aqu\u00ed o el inter\u00e9s superior de los ni\u00f1os.<\/p>\n<p>Seg\u00fan los datos que el Departamento de Inmigraci\u00f3n proporcion\u00f3 en respuesta a una pregunta sobre un documento de orden de Kwan esta primavera, la tasa de solicitudes rechazadas despu\u00e9s del procesamiento oscil\u00f3 entre el 35 y el 41 por ciento entre 2016 y 2019. Esas cifras no incluyen las solicitudes que fueron retiradas.<\/p>\n<p>En 2020, la tasa de rechazo aument\u00f3 al 57 por ciento, a pesar de que el n\u00famero total de solicitudes procesadas (7,835) aument\u00f3 solo un 11 por ciento, lo que fue un salto menor que el a\u00f1o anterior.<\/p>\n<p>Las cifras de 2021, que solo incluyen hasta el 28 de febrero, muestran que la tasa de solicitudes rechazadas subi\u00f3 al 70 por ciento de las 4.180 procesadas en los dos primeros meses de este a\u00f1o.<\/p>\n<p>&#8220;El gobierno liberal debe dar respuestas a por qu\u00e9 hay un aumento tan significativo en las negativas y tomar medidas inmediatas para rectificar esto&#8221;, dijo Kwan en un comunicado.<\/p>\n<p>El Departamento de Inmigraci\u00f3n no respondi\u00f3 este martes cuando se le pregunt\u00f3 sobre el aumento de la tasa.<\/p>\n<p>Syed Hussan, director ejecutivo de Migrant Workers Alliance for Change, dijo que los motivos humanitarios y compasivos son la \u00fanica opci\u00f3n disponible para los inmigrantes indocumentados que desean solicitar la residencia permanente en Canad\u00e1.<\/p>\n<p>Dijo que tambi\u00e9n lo convierte en la \u00fanica forma real para que los migrantes indocumentados accedan a la educaci\u00f3n y la atenci\u00f3n m\u00e9dica e inst\u00f3 al gobierno federal a otorgar estatus a todos los migrantes en el pa\u00eds.<\/p>\n<p>\u201cVemos que el \u00fanico programa que existe para personas indocumentadas est\u00e1 rechazando a las personas a un ritmo hist\u00f3rico\u201d, dijo en una conferencia de prensa virtual el martes.<\/p>\n<p>Dijo que no cree que ninguna desaceleraci\u00f3n relacionada con la pandemia COVID-19 explique el cambio, porque la cantidad de solicitudes procesadas ha aumentado.<\/p>\n<p>&#8220;No sabemos qu\u00e9 est\u00e1 pasando. No sabemos por qu\u00e9 est\u00e1 sucediendo. No ha habido ning\u00fan cambio de pol\u00edtica, ning\u00fan anuncio p\u00fablico, ning\u00fan cambio en los casos legales, pero las tasas de rechazo han aumentado \u201d, dijo. &#8220;Depende del gobierno federal explicarlo&#8221;.<\/p>\n","protected":false},"excerpt":{"rendered":"<p>La tasa de rechazo de solicitudes de residencia permanente por motivos humanitarios y compasivos ha aumentado dr\u00e1sticamente en los \u00faltimos a\u00f1os, seg\u00fan cifras publicadas recientemente.&hellip;<\/p>\n","protected":false},"author":99,"featured_media":498678,"comment_status":"open","ping_status":"open","sticky":false,"template":"","format":"standard","meta":{"footnotes":""},"categories":[21,11191],"tags":[],"class_list":["post-498677","post","type-post","status-publish","format-standard","has-post-thumbnail","hentry","category-canada","category-top-news"],"_links":{"self":[{"href":"https:\/\/diarioelpopular.com\/index.php\/wp-json\/wp\/v2\/posts\/498677","targetHints":{"allow":["GET"]}}],"collection":[{"href":"https:\/\/diarioelpopular.com\/index.php\/wp-json\/wp\/v2\/posts"}],"about":[{"href":"https:\/\/diarioelpopular.com\/index.php\/wp-json\/wp\/v2\/types\/post"}],"author":[{"embeddable":true,"href":"https:\/\/diarioelpopular.com\/index.php\/wp-json\/wp\/v2\/users\/99"}],"replies":[{"embeddable":true,"href":"https:\/\/diarioelpopular.com\/index.php\/wp-json\/wp\/v2\/comments?post=498677"}],"version-history":[{"count":1,"href":"https:\/\/diarioelpopular.com\/index.php\/wp-json\/wp\/v2\/posts\/498677\/revisions"}],"predecessor-version":[{"id":498679,"href":"https:\/\/diarioelpopular.com\/index.php\/wp-json\/wp\/v2\/posts\/498677\/revisions\/498679"}],"wp:featuredmedia":[{"embeddable":true,"href":"https:\/\/diarioelpopular.com\/index.php\/wp-json\/wp\/v2\/media\/498678"}],"wp:attachment":[{"href":"https:\/\/diarioelpopular.com\/index.php\/wp-json\/wp\/v2\/media?parent=498677"}],"wp:term":[{"taxonomy":"category","embeddable":true,"href":"https:\/\/diarioelpopular.com\/index.php\/wp-json\/wp\/v2\/categories?post=498677"},{"taxonomy":"post_tag","embeddable":true,"href":"https:\/\/diarioelpopular.com\/index.php\/wp-json\/wp\/v2\/tags?post=498677"}],"curies":[{"name":"wp","href":"https:\/\/api.w.org\/{rel}","templated":true}]}}