{"id":498686,"date":"2021-07-14T10:17:04","date_gmt":"2021-07-14T14:17:04","guid":{"rendered":"https:\/\/diarioelpopular.com\/?p=498686"},"modified":"2021-07-14T10:17:04","modified_gmt":"2021-07-14T14:17:04","slug":"cuba-acusan-a-manifestantes-de-violencia-y-saqueo","status":"publish","type":"post","link":"https:\/\/diarioelpopular.com\/index.php\/2021\/07\/14\/cuba-acusan-a-manifestantes-de-violencia-y-saqueo\/","title":{"rendered":"Cuba: Acusan a manifestantes de violencia y saqueo"},"content":{"rendered":"<h4><img loading=\"lazy\" decoding=\"async\" class=\"alignnone size-custom-full-size wp-image-498687\" src=\"https:\/\/diarioelpopular.com\/wp-content\/uploads\/2021\/07\/1461ddd171404ba958ddbbb66d6375ea-636x381.jpg\" alt=\"\" width=\"636\" height=\"381\" srcset=\"https:\/\/diarioelpopular.com\/wp-content\/uploads\/2021\/07\/1461ddd171404ba958ddbbb66d6375ea-636x380.jpg 636w, https:\/\/diarioelpopular.com\/wp-content\/uploads\/2021\/07\/1461ddd171404ba958ddbbb66d6375ea-300x180.jpg 300w, https:\/\/diarioelpopular.com\/wp-content\/uploads\/2021\/07\/1461ddd171404ba958ddbbb66d6375ea-768x460.jpg 768w, https:\/\/diarioelpopular.com\/wp-content\/uploads\/2021\/07\/1461ddd171404ba958ddbbb66d6375ea-122x73.jpg 122w, https:\/\/diarioelpopular.com\/wp-content\/uploads\/2021\/07\/1461ddd171404ba958ddbbb66d6375ea.jpg 945w\" sizes=\"auto, (max-width: 636px) 100vw, 636px\" \/><\/h4>\n<p><em>Cubano-estadounidenses en manifestaci\u00f3n de apoyo a las protestas en Cuba (foto: EPA)<\/em><\/p>\n<h4><em><strong>Autoridades describen violencia en un barrio habanero<\/strong><\/em><\/h4>\n<p><em><strong>LA HABANA, 14 JUL &#8211;<\/strong><\/em> Las autoridades cubanas divulgaron una muerte y detenciones en las protestas en Cuba, donde describieron hechos violentos en un barrio de La Habana causados, dijeron, por antisociales con afanes de saqueo y &#8220;desestabilizaci\u00f3n&#8221;, instigados desde Estados Unidos. El incidente fue descrito por el ministerio del Interior entre los argumentos oficiales sobre las manifestaciones iniciadas el domingo, haciendo \u00e9nfasis en la defensa de la sociedad cubana ante un ataque de &#8220;desestabilizaci\u00f3n&#8221; contra el sistema. Sobre los hechos en el barrio habanero, un comunicado dijo que &#8220;en horas de la tarde del 12 de julio de 2021, grupos organizados de elementos antisociales y delincuenciales en el consejo popular G\u00fcinera&#8221;, en la periferia de La Habana &#8220;alteraron el orden&#8221;. &#8220;Intentaron dirigirse hacia la Estaci\u00f3n de la Polic\u00eda Nacional Revolucionaria del territorio, con el objetivo de agredir a sus efectivos y da\u00f1ar la instalaci\u00f3n&#8221;, narr\u00f3 una nota.<br \/>\nEl comunicado expuso que los manifestantes resultaron &#8220;interceptados&#8221; por fuerzas del Ministerio del Interior y la poblaci\u00f3n&#8221;. Quienes protestaban &#8220;en su intento por evadir la actuaci\u00f3n, vandalizaron viviendas, incendiaron contenedores y afectaron el tendido el\u00e9ctrico; al propio tiempo que agredieron con armas blancas, piedras y objetos contundentes a los agentes y civiles en el lugar&#8221;, agrega el comunicado publicado en el diario oficial Granma. En el enfrentamiento muri\u00f3 Diubis Laurencio Tejeda, de 36 a\u00f1os de edad, residente en el propio municipio.<br \/>\nLa explicaci\u00f3n oficial se\u00f1al\u00f3 que el ciudadano ten\u00eda &#8220;antecedentes por desacato, hurto y alteraci\u00f3n del orden&#8221;. &#8220;Varios ciudadanos fueron detenidos, y otros resultaron lesionados, incluyendo agentes de la autoridad&#8221;, expuso la nota en el peri\u00f3dico, que es portavoz del gobernante Partido Comunista de Cuba. &#8220;Se investigan las circunstancias de este suceso. El Ministerio del Interior lamenta el fallecimiento de esta persona, en las circunstancias antes descritas, en medio de un complejo escenario en el cual se preservan la tranquilidad ciudadana y el orden interior&#8221;, subray\u00f3. La contraofensiva oficial p\u00fablica ante las protestas, que considera como un intento de golpe contra el sistema cubano instigado en Estados Unidos, tuvo como ejes hasta ahora dos ruedas de prensa del gobierno encabezadas por el presidente cubano Miguel D\u00edaz-Canel y declaraciones de ministros y funcionarios del partido, en especial del canciller cubano, Bruno Rodr\u00edguez. El ministro de Relaciones Exteriores condens\u00f3 la posici\u00f3n oficial al subrayar que en Cuba &#8220;no hubo este domingo un estallido social; hubo disturbios, desorden, causado por una operaci\u00f3n comunicacional que se prepara desde hace tiempo&#8221; v\u00eda Internet principalmente. Dijo que a esa acci\u00f3n se dedican &#8220;recursos multimillonarios, laboratorios, plataformas tecnol\u00f3gicas con fondos del Gobierno de los Estados Unidos&#8221;. Las autoridades isle\u00f1as reconocieron los problemas econ\u00f3micos y sociales actuales que vive el pa\u00eds y los atribuyeron a la epidemia de la Covid-19 y al bloqueo que le aplica Estados Unidos a la isla, principalmente. Entre tales problemas y tensiones incluyeron cortes el\u00e9ctricos, severa escasez de alimentos y medicamentos, confinamientos y otras situaciones. Puntos delicados son las acciones gubernamentales descritas como de defensa, entre otras cortes extensos en internet, red en la cual las autoridades ven un centro de operaciones de desestabilizaci\u00f3n en su contra. Una parte de la defensa que desarrolla el gobierno es lo que el canciller percibe como la &#8220;gran solidaridad a nivel internacional que despierta Cuba&#8221;. Rodr\u00edguez mencion\u00f3 &#8220;el apoyo de gobiernos, organizaciones internacionales, grupos de personas, asociaciones de solidaridad, organizaciones de cubanos residentes en el exterior y otros&#8221;.<\/p>\n","protected":false},"excerpt":{"rendered":"<p>Cubano-estadounidenses en manifestaci\u00f3n de apoyo a las protestas en Cuba (foto: EPA) Autoridades describen violencia en un barrio habanero LA HABANA, 14 JUL &#8211; Las&hellip;<\/p>\n","protected":false},"author":99,"featured_media":498687,"comment_status":"open","ping_status":"open","sticky":false,"template":"","format":"standard","meta":{"footnotes":""},"categories":[23],"tags":[],"class_list":["post-498686","post","type-post","status-publish","format-standard","has-post-thumbnail","hentry","category-latinoamerica"],"_links":{"self":[{"href":"https:\/\/diarioelpopular.com\/index.php\/wp-json\/wp\/v2\/posts\/498686","targetHints":{"allow":["GET"]}}],"collection":[{"href":"https:\/\/diarioelpopular.com\/index.php\/wp-json\/wp\/v2\/posts"}],"about":[{"href":"https:\/\/diarioelpopular.com\/index.php\/wp-json\/wp\/v2\/types\/post"}],"author":[{"embeddable":true,"href":"https:\/\/diarioelpopular.com\/index.php\/wp-json\/wp\/v2\/users\/99"}],"replies":[{"embeddable":true,"href":"https:\/\/diarioelpopular.com\/index.php\/wp-json\/wp\/v2\/comments?post=498686"}],"version-history":[{"count":1,"href":"https:\/\/diarioelpopular.com\/index.php\/wp-json\/wp\/v2\/posts\/498686\/revisions"}],"predecessor-version":[{"id":498688,"href":"https:\/\/diarioelpopular.com\/index.php\/wp-json\/wp\/v2\/posts\/498686\/revisions\/498688"}],"wp:featuredmedia":[{"embeddable":true,"href":"https:\/\/diarioelpopular.com\/index.php\/wp-json\/wp\/v2\/media\/498687"}],"wp:attachment":[{"href":"https:\/\/diarioelpopular.com\/index.php\/wp-json\/wp\/v2\/media?parent=498686"}],"wp:term":[{"taxonomy":"category","embeddable":true,"href":"https:\/\/diarioelpopular.com\/index.php\/wp-json\/wp\/v2\/categories?post=498686"},{"taxonomy":"post_tag","embeddable":true,"href":"https:\/\/diarioelpopular.com\/index.php\/wp-json\/wp\/v2\/tags?post=498686"}],"curies":[{"name":"wp","href":"https:\/\/api.w.org\/{rel}","templated":true}]}}