{"id":498689,"date":"2021-07-14T10:33:37","date_gmt":"2021-07-14T14:33:37","guid":{"rendered":"https:\/\/diarioelpopular.com\/?p=498689"},"modified":"2021-07-14T10:33:37","modified_gmt":"2021-07-14T14:33:37","slug":"tercer-dia-de-protestas-y-fuerte-represion-regimen-cubano","status":"publish","type":"post","link":"https:\/\/diarioelpopular.com\/index.php\/2021\/07\/14\/tercer-dia-de-protestas-y-fuerte-represion-regimen-cubano\/","title":{"rendered":"Tercer d\u00eda de protestas y fuerte represi\u00f3n r\u00e9gimen cubano"},"content":{"rendered":"<h4><img loading=\"lazy\" decoding=\"async\" class=\"alignnone size-custom-full-size wp-image-498695\" src=\"https:\/\/diarioelpopular.com\/wp-content\/uploads\/2021\/07\/Screen-Shot-2021-07-14-at-10.28.12-AM-636x409.png\" alt=\"\" width=\"636\" height=\"409\" srcset=\"https:\/\/diarioelpopular.com\/wp-content\/uploads\/2021\/07\/Screen-Shot-2021-07-14-at-10.28.12-AM-636x409.png 636w, https:\/\/diarioelpopular.com\/wp-content\/uploads\/2021\/07\/Screen-Shot-2021-07-14-at-10.28.12-AM-300x193.png 300w, https:\/\/diarioelpopular.com\/wp-content\/uploads\/2021\/07\/Screen-Shot-2021-07-14-at-10.28.12-AM-768x493.png 768w, https:\/\/diarioelpopular.com\/wp-content\/uploads\/2021\/07\/Screen-Shot-2021-07-14-at-10.28.12-AM-85x55.png 85w, https:\/\/diarioelpopular.com\/wp-content\/uploads\/2021\/07\/Screen-Shot-2021-07-14-at-10.28.12-AM-114x73.png 114w, https:\/\/diarioelpopular.com\/wp-content\/uploads\/2021\/07\/Screen-Shot-2021-07-14-at-10.28.12-AM.png 945w\" sizes=\"auto, (max-width: 636px) 100vw, 636px\" \/><\/h4>\n<p><em>Las tropas antimotines y &#8220;los revolucionarios&#8221; con palos en las manos han tomado las calles e impiden que la gente salga.<\/em><\/p>\n<h4><strong><em>Las protestas y la represi\u00f3n contin\u00faan en Cuba por tercer d\u00eda consecutivo desde que el domingo miles de personas salieran a las calles por toda la isla pidiendo \u201clibertad\u201d y un cambio de gobierno.<\/em><\/strong><\/h4>\n<p><em><strong>LA HABANA. 14 JUL.-<\/strong><\/em> La respuesta del r\u00e9gimen de Miguel D\u00edaz-Canel ha sido sacar a la calle tropas antimotines y movilizar las fuerzas represivas vestidas de civil para golpear y reprimir a la poblaci\u00f3n. En las redes sociales se suceden videos e im\u00e1genes de la violenta represi\u00f3n policial. Fotos de agencias de prensa muestran a efectivos vestidos de civil armados con palos junto a tropas especiales en las calles.<\/p>\n<p><img loading=\"lazy\" decoding=\"async\" class=\"alignnone size-custom-full-size wp-image-498693\" src=\"https:\/\/diarioelpopular.com\/wp-content\/uploads\/2021\/07\/Screen-Shot-2021-07-14-at-10.27.45-AM-1-636x411.png\" alt=\"\" width=\"636\" height=\"411\" srcset=\"https:\/\/diarioelpopular.com\/wp-content\/uploads\/2021\/07\/Screen-Shot-2021-07-14-at-10.27.45-AM-1-636x411.png 636w, https:\/\/diarioelpopular.com\/wp-content\/uploads\/2021\/07\/Screen-Shot-2021-07-14-at-10.27.45-AM-1-300x194.png 300w, https:\/\/diarioelpopular.com\/wp-content\/uploads\/2021\/07\/Screen-Shot-2021-07-14-at-10.27.45-AM-1-768x497.png 768w, https:\/\/diarioelpopular.com\/wp-content\/uploads\/2021\/07\/Screen-Shot-2021-07-14-at-10.27.45-AM-1-85x55.png 85w, https:\/\/diarioelpopular.com\/wp-content\/uploads\/2021\/07\/Screen-Shot-2021-07-14-at-10.27.45-AM-1-113x73.png 113w, https:\/\/diarioelpopular.com\/wp-content\/uploads\/2021\/07\/Screen-Shot-2021-07-14-at-10.27.45-AM-1.png 945w\" sizes=\"auto, (max-width: 636px) 100vw, 636px\" \/><\/p>\n<p><img loading=\"lazy\" decoding=\"async\" class=\"alignnone size-custom-full-size wp-image-498694\" src=\"https:\/\/diarioelpopular.com\/wp-content\/uploads\/2021\/07\/Screen-Shot-2021-07-14-at-10.28.00-AM-636x412.png\" alt=\"\" width=\"636\" height=\"412\" srcset=\"https:\/\/diarioelpopular.com\/wp-content\/uploads\/2021\/07\/Screen-Shot-2021-07-14-at-10.28.00-AM-636x412.png 636w, https:\/\/diarioelpopular.com\/wp-content\/uploads\/2021\/07\/Screen-Shot-2021-07-14-at-10.28.00-AM-300x194.png 300w, https:\/\/diarioelpopular.com\/wp-content\/uploads\/2021\/07\/Screen-Shot-2021-07-14-at-10.28.00-AM-768x497.png 768w, https:\/\/diarioelpopular.com\/wp-content\/uploads\/2021\/07\/Screen-Shot-2021-07-14-at-10.28.00-AM-85x55.png 85w, https:\/\/diarioelpopular.com\/wp-content\/uploads\/2021\/07\/Screen-Shot-2021-07-14-at-10.28.00-AM-113x73.png 113w, https:\/\/diarioelpopular.com\/wp-content\/uploads\/2021\/07\/Screen-Shot-2021-07-14-at-10.28.00-AM.png 945w\" sizes=\"auto, (max-width: 636px) 100vw, 636px\" \/><\/p>\n<p><em>Fotos de la periferia de La Habana donde las tropas antimotines y &#8220;los revolucionarios&#8221; con palos en las manos han tomado las calles e impiden que la gente salga.<\/em><\/p>\n<p>&nbsp;<\/p>\n<p>El martes en la tarde medios oficiales de Cuba <a href=\"https:\/\/www.elnuevoherald.com\/noticias\/mundo\/america-latina\/cuba-es\/article252766998.html\" target=\"_blank\" rel=\"Follow noopener\">confirmaron el primer muerto<\/a> de las protestas, Diubis Laurencio Tejeda, de 36 a\u00f1os, en Arroyo Naranjo, donde hubo un fuerte despliegue policial y enfrentamientos entre la polic\u00eda y manifestantes el lunes.<\/p>\n<p><img loading=\"lazy\" decoding=\"async\" class=\"alignnone size-custom-full-size wp-image-498691\" src=\"https:\/\/diarioelpopular.com\/wp-content\/uploads\/2021\/07\/E6LWYWvXMAMpyfN-636x355.jpg\" alt=\"\" width=\"636\" height=\"355\" srcset=\"https:\/\/diarioelpopular.com\/wp-content\/uploads\/2021\/07\/E6LWYWvXMAMpyfN-636x355.jpg 636w, https:\/\/diarioelpopular.com\/wp-content\/uploads\/2021\/07\/E6LWYWvXMAMpyfN-300x167.jpg 300w, https:\/\/diarioelpopular.com\/wp-content\/uploads\/2021\/07\/E6LWYWvXMAMpyfN-131x73.jpg 131w, https:\/\/diarioelpopular.com\/wp-content\/uploads\/2021\/07\/E6LWYWvXMAMpyfN.jpg 679w\" sizes=\"auto, (max-width: 636px) 100vw, 636px\" \/><\/p>\n<p><em>&#8220;\u00a1Lo mataron, lo mataron!&#8221;, grita la multitud que rodea a un hombre malherido en un video compartido en varias plataformas este martes. La muchedumbre increpa tambi\u00e9n a los polic\u00edas que lo agredieron, en una calle sin identificar.<\/em><\/p>\n<p>Holgu\u00edn, Manzanillo, C\u00e1rdenas fueron algunas de las ciudades m\u00e1s activas en las protestas el lunes, y aunque la capital estuvo fuertemente controlada por las tropas antimotines, en la noche se reportaron protestasespec\u00edficamente en el vecindario Capri, donde viven muchos \u201csegurosos\u201d, como llaman a los que est\u00e1n vinculados a la polic\u00eda pol\u00edtica.<\/p>\n<p>\u201cEsos polic\u00edas ten\u00edan en un sin vivir a los negocios de all\u00ed\u201d, dijo en las redes una persona, indicando uno de los descontentos m\u00e1s evidentes de los emprendedores cubanos, a quienes el gobierno ahog\u00f3 y les cerr\u00f3 de nuevo los caminos despu\u00e9s de la flexibilizaci\u00f3n resultado de la visita del presidente Obama.<\/p>\n<p>A trav\u00e9s de las redes sociales llegaban temprano en la tarde del martes reportes de manifestaciones en Camag\u00fcey, C\u00e1rdenas y el municipio de Guanabacoa, en La Habana.<\/p>\n<p>\u201cHay manifestaciones grandes ahora mismo en ese municipio, hay enfrentamientos de manifestantes con polic\u00edas y brigadas especiales que llegaron violentos reprimiendo la manifestaci\u00f3n. No hay internet por datos m\u00f3viles\u201d, escribi\u00f3 en Twitter el activista Jorge Capote Arias.<\/p>\n<p>Hasta el martes se han reportado cientos de detenidos y desaparecidos, de los que sus familiares desesperados reclaman noticias. Tambi\u00e9n desde la isla el diario 14ymedio reporta que<a href=\"https:\/\/noticuba.tech\/cuba\/represion-protestas-manifestaciones-muertos-heridos-11JCuba-11J-11_de_julio_0_3129886984.html\" target=\"_blank\" rel=\"Follow noopener\">han recibido informaci\u00f3n de otras muertes<\/a>, que el Nuevo Herald no ha podido confirmar de manera independiente.<\/p>\n<p>Sin internet y con escaso acceso a los redes sociales, los cubanos se sienten aun m\u00e1s desprotegidos y tratan de enviar mensajes pidiendo ayuda. Al mismo tiempo ha arreciado la campa\u00f1a de desinformaci\u00f3n del gobierno, que ha bloqueado el internet y las redes sociales, y manipula la informaci\u00f3n en los medios oficiales diciendo que las protestas son realizadas por delincuentes que asaltan las tiendas que venden productos en divisas.<\/p>\n<p>En una transmisi\u00f3n del programa televisivo Mesa Redonda dedicado a las protestas, el r\u00e9gimen reconoci\u00f3 que hab\u00eda bloqueado el acceso a internet.<\/p>\n<p>Arleen Rodr\u00edguez Derivet, subdirectora de la Mesa Redonda, dijo que hab\u00eda \u201cuna sola pena que me da, porque entiendo como periodista, la medida del corte de las redes sociales, porque es el \u00e1rea donde se est\u00e1 organizando la guerra contra Cuba\u201d, dijo en televisi\u00f3n nacional.<\/p>\n<p><img loading=\"lazy\" decoding=\"async\" class=\"alignnone size-custom-full-size wp-image-498690\" src=\"https:\/\/diarioelpopular.com\/wp-content\/uploads\/2021\/07\/67be4ebf-4adc-463b-aa48-2fa374c10b9e-636x629.jpg\" alt=\"\" width=\"636\" height=\"629\" srcset=\"https:\/\/diarioelpopular.com\/wp-content\/uploads\/2021\/07\/67be4ebf-4adc-463b-aa48-2fa374c10b9e-636x629.jpg 636w, https:\/\/diarioelpopular.com\/wp-content\/uploads\/2021\/07\/67be4ebf-4adc-463b-aa48-2fa374c10b9e-300x297.jpg 300w, https:\/\/diarioelpopular.com\/wp-content\/uploads\/2021\/07\/67be4ebf-4adc-463b-aa48-2fa374c10b9e-768x760.jpg 768w, https:\/\/diarioelpopular.com\/wp-content\/uploads\/2021\/07\/67be4ebf-4adc-463b-aa48-2fa374c10b9e-74x73.jpg 74w, https:\/\/diarioelpopular.com\/wp-content\/uploads\/2021\/07\/67be4ebf-4adc-463b-aa48-2fa374c10b9e.jpg 1024w\" sizes=\"auto, (max-width: 636px) 100vw, 636px\" \/><\/p>\n<p><em>Magdelys Cuberlo, de 22 a\u00f1os, est\u00e1 desaparecida. Particip\u00f3 en las protestas con su amiga, Yohana Estrada.<\/em><\/p>\n<h3><em>ACTIVISTAS Y PERIODISTAS INDEPENDIENTES CERCADOS<\/em><\/h3>\n<p>Desde La Habana y bajo vigilancia constante, Yoani S\u00e1nchez inform\u00f3 que las casas de activistas y periodistas son controladas por operativos policiales. Varios reporteros est\u00e1n presos en estaciones de polic\u00eda o en paradero desconocido. Los tel\u00e9fonos m\u00f3viles est\u00e1n sin acceso a internet y los fijos les cortaron la comunicaci\u00f3n.<\/p>\n<p>&nbsp;<\/p>\n<p>\u201cHay muertos, heridos, detenidos y desaparecidos. No se sabe con precisi\u00f3n cu\u00e1ntos ni d\u00f3nde, porque el corte de internet y de l\u00edneas telef\u00f3nicas es generalizado en Cuba. <a href=\"https:\/\/twitter.com\/hashtag\/SOSCuba?src=hashtag_click\">#SOSCuba<\/a>\u201d, tuite\u00f3 S\u00e1nchez, que tambi\u00e9n comparti\u00f3 im\u00e1genes de un hombre herido en las protestas.<\/p>\n<p>\u201c \u2018\u00a1Lo mataron, lo mataron!\u2019\u201d , grita la multitud que rodea a un hombre malherido en un video compartido en varias plataformas este martes. La muchedumbre increpa tambi\u00e9n a los polic\u00edas que lo agredieron, en una calle sin identificar\u201d, dijo S\u00e1nchez, confirmando que los reporteros independientes tratan de seguir informando.<\/p>\n<p>\u201cPoco a poco, v\u00eda t\u00faneles encriptados, mensajer\u00eda y redes sociales, se va conociendo el saldo de la represi\u00f3n contra el levantamiento popular, multitudinario e in\u00e9dito, que comenz\u00f3 el domingo por todo el pa\u00eds\u201d, a\u00f1adi\u00f3.<\/p>\n<p>La artista pl\u00e1stica y activista Tania Bruguera, una las opositoras con mayor proyecci\u00f3n internacional por el reconocimiento que recibe su obra, est\u00e1 incomunicada, sin acceso a internet y es vigilada \u201cpor nueve agentes fuera de la casa, 16 \u201cboinas negras\u201d, tres mujeres del Ministerio del Interior, dos patrullas y ocho polic\u00edas\u201d, dijo una artista cercana a Bruguera.<\/p>\n<p>La prensa extranjera tambi\u00e9n ha sido atacada por las fuerzas represivas del r\u00e9gimen. La periodista <a href=\"https:\/\/www.abc.es\/internacional\/abci-corresponsal-abc-camila-acosta-detenida-informar-protestas-cuba-202107122103_noticia.html\" target=\"_blank\" rel=\"Follow noopener\">Camila Acosta, corresponsal en Cuba<\/a> del diario espa\u00f1ol ABC y colaboradora del sitio online Cubanet News, fue detenida el lunes y amenazaron con procesarla por \u201cdelitos contra la Seguridad del Estado\u201d. Luego el r\u00e9gimen le dijo que <a href=\"https:\/\/www.abc.es\/internacional\/abci-cambian-cargos-contra-corresponsal-abc-camila-acosta-desorden-publico-y-desacato-202107132230_noticia.html\" target=\"_blank\" rel=\"Follow noopener\">cambiar\u00edan los cargos<\/a> a \u201cdesacato y desorden p\u00fablico.\u201d Acosta sigue detenida en la estaci\u00f3n de polic\u00eda de Infanta y Manglar.<\/p>\n<p>\u201cEs importante destacar que periodistas que cubrieron la manifestaci\u00f3n fueron agredidos, entre ellos, el fotoreportero de la agencia Associated Press (AP) Ram\u00f3n Espinosa\u201d, dijo un comunicado enviado por Prisoners Defenders.<\/p>\n<p>Tambi\u00e9n la misma organizaci\u00f3n inform\u00f3 que no hab\u00edan podido ser localizados los cubanos Henry Constant\u00edn, director de la Hora de Cuba; Iris Mari\u00f1o Garc\u00eda, Neife Rigau, Orelvys Cabrera Sotolongo, Rolando Rodr\u00edguez Lobaina, Niober Garc\u00eda, y est\u00e1 detenido el director de Tremenda Nota, Maykel Gonz\u00e1lez Vivero.<\/p>\n<h3><em>DESAPARECIDOS Y HERIDOS EN OLA REPRESIVA EN CUBA<\/em><\/h3>\n<p>El l\u00edder del Movimiento San Isidro, Luis Manuel Otero Alc\u00e1ntara, est\u00e1 detenido desde el lunes y se encuentra en Villa Marista, el cuartel principal de la polic\u00eda pol\u00edtica.<\/p>\n<p>\u201cSali\u00f3 a manifestar como miles de cubanos. En el momento de su detenci\u00f3n estaba sentado en Prado, dijo un <i>post <\/i>del Movimiento San Isidro en Instagram. \u201cEst\u00e1 en Villa Marista. Responsabilizamos a la dictadura cubana por su integridad\u201d.<\/p>\n<p>El martes fue <a href=\"https:\/\/www.cuatro.com\/todoesmentira\/dina-stars-policia-cubana-llevan_18_3169698658.html\" target=\"_blank\" rel=\"Follow noopener\">detenida la influencer Dina Starts<\/a> mientras daba una entrevista a una televisora espa\u00f1ola.<\/p>\n<div>Hasta este lunes hab\u00edan contabilizado <a href=\"https:\/\/www.elnuevoherald.com\/noticias\/mundo\/america-latina\/cuba-es\/article252737913.html\" target=\"_blank\" rel=\"Follow noopener\">58 detenidos en Cuba<\/a>, seg\u00fan el Movimiento San Isidro y la Fundaci\u00f3n para la Democracia Panamericana, pero como indic\u00f3 S\u00e1nchez los detenidos y desaparecidos se cuentan por miles.<\/p>\n<div><\/div>\n<\/div>\n","protected":false},"excerpt":{"rendered":"<p>Las tropas antimotines y &#8220;los revolucionarios&#8221; con palos en las manos han tomado las calles e impiden que la gente salga. Las protestas y la&hellip;<\/p>\n","protected":false},"author":99,"featured_media":498695,"comment_status":"open","ping_status":"open","sticky":false,"template":"","format":"standard","meta":{"footnotes":""},"categories":[23],"tags":[],"class_list":["post-498689","post","type-post","status-publish","format-standard","has-post-thumbnail","hentry","category-latinoamerica"],"_links":{"self":[{"href":"https:\/\/diarioelpopular.com\/index.php\/wp-json\/wp\/v2\/posts\/498689","targetHints":{"allow":["GET"]}}],"collection":[{"href":"https:\/\/diarioelpopular.com\/index.php\/wp-json\/wp\/v2\/posts"}],"about":[{"href":"https:\/\/diarioelpopular.com\/index.php\/wp-json\/wp\/v2\/types\/post"}],"author":[{"embeddable":true,"href":"https:\/\/diarioelpopular.com\/index.php\/wp-json\/wp\/v2\/users\/99"}],"replies":[{"embeddable":true,"href":"https:\/\/diarioelpopular.com\/index.php\/wp-json\/wp\/v2\/comments?post=498689"}],"version-history":[{"count":1,"href":"https:\/\/diarioelpopular.com\/index.php\/wp-json\/wp\/v2\/posts\/498689\/revisions"}],"predecessor-version":[{"id":498696,"href":"https:\/\/diarioelpopular.com\/index.php\/wp-json\/wp\/v2\/posts\/498689\/revisions\/498696"}],"wp:featuredmedia":[{"embeddable":true,"href":"https:\/\/diarioelpopular.com\/index.php\/wp-json\/wp\/v2\/media\/498695"}],"wp:attachment":[{"href":"https:\/\/diarioelpopular.com\/index.php\/wp-json\/wp\/v2\/media?parent=498689"}],"wp:term":[{"taxonomy":"category","embeddable":true,"href":"https:\/\/diarioelpopular.com\/index.php\/wp-json\/wp\/v2\/categories?post=498689"},{"taxonomy":"post_tag","embeddable":true,"href":"https:\/\/diarioelpopular.com\/index.php\/wp-json\/wp\/v2\/tags?post=498689"}],"curies":[{"name":"wp","href":"https:\/\/api.w.org\/{rel}","templated":true}]}}