{"id":498698,"date":"2021-07-15T10:19:57","date_gmt":"2021-07-15T14:19:57","guid":{"rendered":"https:\/\/diarioelpopular.com\/?p=498698"},"modified":"2021-07-15T10:19:57","modified_gmt":"2021-07-15T14:19:57","slug":"chile-disparos-al-aire-despiden-a-joven-mapuche-muerto","status":"publish","type":"post","link":"https:\/\/diarioelpopular.com\/index.php\/2021\/07\/15\/chile-disparos-al-aire-despiden-a-joven-mapuche-muerto\/","title":{"rendered":"Chile: Disparos al aire despiden a joven mapuche muerto"},"content":{"rendered":"<h4><img loading=\"lazy\" decoding=\"async\" class=\"alignnone size-custom-full-size wp-image-498699\" src=\"https:\/\/diarioelpopular.com\/wp-content\/uploads\/2021\/07\/a8327423a9c8b9549781faa70f66e7aa-636x423.jpg\" alt=\"\" width=\"636\" height=\"423\" srcset=\"https:\/\/diarioelpopular.com\/wp-content\/uploads\/2021\/07\/a8327423a9c8b9549781faa70f66e7aa-636x423.jpg 636w, https:\/\/diarioelpopular.com\/wp-content\/uploads\/2021\/07\/a8327423a9c8b9549781faa70f66e7aa-300x200.jpg 300w, https:\/\/diarioelpopular.com\/wp-content\/uploads\/2021\/07\/a8327423a9c8b9549781faa70f66e7aa-768x511.jpg 768w, https:\/\/diarioelpopular.com\/wp-content\/uploads\/2021\/07\/a8327423a9c8b9549781faa70f66e7aa-110x73.jpg 110w, https:\/\/diarioelpopular.com\/wp-content\/uploads\/2021\/07\/a8327423a9c8b9549781faa70f66e7aa.jpg 945w\" sizes=\"auto, (max-width: 636px) 100vw, 636px\" \/><\/h4>\n<p><em>Marcha de mapuches en Chile<\/em><\/p>\n<h4><em><strong>Multitudinario eluwun; gobierno se querell\u00f3 por uso de armas<\/strong><\/em><\/h4>\n<p><em><strong>SANTIAGO DE CHILE, 15 JUL &#8211;<\/strong><\/em> Miles de comuneros de las distintas comunidades mapuche de la regi\u00f3n de la Araucan\u00eda (670 kil\u00f3metros al sur de Santiago), asistieron al Eluwun (funeral) del joven mapuche Pablo Marchant (29).<br \/>\nEl weichafe (guerrero) de la Coordinadora Arauco Malleco (CAM) muri\u00f3 el viernes por un disparo en la cabeza hecho por un carabinero a dos metros de distancia. La versi\u00f3n oficial habl\u00f3 de un enfrentamiento durante la ocupaci\u00f3n territorial en el sector de Pidinco de la hacienda Santa Ana de la forestal Mininco en el marco de la recuperaci\u00f3n de tierras ancestrales.<br \/>\nEn el mismo lugar fue herido el trabajador de la forestal, Ceferino Gonz\u00e1lez, quien se encuentra grave internado en el hospital de Temuco por un disparo en la zona abdominal, de un arma calibre 5.56.<br \/>\nEl joven, exestudiante de Antropolog\u00eda, no ten\u00eda apellidos mapuche, pero era de ascendencia ind\u00edgena por el lado de su abuela.<br \/>\n&#8220;El ten\u00eda una identificaci\u00f3n respecto a ese tuw\u00fcn -origen territorial- y k\u00fcpalme -antepasados- lo sent\u00eda muy compenetrado cuando entr\u00f3 a estudiar, se sent\u00eda muy identificado&#8221;, cuenta un cercano. En la universidad estudiando antropolog\u00eda, Pablo Marchant, o &#8220;To\u00f1ito&#8221; como lo llamaba su c\u00edrculo cercano, ya participaba en redes de apoyo y jornadas ligadas a la causa mapuche.<br \/>\nPablo Marchant militaba en un Organo de Resistencia Territorial (ORT) de la Coordinadora Arauco Malleco (CAM), que encabeza H\u00e9ctor Llaitul.<br \/>\nEl mismo viernes, la Fiscal\u00eda inform\u00f3 que el joven muerto era el hijo de Llaitul y pidieron al hist\u00f3rico dirigente fuera a reconocer su cuerpo, lo que provoc\u00f3 conmoci\u00f3n en el mundo ind\u00edgena y sus adherentes. El rostro estaba irreconocible, abri\u00e9ndose una de las primeras interrogantes en este nuevo hecho de violencia en la Araucan\u00eda.<br \/>\nLlaitul, en cuya casa viv\u00eda el joven, coment\u00f3 al medio Interferencia que &#8220;To\u00f1ito&#8221; desarroll\u00f3 gran parte de su espiritualidad en lo que es el mundo mapuche, &#8220;por eso se quiso quedar en el territorio donde se lucha, quedar cerca de nuestro ngen, pu newen, de nuestros f\u00fctakeche (ancianos)&#8221;.<br \/>\nLlaitul dejo en claro que el funeral se hizo &#8220;en un lugar donde estamos disputando territorialmente con el enemigo, donde estamos haciendo transformaciones en la mapu (tierra), en lo estructural, pol\u00edtico e ideol\u00f3gico. Lo llevamos a un rewe del territorio nagche y ah\u00ed haremos el eluwun en un proceso de recuperaci\u00f3n en contra de una forestal, que fue del extractivismo y ahora pasa a ser del mundo mapuche. Pretendemos dejarlo en un eltuwe mapuche ancestral donde estuvo antes nuestro futakeche y que lo queremos recomponer para todos aquellos que se sientan comprometidos, para que sea un s\u00edmbolo de las resistencias&#8221;.<br \/>\nEl fin de semana, el f\u00e9retro fue custodiado por j\u00f3venes encapuchados con armas largas, lo que se viraliz\u00f3 el lunes y provoc\u00f3 la condena del gobierno, quien se querell\u00f3 y exigi\u00f3 a todo el mundo pol\u00edtico condenar la violencia.<br \/>\nEl gobierno pidi\u00f3 que se individualice a las personas que se ven en las im\u00e1genes y se procediera &#8220;a realizar previa autorizaci\u00f3n judicial, diligencia de entrada y registro del lugar donde se encuentran las armas&#8221; y as\u00ed efectuar la incautaci\u00f3n del armamento &#8220;a la brevedad&#8221;.<br \/>\nEl subsecretario del Interior, Juan Francisco Galli, coment\u00f3 que &#8220;las im\u00e1genes de las armas de fuego de alto calibre exhibidas en el funeral de la persona fallecida en un ataque incendiario en que result\u00f3 tambi\u00e9n gravemente herido un adulto mayor trabajador forestal son solo el reflejo de lo que venimos denunciando en la Macrozona Sur&#8221;.<br \/>\nDijo que &#8220;llevamos meses incautando drogas, armas y desbaratando bandas dedicadas al narcotr\u00e1fico. No ha sido f\u00e1cil, como consecuencia de ello, perdi\u00f3 su vida el inspector Morales en Temucuicui. As\u00ed tambi\u00e9n fueron asesinados el ahora SOM Nain Caniumil y el sargento Benavides&#8221;, dijo Galli.<br \/>\nMencion\u00f3 tambi\u00e9n el secuestro, tortura y asesinato de personas donde aparece vinculada la hermana de otro connotado dirigente mapuche.<br \/>\n&#8220;Justamente por eso, para evitar esa violencia, nadie puede ni jactarse ni validar el uso de armamentos de guerra, que solo sirve para matar a otros&#8221;, subray\u00f3 Galli.<br \/>\nEn las \u00faltimas horas de noche, en el canal La Red se conoci\u00f3 parte del informe (bajo reserva) de Fiscal\u00eda donde los trabajadores de Mininco relatan que el viernes llegaron militantes de la CAM y les pidieron que no salieran durante la ocupaci\u00f3n de la hacienda.<br \/>\nAl lugar, que cuenta con guardias privados y custodia policial, llegaron carabineros, por lo que se le pidi\u00f3 al trabajador que fuera a pedirle que se fueran.<\/p>\n","protected":false},"excerpt":{"rendered":"<p>Marcha de mapuches en Chile Multitudinario eluwun; gobierno se querell\u00f3 por uso de armas SANTIAGO DE CHILE, 15 JUL &#8211; Miles de comuneros de las&hellip;<\/p>\n","protected":false},"author":99,"featured_media":498699,"comment_status":"open","ping_status":"open","sticky":false,"template":"","format":"standard","meta":{"footnotes":""},"categories":[23],"tags":[],"class_list":["post-498698","post","type-post","status-publish","format-standard","has-post-thumbnail","hentry","category-latinoamerica"],"_links":{"self":[{"href":"https:\/\/diarioelpopular.com\/index.php\/wp-json\/wp\/v2\/posts\/498698","targetHints":{"allow":["GET"]}}],"collection":[{"href":"https:\/\/diarioelpopular.com\/index.php\/wp-json\/wp\/v2\/posts"}],"about":[{"href":"https:\/\/diarioelpopular.com\/index.php\/wp-json\/wp\/v2\/types\/post"}],"author":[{"embeddable":true,"href":"https:\/\/diarioelpopular.com\/index.php\/wp-json\/wp\/v2\/users\/99"}],"replies":[{"embeddable":true,"href":"https:\/\/diarioelpopular.com\/index.php\/wp-json\/wp\/v2\/comments?post=498698"}],"version-history":[{"count":1,"href":"https:\/\/diarioelpopular.com\/index.php\/wp-json\/wp\/v2\/posts\/498698\/revisions"}],"predecessor-version":[{"id":498700,"href":"https:\/\/diarioelpopular.com\/index.php\/wp-json\/wp\/v2\/posts\/498698\/revisions\/498700"}],"wp:featuredmedia":[{"embeddable":true,"href":"https:\/\/diarioelpopular.com\/index.php\/wp-json\/wp\/v2\/media\/498699"}],"wp:attachment":[{"href":"https:\/\/diarioelpopular.com\/index.php\/wp-json\/wp\/v2\/media?parent=498698"}],"wp:term":[{"taxonomy":"category","embeddable":true,"href":"https:\/\/diarioelpopular.com\/index.php\/wp-json\/wp\/v2\/categories?post=498698"},{"taxonomy":"post_tag","embeddable":true,"href":"https:\/\/diarioelpopular.com\/index.php\/wp-json\/wp\/v2\/tags?post=498698"}],"curies":[{"name":"wp","href":"https:\/\/api.w.org\/{rel}","templated":true}]}}