{"id":498710,"date":"2021-07-15T10:32:07","date_gmt":"2021-07-15T14:32:07","guid":{"rendered":"https:\/\/diarioelpopular.com\/?p=498710"},"modified":"2021-07-15T10:32:07","modified_gmt":"2021-07-15T14:32:07","slug":"la-vergonzosa-postura-de-mexico-y-argentina-sobre-regimen-de-cuba-read-more-here-https-www-elnuevoherald-com-opinion-es-opin-col-blogs-andres-oppenheimer-es-article252789878-html-storylink-cpy","status":"publish","type":"post","link":"https:\/\/diarioelpopular.com\/index.php\/2021\/07\/15\/la-vergonzosa-postura-de-mexico-y-argentina-sobre-regimen-de-cuba-read-more-here-https-www-elnuevoherald-com-opinion-es-opin-col-blogs-andres-oppenheimer-es-article252789878-html-storylink-cpy\/","title":{"rendered":"La vergonzosa postura de M\u00e9xico y Argentina sobre r\u00e9gimen de Cuba  Read more here: https:\/\/www.elnuevoherald.com\/opinion-es\/opin-col-blogs\/andres-oppenheimer-es\/article252789878.html#storylink=cpy"},"content":{"rendered":"<p><img loading=\"lazy\" decoding=\"async\" class=\"alignnone size-custom-full-size wp-image-498711\" src=\"https:\/\/diarioelpopular.com\/wp-content\/uploads\/2021\/07\/protest-636x357.jpg\" alt=\"\" width=\"636\" height=\"357\" srcset=\"https:\/\/diarioelpopular.com\/wp-content\/uploads\/2021\/07\/protest-636x357.jpg 636w, https:\/\/diarioelpopular.com\/wp-content\/uploads\/2021\/07\/protest-300x168.jpg 300w, https:\/\/diarioelpopular.com\/wp-content\/uploads\/2021\/07\/protest.jpg 768w, https:\/\/diarioelpopular.com\/wp-content\/uploads\/2021\/07\/protest-130x73.jpg 130w\" sizes=\"auto, (max-width: 636px) 100vw, 636px\" \/><\/p>\n<p><em><strong><a href=\"mailto:aoppenheimer@miamiherald.com\">POR ANDRES OPPENHEIMER<\/a><\/strong><\/em><\/p>\n<p>Si hubiera una medalla para la hipocres\u00eda pol\u00edtica, o para el desd\u00e9n por los derechos humanos, habr\u00eda que d\u00e1rselas a los presidentes de M\u00e9xico y Argentina por su vergonzosa respuesta a las protestas pac\u00edficas del 11 de julio en Cuba. En lugar de pedir la protecci\u00f3n de la libertad de expresi\u00f3n, <a href=\"https:\/\/www.elnuevoherald.com\/noticias\/mundo\/america-latina\/cuba-es\/article252776278.html\" target=\"_blank\" rel=\"Follow noopener\">est\u00e1n defendiendo una de las dictaduras antiguas y represivas del mundo.<\/a><\/p>\n<p>Los presidentes populistas Andr\u00e9s Manuel L\u00f3pez Obrador de M\u00e9xico y Alberto Fern\u00e1ndez de Argentina est\u00e1n entre los pocos l\u00edderes del continente &#8211; sin contar a los dictadores izquierdistas de Venezuela y Nicaragua y al presidente de Bolivia &#8211; que de hecho se pusieron del lado de la dictadura cubana.<\/p>\n<p>Estados Unidos, Canad\u00e1, Brasil, Per\u00fa, Chile, Uruguay y Per\u00fa, entre otros, condenaron la represi\u00f3n contra las masivas manifestaciones pac\u00edficas en Cuba. Incluso el gobierno socialista de Espa\u00f1a exigi\u00f3 que Cuba respete el derecho fundamental de su pueblo a participar en manifestaciones \u201clibres y pac\u00edficas\u201d.<\/p>\n<p>Pero L\u00f3pez Obrador y Fern\u00e1ndez, quienes a menudo coordinan su pol\u00edtica exterior, se hicieron eco de la absurda afirmaci\u00f3n del r\u00e9gimen cubano de que las mayores protestas sociales de Cuba en las \u00faltimas d\u00e9cadas fueron culpa de Washington. Al menos un manifestante muri\u00f3 y m\u00e1s de 140 personas fueron arrestadas o \u201cdesaparecidas\u201d, seg\u00fan grupos de derechos humanos.<\/p>\n<p>En la hist\u00f3rica manifestaci\u00f3n del domingo, los manifestantes marchaban por las calles coreando \u201cPatria y Vida\u201d (\u00a1Patria y vida!), en respuesta al lema \u201cPatria o Muerte!\u201d del fallecido dictador Fidel Castro. Los manifestantes protestaban por el mal manejo del r\u00e9gimen de la pandemia de COVID-19, el desmoronamiento del sistema hospitalario, la escasez de alimentos, los cortes de electricidad y la falta de libertades b\u00e1sicas.<\/p>\n<p><span style=\"line-height: 1.5;\">Pero L\u00f3pez Obrador se neg\u00f3 a condenar la represi\u00f3n policial cubana, diciendo que \u201csi de verdad se quiere ayudar a Cuba, lo primero que se deber\u00eda hacer es suspender el bloqueo\u201d. Agreg\u00f3 que el pueblo cubano debe elegir su destino, libre de presiones externas.<\/span><\/p>\n<p>El presidente Fern\u00e1ndez, de Argentina, dijo m\u00e1s o menos lo mismo. \u201cYo no s\u00e9 qu\u00e9 est\u00e1 pasando, pero terminemos con los bloqueos\u201d, dijo Fern\u00e1ndez, como si no hubiera le\u00eddo los titulares de primera plana sobre Cuba en los peri\u00f3dicos de su propio pa\u00eds.<\/p>\n<p>Pero los argumentos de L\u00f3pez Obrador y Fern\u00e1ndez, que han sido repetidos por la izquierda jur\u00e1sica desde hace d\u00e9cadas, suenan m\u00e1s absurdos que nunca.<\/p>\n<p>Primero, t\u00e9cnicamente no hay un \u201cbloqueo\u201d contra Cuba. Existe un embargo desde 1962 sobre el comercio de Estados Unidos a Cuba que fue impuesto por Washington tras la expropiaci\u00f3n de empresas estadounidenses en Cuba.<\/p>\n<p>Pero, independientemente de que muchos lo veamos como contraproducente, no es un bloqueo naval de la isla. Cuba comercia actualmente con 70 pa\u00edses, seg\u00fan cifras del gobierno cubano.<\/p>\n<p>Y el embargo tiene tantas excepciones, que Estados Unidos es uno de los 15 socios comerciales m\u00e1s grandes de Cuba, y es el mayor proveedor de alimentos y productos agr\u00edcolas a la isla,<a href=\"https:\/\/www.state.gov\/u-s-relations-with-cuba\/\" target=\"_blank\" rel=\"Follow noopener\">segun cifras del Departamento de Estado.<\/a><\/p>\n<p>En segundo lugar, con respecto a la afirmaci\u00f3n de que es el \u201cpueblo cubano\u201d quien debe determinar su destino, por supuesto que debe ser as\u00ed. Pero es la dictadura cubana, no Washington, quien no permite que el pueblo cubano decida su propio futuro, al negarle el derecho b\u00e1sico a elecciones libres.<\/p>\n<p>En tercer lugar, cabe se\u00f1alar que L\u00f3pez Obrador y Fern\u00e1ndez han condenado el uso excesivo de la fuerza policial en Colombia, un pa\u00eds que tiene elecciones libres, pero no dicen nada sobre el uso excesivo de la fuerza policial en una dictadura como Cuba.<\/p>\n<p>\u201cParece que para L\u00f3pez Obrador y Fern\u00e1ndez deber\u00eda haber derechos humanos para las v\u00edctimas de la represi\u00f3n policial en Colombia o Chile, pero no para las v\u00edctimas de la represi\u00f3n policial en Cuba o Nicaragua\u201d, dice Santiago Canton, experto en estado de derecho del centro de estudios Di\u00e1logo Interamericano en Washington DC. \u201cClaramente, para ellos, los derechos humanos son solo para aquellos que piensan como ellos\u201d.<\/p>\n<p>Cuanto m\u00e1s lo pienso, m\u00e1s convencido estoy de que los grupos internacionales de derechos humanos deber\u00edan comenzar a dar premios a la hipocres\u00eda pol\u00edtica. Y los presidentes de M\u00e9xico y Argentina deber\u00edan estar entre los principales contendientes.<\/p>\n","protected":false},"excerpt":{"rendered":"<p>POR ANDRES OPPENHEIMER Si hubiera una medalla para la hipocres\u00eda pol\u00edtica, o para el desd\u00e9n por los derechos humanos, habr\u00eda que d\u00e1rselas a los presidentes&hellip;<\/p>\n","protected":false},"author":99,"featured_media":498711,"comment_status":"open","ping_status":"open","sticky":false,"template":"","format":"standard","meta":{"footnotes":""},"categories":[23],"tags":[],"class_list":["post-498710","post","type-post","status-publish","format-standard","has-post-thumbnail","hentry","category-latinoamerica"],"_links":{"self":[{"href":"https:\/\/diarioelpopular.com\/index.php\/wp-json\/wp\/v2\/posts\/498710","targetHints":{"allow":["GET"]}}],"collection":[{"href":"https:\/\/diarioelpopular.com\/index.php\/wp-json\/wp\/v2\/posts"}],"about":[{"href":"https:\/\/diarioelpopular.com\/index.php\/wp-json\/wp\/v2\/types\/post"}],"author":[{"embeddable":true,"href":"https:\/\/diarioelpopular.com\/index.php\/wp-json\/wp\/v2\/users\/99"}],"replies":[{"embeddable":true,"href":"https:\/\/diarioelpopular.com\/index.php\/wp-json\/wp\/v2\/comments?post=498710"}],"version-history":[{"count":1,"href":"https:\/\/diarioelpopular.com\/index.php\/wp-json\/wp\/v2\/posts\/498710\/revisions"}],"predecessor-version":[{"id":498712,"href":"https:\/\/diarioelpopular.com\/index.php\/wp-json\/wp\/v2\/posts\/498710\/revisions\/498712"}],"wp:featuredmedia":[{"embeddable":true,"href":"https:\/\/diarioelpopular.com\/index.php\/wp-json\/wp\/v2\/media\/498711"}],"wp:attachment":[{"href":"https:\/\/diarioelpopular.com\/index.php\/wp-json\/wp\/v2\/media?parent=498710"}],"wp:term":[{"taxonomy":"category","embeddable":true,"href":"https:\/\/diarioelpopular.com\/index.php\/wp-json\/wp\/v2\/categories?post=498710"},{"taxonomy":"post_tag","embeddable":true,"href":"https:\/\/diarioelpopular.com\/index.php\/wp-json\/wp\/v2\/tags?post=498710"}],"curies":[{"name":"wp","href":"https:\/\/api.w.org\/{rel}","templated":true}]}}