{"id":498737,"date":"2021-07-16T10:52:14","date_gmt":"2021-07-16T14:52:14","guid":{"rendered":"https:\/\/diarioelpopular.com\/?p=498737"},"modified":"2021-07-16T10:52:14","modified_gmt":"2021-07-16T14:52:14","slug":"un-poco-de-alivio-para-chile","status":"publish","type":"post","link":"https:\/\/diarioelpopular.com\/index.php\/2021\/07\/16\/un-poco-de-alivio-para-chile\/","title":{"rendered":"Un poco de alivio para Chile"},"content":{"rendered":"<h4><img loading=\"lazy\" decoding=\"async\" class=\"alignnone size-custom-full-size wp-image-498738\" src=\"https:\/\/diarioelpopular.com\/wp-content\/uploads\/2021\/07\/fdaf8dc7b51ee064ef384506a1a02941-636x423.jpg\" alt=\"\" width=\"636\" height=\"423\" srcset=\"https:\/\/diarioelpopular.com\/wp-content\/uploads\/2021\/07\/fdaf8dc7b51ee064ef384506a1a02941-636x423.jpg 636w, https:\/\/diarioelpopular.com\/wp-content\/uploads\/2021\/07\/fdaf8dc7b51ee064ef384506a1a02941-300x200.jpg 300w, https:\/\/diarioelpopular.com\/wp-content\/uploads\/2021\/07\/fdaf8dc7b51ee064ef384506a1a02941-768x511.jpg 768w, https:\/\/diarioelpopular.com\/wp-content\/uploads\/2021\/07\/fdaf8dc7b51ee064ef384506a1a02941-110x73.jpg 110w, https:\/\/diarioelpopular.com\/wp-content\/uploads\/2021\/07\/fdaf8dc7b51ee064ef384506a1a02941.jpg 945w\" sizes=\"auto, (max-width: 636px) 100vw, 636px\" \/><\/h4>\n<p><em>Ocho millones de personas dejan de tener cuarentena en el \u00e1rea Metropolitana de Chile<\/em><\/p>\n<h4><em><strong>Baja positividad y menos casos respaldan la medida sanitaria<\/strong><\/em><\/h4>\n<p>SANTIAGO DE CHILE, 16 JUL.- Las 52 comunas de la regi\u00f3n Metropolitana de Chile avanzar\u00e1n a partir del lunes a fase 3 de Preparaci\u00f3n, en el marco del Plan Paso a Paso de desconfinamiento, lo que implica que cerca de ocho millones de personas ya no tendr\u00e1n cuarentena.<br \/>\nEl plan prev\u00e9, adem\u00e1s, ampliar los aforos en el comercio, permiti\u00e9ndose la actividad de cines, teatros, gimnasios y casinos.<br \/>\nAs\u00ed lo anunciaron las autoridades sanitarias, comunicando adem\u00e1s que cinco regiones -O&#8217;Higgins, Maule, \u00d1uble, Ays\u00e9n y Magallanes, todas del sur y extremo austral- tendr\u00e1n toque de queda a la medianoche, a diferencia del resto del pa\u00eds donde se mantiene desde las 22.00 hasta 5 de la madrugada.<br \/>\nPara que una comuna pueda acceder a un toque de queda reducido, se considera la tasa de casos activos, que debe ser inferior a 150, y un avance en la vacunaci\u00f3n sobre el 80%.<br \/>\nLa subsecretaria de Prevenci\u00f3n del Delito, Katherine Martorell, dio a conocer adem\u00e1s que los cementerios ser\u00e1n considerados parques o espacios &#8220;por lo tanto, desde la fase 1 de cuarentena en adelante, se pueden visitar, respetando los aforos que se establecen en el Plan Paso a Paso&#8221;. Las personas podr\u00e1n acudir, teniendo su permiso de desplazamiento o su pase de movilidad. Para efectos del protocolo de funerales, \u00e9sta tambi\u00e9n fue modificada: en cuarentena, el aforo ser\u00e1 para m\u00e1ximo 20 personas, y en Transici\u00f3n aumenta a 75 personas.<br \/>\nRespecto del avance en bloque de la regi\u00f3n Metropolitana (RM) a Preparaci\u00f3n, la subsecretaria de Salud, Paula Daza, explic\u00f3 que se debe a que &#8220;vemos que todas las comunas han disminuido sus indicadores en forma muy significativa en las \u00faltimas semanas&#8221;.<br \/>\nNo obstante, advirti\u00f3 que &#8220;tenemos que ir analizando c\u00f3mo siguen avanzando o retrocediendo los indicadores epidemiol\u00f3gicos&#8221;. De todas maneras, el foco se mantiene: &#8220;ir avanzando o retrocediendo en \u00e1reas territoriales amplias, para hacer un seguimiento y fiscalizaci\u00f3n&#8221;.<br \/>\nAl insistirle que otras 22 comunas del pa\u00eds avanzar\u00e1n tambi\u00e9n a Preparaci\u00f3n, pero de manera independiente -no por regi\u00f3n-, Daza explic\u00f3 que &#8220;en t\u00e9rminos generales, la RM tiene una alta movilidad entre una comuna y otra, y hoy d\u00eda vemos que pr\u00e1cticamente todas las comunas tienen muy buenos indicadores epidemiol\u00f3gicos&#8221;.<br \/>\nPor el contrario, aclar\u00f3 que &#8220;en otras zonas no avanzamos a la regi\u00f3n concreta porque tienen particularidades distintas, hay \u00e1reas rurales, \u00e1reas urbanas&#8221;.<br \/>\nEl ministro de Salud, Enrique Paris, acot\u00f3 que indicadores como los porcentajes de positividad PCR o la disminuci\u00f3n de casos, y en parte, la vacunaci\u00f3n, &#8220;dan cuenta que hay una respuesta homog\u00e9nea&#8221;. Esto &#8220;no significa que, si alguna comuna en el futuro se sale de esta norma, obviamente tenemos que revisarla, pero ideal ser\u00eda que toda la RM siguiera una norma precisa y que condujera a un mejor manejo de la pandemia&#8221;.<br \/>\nEl Ministerio de Salud (Minsal) report\u00f3 hoy 2.336 casos nuevos de Covid-19 con una positividad de 3,3%, la m\u00e1s baja de la pandemia, y destac\u00f3 que la ocupaci\u00f3n de camas a nivel nacional ha descendido a 89%, lo que no se ve\u00eda desde el 6 de enero de este a\u00f1o.<br \/>\nAdem\u00e1s se confirmaron 158 fallecimientos por causas asociadas al coronavirus (hace una semana fueron 186), con lo que la cifra de v\u00edctimas de la pandemia asciende a 34.207.<br \/>\nSeg\u00fan el subsecretario de Redes Asistenciales, Alberto Dougnac, la tendencia en el n\u00famero de fallecimientos diarios viene cayendo \u00faltimamente.<br \/>\nLa red de Laboratorios inform\u00f3 los resultados de 68.698 ex\u00e1menes PCR y test de ant\u00edgenos, con una positividad de 3,3% a nivel nacional, inferior al 4,4% de la semana pasada.<br \/>\nEn tanto, los casos activos llegaron hoy a 13.569, frente a los 17.590 del jueves pasado. Tambi\u00e9n se registr\u00f3 una baja de los pacientes Covid-19 que permanecen internados en una Unidad de Cuidados Intensivos (UCI), los que hoy ascienden a 2.184 (hace una semana eran 2.618).<br \/>\nDe \u00e9stos, 1.767 se encuentran en ventilaci\u00f3n mec\u00e1nica (versus 2.167 de la semana pasada).<br \/>\nLas personas vacunadas con primera dosis bordean los 13 millones (12.919.995) correspondientes al 85,0% de la poblaci\u00f3n objetivo, mientras que las que completaron el esquema de inoculaci\u00f3n representan el 75,6% al sumar 11.487.412.<\/p>\n","protected":false},"excerpt":{"rendered":"<p>Ocho millones de personas dejan de tener cuarentena en el \u00e1rea Metropolitana de Chile Baja positividad y menos casos respaldan la medida sanitaria SANTIAGO DE&hellip;<\/p>\n","protected":false},"author":99,"featured_media":498738,"comment_status":"open","ping_status":"open","sticky":false,"template":"","format":"standard","meta":{"footnotes":""},"categories":[23],"tags":[],"class_list":["post-498737","post","type-post","status-publish","format-standard","has-post-thumbnail","hentry","category-latinoamerica"],"_links":{"self":[{"href":"https:\/\/diarioelpopular.com\/index.php\/wp-json\/wp\/v2\/posts\/498737","targetHints":{"allow":["GET"]}}],"collection":[{"href":"https:\/\/diarioelpopular.com\/index.php\/wp-json\/wp\/v2\/posts"}],"about":[{"href":"https:\/\/diarioelpopular.com\/index.php\/wp-json\/wp\/v2\/types\/post"}],"author":[{"embeddable":true,"href":"https:\/\/diarioelpopular.com\/index.php\/wp-json\/wp\/v2\/users\/99"}],"replies":[{"embeddable":true,"href":"https:\/\/diarioelpopular.com\/index.php\/wp-json\/wp\/v2\/comments?post=498737"}],"version-history":[{"count":1,"href":"https:\/\/diarioelpopular.com\/index.php\/wp-json\/wp\/v2\/posts\/498737\/revisions"}],"predecessor-version":[{"id":498739,"href":"https:\/\/diarioelpopular.com\/index.php\/wp-json\/wp\/v2\/posts\/498737\/revisions\/498739"}],"wp:featuredmedia":[{"embeddable":true,"href":"https:\/\/diarioelpopular.com\/index.php\/wp-json\/wp\/v2\/media\/498738"}],"wp:attachment":[{"href":"https:\/\/diarioelpopular.com\/index.php\/wp-json\/wp\/v2\/media?parent=498737"}],"wp:term":[{"taxonomy":"category","embeddable":true,"href":"https:\/\/diarioelpopular.com\/index.php\/wp-json\/wp\/v2\/categories?post=498737"},{"taxonomy":"post_tag","embeddable":true,"href":"https:\/\/diarioelpopular.com\/index.php\/wp-json\/wp\/v2\/tags?post=498737"}],"curies":[{"name":"wp","href":"https:\/\/api.w.org\/{rel}","templated":true}]}}