{"id":498754,"date":"2021-07-17T10:46:00","date_gmt":"2021-07-17T14:46:00","guid":{"rendered":"https:\/\/diarioelpopular.com\/?p=498754"},"modified":"2021-07-17T10:46:00","modified_gmt":"2021-07-17T14:46:00","slug":"mexico-obrador-frustrado-por-la-gran-violencia","status":"publish","type":"post","link":"https:\/\/diarioelpopular.com\/index.php\/2021\/07\/17\/mexico-obrador-frustrado-por-la-gran-violencia\/","title":{"rendered":"M\u00e9xico: Obrador frustrado por la gran violencia"},"content":{"rendered":"<h4><img loading=\"lazy\" decoding=\"async\" class=\"alignnone size-custom-full-size wp-image-498755\" src=\"https:\/\/diarioelpopular.com\/wp-content\/uploads\/2021\/07\/4905c9f1abeb738545c9c59f699fb215-636x423.jpg\" alt=\"\" width=\"636\" height=\"423\" srcset=\"https:\/\/diarioelpopular.com\/wp-content\/uploads\/2021\/07\/4905c9f1abeb738545c9c59f699fb215-636x423.jpg 636w, https:\/\/diarioelpopular.com\/wp-content\/uploads\/2021\/07\/4905c9f1abeb738545c9c59f699fb215-300x200.jpg 300w, https:\/\/diarioelpopular.com\/wp-content\/uploads\/2021\/07\/4905c9f1abeb738545c9c59f699fb215-768x511.jpg 768w, https:\/\/diarioelpopular.com\/wp-content\/uploads\/2021\/07\/4905c9f1abeb738545c9c59f699fb215-110x73.jpg 110w, https:\/\/diarioelpopular.com\/wp-content\/uploads\/2021\/07\/4905c9f1abeb738545c9c59f699fb215.jpg 945w\" sizes=\"auto, (max-width: 636px) 100vw, 636px\" \/><\/h4>\n<p><em>Escena repetida en M\u00e9xico, violencia en las calles<\/em><\/p>\n<h4><em><strong>El mandatario apuesta su capital pol\u00edtico a la &#8220;pacificaci\u00f3n&#8221;<\/strong><\/em><\/h4>\n<p><em><strong>CIUDAD DE MEXICO, 17 JUL &#8211;<\/strong><\/em> El presidente de M\u00e9xico Andr\u00e9s L\u00f3pez Obrador decidi\u00f3 apostar todo su capital pol\u00edtico a la &#8220;pacificaci\u00f3n del pa\u00eds&#8221; frustrado por la rampante violencia que no ha logrado hasta ahora poner a raya como prometi\u00f3 durante su campa\u00f1a electoral.<br \/>\n&#8220;Tengo confianza en que vamos a seguir avanzando hasta pacificar al pa\u00eds. Es un desaf\u00edo, una responsabilidad, una convicci\u00f3n&#8221;, se\u00f1al\u00f3 el mandatario, indicando que si no lo hace &#8220;no vamos a poder acreditar hist\u00f3ricamente a nuestro gobierno&#8221;. Sin embargo, se\u00f1al\u00f3 que &#8220;ah\u00ed vamos, poco a poco&#8221; en materia de inseguridad, y dijo que el lema &#8220;abrazos, no balazos&#8221;, que se ha convertido en el mantra de su gobierno en este \u00e1mbito, y ha sido objeto de burlas y \u00e1cidas cr\u00edticas, &#8220;s\u00ed funciona&#8221;.<br \/>\nPara L\u00f3pez Obrador, reducir los \u00edndices de violencia, que se ensa\u00f1a con el pa\u00eds desde hace m\u00e1s de 14 a\u00f1os, desde que el entonces presidente Felipe Calder\u00f3n lanz\u00f3 su cuestionada &#8220;guerra contra los c\u00e1rteles&#8221;, que arroja al menos 333.000 muertos, se perfila como un &#8220;desaf\u00edo hasta pol\u00edtico&#8221;.<br \/>\nEl jefe de Estado indic\u00f3 que sus adversarios &#8220;se frotan las manos&#8221; por esta &#8220;estrategia distinta&#8221; a la de sus antecesores, a los cuales tach\u00f3 de &#8220;autoritarios y conservadores, partidarios de la mano dura, de las medidas coercitivas, de c\u00e1rceles y leyes m\u00e1s severas&#8221;.<br \/>\nRecord\u00f3 que los gobiernos que le precedieron &#8220;se pon\u00edan frente a las c\u00e1maras a decir: &#8220;no me va a temblar la mano. La ley es la ley&#8221;.<br \/>\n&#8220;Esas son balandronadas (bravatas). Lo que se tiene que hacer es atender las causas y gobernar con el ejemplo. Ellos no fueron un buen ejemplo&#8221;, expuso al exponer que en el pasado &#8220;no se sab\u00eda d\u00f3nde terminaba la delincuencia y d\u00f3nde comenzaba la autoridad&#8221;.<br \/>\nL\u00f3pez Obrador se manifest\u00f3 en contra del uso de la tortura y de pr\u00e1cticas similares como la basada en la frase &#8220;m\u00e1talos en caliente&#8221; que hizo famosa el dictador Porfirio D\u00edaz, que gobern\u00f3 con mano de hierro al pa\u00eds durante m\u00e1s de 30 a\u00f1os hasta 1910, antes de estallar la Revoluci\u00f3n Mexicana.<br \/>\n&#8220;Vamos a demostrar que funciona&#8221; la pol\u00edtica de &#8220;abrazos, no balazos&#8221;, pues &#8220;no soy partidario de la Laey del Tali\u00f3n, del ojo por ojo y diente por diente, porque nos podemos quedar chimuelos y tuertos todos&#8221;, se\u00f1al\u00f3.<br \/>\nEl presidente sostuvo el mi\u00e9rcoles una reuni\u00f3n con gobernadores electos y en funciones de 17 estados para dialogar sobre el tema de la seguridad y de &#8220;c\u00f3mo trabajar conjuntamente contra la violencia&#8221; en las distintas regiones del pa\u00eds.<br \/>\nA su juicio se &#8220;ha avanzado bastante&#8221; en la reducci\u00f3n de la incidencia delictiva&#8221; y se ha logrado disminuir los delitos en 25%. Sin embargo, los expertos no est\u00e1n de acuerdo y hacen notar que los homicidios y los femicidios se encuentran en franco ascenso.<br \/>\nPor ejemplo, los asesinatos de mujeres aumentaron 7,1% en los primeros cinco meses de 2021, seg\u00fan admite la propia ministra de Seguridad P\u00fablica, Rosa Icela Rodr\u00edguez.<br \/>\nDe enero a mayo, 423 mujeres han sido asesinadas por raz\u00f3n de su g\u00e9nero, mientras que otros delitos como los abusos sexuales se elevaron a\u00fan m\u00e1s, a un nivel de 30% en ese lapso en comparaci\u00f3n con los mismos meses de 2020.<br \/>\nDe los 423 asesinatos de mujeres, el 57,4% de los casos se concentra en ocho estados: Morelos, Sonora, Quintana Roo, Colima, Jalisco, Sinaloa, San Luis Potos\u00ed y Chiapas y 8% de ellos en solo cinco ciudades (Culiac\u00e1n, Tijuana, Ju\u00e1rez, Guadalajara y Monterrey).<br \/>\nCada d\u00eda en M\u00e9xico son asesinadas 10 mujeres por el s\u00f3lo hecho de serlo, de acuerdo con los datos oficiales.<br \/>\nLa violencia contra las mujeres y los ni\u00f1os recrudeci\u00f3 durante la pandemia debido al aislamiento y la obligaci\u00f3n de estar confinados para evitar los contagios.<br \/>\n&#8220;Los gobiernos se olvidaron de la mirada de g\u00e9nero y dejaron a las mujeres encerradas con sus agresores&#8221;, indic\u00f3 Wendy Figueroa, directora de la Red Nacional de Refugios de M\u00e9xico. Aunque en 2020 la tasa general de delitos se redujo m\u00e1s de un 10% en el pa\u00eds, los feminicidios y los cr\u00edmenes sexuales aumentaron.<br \/>\nEl otro gran problema es que el 90% de los delitos no se denuncia, por lo que el sub registro es mucho m\u00e1s alto de lo que se lee en las estad\u00edsticas oficiales.<\/p>\n","protected":false},"excerpt":{"rendered":"<p>Escena repetida en M\u00e9xico, violencia en las calles El mandatario apuesta su capital pol\u00edtico a la &#8220;pacificaci\u00f3n&#8221; CIUDAD DE MEXICO, 17 JUL &#8211; El presidente&hellip;<\/p>\n","protected":false},"author":99,"featured_media":498755,"comment_status":"open","ping_status":"open","sticky":false,"template":"","format":"standard","meta":{"footnotes":""},"categories":[23],"tags":[],"class_list":["post-498754","post","type-post","status-publish","format-standard","has-post-thumbnail","hentry","category-latinoamerica"],"_links":{"self":[{"href":"https:\/\/diarioelpopular.com\/index.php\/wp-json\/wp\/v2\/posts\/498754","targetHints":{"allow":["GET"]}}],"collection":[{"href":"https:\/\/diarioelpopular.com\/index.php\/wp-json\/wp\/v2\/posts"}],"about":[{"href":"https:\/\/diarioelpopular.com\/index.php\/wp-json\/wp\/v2\/types\/post"}],"author":[{"embeddable":true,"href":"https:\/\/diarioelpopular.com\/index.php\/wp-json\/wp\/v2\/users\/99"}],"replies":[{"embeddable":true,"href":"https:\/\/diarioelpopular.com\/index.php\/wp-json\/wp\/v2\/comments?post=498754"}],"version-history":[{"count":1,"href":"https:\/\/diarioelpopular.com\/index.php\/wp-json\/wp\/v2\/posts\/498754\/revisions"}],"predecessor-version":[{"id":498756,"href":"https:\/\/diarioelpopular.com\/index.php\/wp-json\/wp\/v2\/posts\/498754\/revisions\/498756"}],"wp:featuredmedia":[{"embeddable":true,"href":"https:\/\/diarioelpopular.com\/index.php\/wp-json\/wp\/v2\/media\/498755"}],"wp:attachment":[{"href":"https:\/\/diarioelpopular.com\/index.php\/wp-json\/wp\/v2\/media?parent=498754"}],"wp:term":[{"taxonomy":"category","embeddable":true,"href":"https:\/\/diarioelpopular.com\/index.php\/wp-json\/wp\/v2\/categories?post=498754"},{"taxonomy":"post_tag","embeddable":true,"href":"https:\/\/diarioelpopular.com\/index.php\/wp-json\/wp\/v2\/tags?post=498754"}],"curies":[{"name":"wp","href":"https:\/\/api.w.org\/{rel}","templated":true}]}}