{"id":498762,"date":"2021-07-19T12:10:24","date_gmt":"2021-07-19T16:10:24","guid":{"rendered":"https:\/\/diarioelpopular.com\/?p=498762"},"modified":"2021-07-19T12:10:24","modified_gmt":"2021-07-19T16:10:24","slug":"indigenas-mexicanos-se-resisten-a-vacunarse","status":"publish","type":"post","link":"https:\/\/diarioelpopular.com\/index.php\/2021\/07\/19\/indigenas-mexicanos-se-resisten-a-vacunarse\/","title":{"rendered":"Ind\u00edgenas mexicanos se resisten a vacunarse"},"content":{"rendered":"<h4><img loading=\"lazy\" decoding=\"async\" class=\"alignnone size-custom-full-size wp-image-498763\" src=\"https:\/\/diarioelpopular.com\/wp-content\/uploads\/2021\/07\/98f6865d2857b32ac883d7a75c381df4-636x386.jpg\" alt=\"\" width=\"636\" height=\"386\" srcset=\"https:\/\/diarioelpopular.com\/wp-content\/uploads\/2021\/07\/98f6865d2857b32ac883d7a75c381df4-636x386.jpg 636w, https:\/\/diarioelpopular.com\/wp-content\/uploads\/2021\/07\/98f6865d2857b32ac883d7a75c381df4-300x182.jpg 300w, https:\/\/diarioelpopular.com\/wp-content\/uploads\/2021\/07\/98f6865d2857b32ac883d7a75c381df4-768x466.jpg 768w, https:\/\/diarioelpopular.com\/wp-content\/uploads\/2021\/07\/98f6865d2857b32ac883d7a75c381df4-120x73.jpg 120w, https:\/\/diarioelpopular.com\/wp-content\/uploads\/2021\/07\/98f6865d2857b32ac883d7a75c381df4.jpg 945w\" sizes=\"auto, (max-width: 636px) 100vw, 636px\" \/><\/h4>\n<p><em>Ind\u00edgenas mexicanos de la regi\u00f3n de Chiapas se resiste a vacunarse. Temen que les hagan un da\u00f1o o los enfermen <\/em><\/p>\n<h4><em><strong>Viven en las zonas m\u00e1s empobrecidas pero no creen en el Covid<\/strong><\/em><\/h4>\n<p><em><strong>CIUDAD DE MEXICO, 19 JUL.-<\/strong> <\/em>Pobladores ind\u00edgenas del empobrecido sur de M\u00e9xico, en las regiones monta\u00f1osas y selv\u00e1ticas m\u00e1s apartadas del pa\u00eds, se resisten todav\u00eda a vacunarse contra el Covid-19 porque lo asocian con algo pernicioso, a pesar de que el pa\u00eds vive la tercera ola de la pandemia.<br \/>\nCampeche, Chiapas, Guerrero, Puebla, Oaxaca y Veracruz, con amplia poblaci\u00f3n originaria en el pa\u00eds, sobresalen como los estados con las menores tasas de inoculaci\u00f3n, al grado que hay poblados enteros donde est\u00e1 vedado el ingreso a las brigadas encargadas de aplicar las inyecciones contra la pandemia del siglo.<br \/>\n&#8220;No se permitir\u00e1 la vacunaci\u00f3n&#8221;, se\u00f1al\u00f3 un acuerdo comunitario suscrito por la mayor\u00eda de los 30.000 habitantes de la San Juan Cancuc, Chiapas, el 1ro de febrero pasado, en el cual tambi\u00e9n se proh\u00edbe hacer campa\u00f1a sobre el tema.<br \/>\nChiapas apenas se acerca al 19% de protecci\u00f3n con el ant\u00edgeno entre la poblaci\u00f3n adulta con al menos una dosis, Puebla registra 23%, Veracruz 24%, Guerrero 25%, y Oaxaca y Campeche 27%, que contrasta con la media nacional del 40%.<br \/>\nPor comparaci\u00f3n, el estado norte\u00f1o de Baja California lidera la tabla, con 79% de la poblaci\u00f3n adulta protegida por al menos la primera dosis y la capital mexicana y el estado de Yucat\u00e1n, en el extremo sureste del pa\u00eds, con m\u00e1s del 50%.<br \/>\nLa capital arranc\u00f3 una agresiva movilizaci\u00f3n para inmunizar en dos semanas al menos al 74% de los adultos (41% con el esquema completo), luego que desde hace un mes se registra la tercera ola de la pandemia, con al menos cuatro d\u00edas consecutivos de m\u00e1s de 12.000 contagios cada uno.<br \/>\nEn contrapartida, Chiapas y Oaxaca aparecen en los \u00faltimos lugares por falsas creencias de muchos de sus habitantes, que viven en localidades aut\u00f3nomas y se rigen por el sistema de usos y costumbres ancestrales, de que los sueros podr\u00edan causar da\u00f1os a su salud o que se les busca exterminar mediante un &#8220;ataque qu\u00edmico&#8221;.<br \/>\nUbicado en la frontera con Guatemala y escenario en enero de 1994 de una insurrecci\u00f3n armada, Chiapas destaca en el liderazgo del ranking nacional, por su f\u00e9rrea negativa a aplicarse la dosis del biol\u00f3gico.<br \/>\nLas fotograf\u00edas de los medios sobre la asistencia de la gente a los centros de aplicaci\u00f3n de las ampollas muestran centenares de sillas vac\u00edas bajo grandes carpas, mientras al frente s\u00f3lo se observan las brigadas vestidas de blanco en espera de la llegada de personas que deseen aplicarse la dosis.<br \/>\nEl gobierno del Estado se ha esforzado por lanzar vehementes llamados y audaces campa\u00f1as publicitarias para inhibir el temor de la gente pero sin \u00e9xito.<br \/>\n&#8220;Si deseamos superar esta pandemia acude a vacunarte, aprovecha la oportunidad de cuidar de ti y de los tuyos&#8221;, rezaba un mensaje en d\u00edas pasados lanzado por las autoridades del municipio de Tapachula.<br \/>\nEl director general del Instituto Mexicano del Seguro Social (IMSS), la principal entidad del sistema p\u00fablico de salud, Zo\u00e9 Robledo, quien es nativo de Chiapas y aspira a gobernar el estado, dijo que la meta de la actual campa\u00f1a es aplicar 50.000 dosis diarias, pero reconoce que &#8220;no es f\u00e1cil&#8221;.<br \/>\n&#8220;Estoy seguro que, trabajando de manera coordinada, con mucha organizaci\u00f3n, con mucha entrega y mucha pasi\u00f3n lo vamos a lograr&#8221;, dijo.<br \/>\nEn San Juan Chamula, cerca de la ciudad de San Crist\u00f3bal, uno de los bastiones del levantamiento zapatista, s\u00f3lo sugerir la aplicaci\u00f3n de la vacuna puede hacer que una persona sea arrestada, y obligada a pagar una multa.<br \/>\nLos \u00fanicos centros de vacunaci\u00f3n con afluencia de personas son los ubicados en las principales ciudades como Tuxtla, San Crist\u00f3bal y Comit\u00e1n, entre otros, donde inclusive se lleg\u00f3 a ofrecer inocular a j\u00f3venes de 18 a 30 a\u00f1os, que en casi todo el pa\u00eds a\u00fan no son inmunizados, si llevaban a dos adultos a inyectarse.<br \/>\nEn Zinacant\u00e1n, vecino a San Juan Chamula, &#8220;se pusieron de acuerdo todos, para que no se permitiera vacunar&#8221;, se\u00f1al\u00f3 Juana V\u00e1zquez, de 46 a\u00f1os, artesana de la zona, quien dijo que algunos creen que el &#8220;posh&#8221;, el aguardiente tradicional de Chiapas, es la &#8220;p\u00f3cima m\u00e1gica&#8221; que &#8220;mata el Covid&#8221; e impide los contagios.<br \/>\n&#8220;Hay resistencia. La gente todav\u00eda no entiende ese sentido de urgencia de que estamos en una pandemia&#8221;, dijo el secretario de Protecci\u00f3n Civil de San Juan Chamula.<br \/>\nM\u00e9xico, en cuarto lugar mundial en mortalidad por Covid, registra m\u00e1s de 235.000 muertes y m\u00e1s de 1,6 millones de casos.<\/p>\n","protected":false},"excerpt":{"rendered":"<p>Ind\u00edgenas mexicanos de la regi\u00f3n de Chiapas se resiste a vacunarse. Temen que les hagan un da\u00f1o o los enfermen Viven en las zonas m\u00e1s&hellip;<\/p>\n","protected":false},"author":99,"featured_media":498763,"comment_status":"open","ping_status":"open","sticky":false,"template":"","format":"standard","meta":{"footnotes":""},"categories":[23],"tags":[],"class_list":["post-498762","post","type-post","status-publish","format-standard","has-post-thumbnail","hentry","category-latinoamerica"],"_links":{"self":[{"href":"https:\/\/diarioelpopular.com\/index.php\/wp-json\/wp\/v2\/posts\/498762","targetHints":{"allow":["GET"]}}],"collection":[{"href":"https:\/\/diarioelpopular.com\/index.php\/wp-json\/wp\/v2\/posts"}],"about":[{"href":"https:\/\/diarioelpopular.com\/index.php\/wp-json\/wp\/v2\/types\/post"}],"author":[{"embeddable":true,"href":"https:\/\/diarioelpopular.com\/index.php\/wp-json\/wp\/v2\/users\/99"}],"replies":[{"embeddable":true,"href":"https:\/\/diarioelpopular.com\/index.php\/wp-json\/wp\/v2\/comments?post=498762"}],"version-history":[{"count":1,"href":"https:\/\/diarioelpopular.com\/index.php\/wp-json\/wp\/v2\/posts\/498762\/revisions"}],"predecessor-version":[{"id":498764,"href":"https:\/\/diarioelpopular.com\/index.php\/wp-json\/wp\/v2\/posts\/498762\/revisions\/498764"}],"wp:featuredmedia":[{"embeddable":true,"href":"https:\/\/diarioelpopular.com\/index.php\/wp-json\/wp\/v2\/media\/498763"}],"wp:attachment":[{"href":"https:\/\/diarioelpopular.com\/index.php\/wp-json\/wp\/v2\/media?parent=498762"}],"wp:term":[{"taxonomy":"category","embeddable":true,"href":"https:\/\/diarioelpopular.com\/index.php\/wp-json\/wp\/v2\/categories?post=498762"},{"taxonomy":"post_tag","embeddable":true,"href":"https:\/\/diarioelpopular.com\/index.php\/wp-json\/wp\/v2\/tags?post=498762"}],"curies":[{"name":"wp","href":"https:\/\/api.w.org\/{rel}","templated":true}]}}