{"id":498765,"date":"2021-07-19T12:13:01","date_gmt":"2021-07-19T16:13:01","guid":{"rendered":"https:\/\/diarioelpopular.com\/?p=498765"},"modified":"2021-07-19T12:13:01","modified_gmt":"2021-07-19T16:13:01","slug":"cuba-la-tasa-mas-alta-de-casos-de-america","status":"publish","type":"post","link":"https:\/\/diarioelpopular.com\/index.php\/2021\/07\/19\/cuba-la-tasa-mas-alta-de-casos-de-america\/","title":{"rendered":"Cuba: la tasa m\u00e1s alta de casos de Am\u00e9rica"},"content":{"rendered":"<h4><img loading=\"lazy\" decoding=\"async\" class=\"alignnone size-custom-full-size wp-image-498766\" src=\"https:\/\/diarioelpopular.com\/wp-content\/uploads\/2021\/07\/6ad953eee9d98210eaab70cee969322c-636x538.jpg\" alt=\"\" width=\"636\" height=\"538\" srcset=\"https:\/\/diarioelpopular.com\/wp-content\/uploads\/2021\/07\/6ad953eee9d98210eaab70cee969322c-636x538.jpg 636w, https:\/\/diarioelpopular.com\/wp-content\/uploads\/2021\/07\/6ad953eee9d98210eaab70cee969322c-300x254.jpg 300w, https:\/\/diarioelpopular.com\/wp-content\/uploads\/2021\/07\/6ad953eee9d98210eaab70cee969322c-768x650.jpg 768w, https:\/\/diarioelpopular.com\/wp-content\/uploads\/2021\/07\/6ad953eee9d98210eaab70cee969322c-86x73.jpg 86w, https:\/\/diarioelpopular.com\/wp-content\/uploads\/2021\/07\/6ad953eee9d98210eaab70cee969322c.jpg 945w\" sizes=\"auto, (max-width: 636px) 100vw, 636px\" \/><\/h4>\n<p><em>Los casos se multiplican en Cuba, una situaci\u00f3n sanitaria preocupante<\/em><\/p>\n<h4><em><strong>Nueve veces m\u00e1s respecto a la media mundial<\/strong><\/em><\/h4>\n<p><strong><em>LA HABANA. 19 JUL.-<\/em> <\/strong>Cuba tiene la tasa m\u00e1s alta de contagios per c\u00e1pita de toda Am\u00e9rica Latina y m\u00e1s que cualquier otro pa\u00eds de las Am\u00e9ricas respecto a su tama\u00f1o.<br \/>\nLo inform\u00f3 el diario The Guardian.<br \/>\nLa isla, que tiene una poblaci\u00f3n de 11 millones de habitantes, report\u00f3 casi 4.000 casos confirmados por mill\u00f3n de residentes la semana pasada, nueve veces m\u00e1s respecto al promedio mundial.<br \/>\nEl sistema de salud est\u00e1 en peligro de colapso y los medios estatales han difundido im\u00e1genes de pacientes en las camas de los pasillos de los hospitales y m\u00e9dicos que informan sobre la escasez de suministros vitales, como ox\u00edgeno, ventiladores y medicamentos, dijo el peri\u00f3dico brit\u00e1nico.<\/p>\n","protected":false},"excerpt":{"rendered":"<p>Los casos se multiplican en Cuba, una situaci\u00f3n sanitaria preocupante Nueve veces m\u00e1s respecto a la media mundial LA HABANA. 19 JUL.- Cuba tiene la&hellip;<\/p>\n","protected":false},"author":99,"featured_media":498766,"comment_status":"open","ping_status":"open","sticky":false,"template":"","format":"standard","meta":{"footnotes":""},"categories":[23],"tags":[],"class_list":["post-498765","post","type-post","status-publish","format-standard","has-post-thumbnail","hentry","category-latinoamerica"],"_links":{"self":[{"href":"https:\/\/diarioelpopular.com\/index.php\/wp-json\/wp\/v2\/posts\/498765","targetHints":{"allow":["GET"]}}],"collection":[{"href":"https:\/\/diarioelpopular.com\/index.php\/wp-json\/wp\/v2\/posts"}],"about":[{"href":"https:\/\/diarioelpopular.com\/index.php\/wp-json\/wp\/v2\/types\/post"}],"author":[{"embeddable":true,"href":"https:\/\/diarioelpopular.com\/index.php\/wp-json\/wp\/v2\/users\/99"}],"replies":[{"embeddable":true,"href":"https:\/\/diarioelpopular.com\/index.php\/wp-json\/wp\/v2\/comments?post=498765"}],"version-history":[{"count":1,"href":"https:\/\/diarioelpopular.com\/index.php\/wp-json\/wp\/v2\/posts\/498765\/revisions"}],"predecessor-version":[{"id":498767,"href":"https:\/\/diarioelpopular.com\/index.php\/wp-json\/wp\/v2\/posts\/498765\/revisions\/498767"}],"wp:featuredmedia":[{"embeddable":true,"href":"https:\/\/diarioelpopular.com\/index.php\/wp-json\/wp\/v2\/media\/498766"}],"wp:attachment":[{"href":"https:\/\/diarioelpopular.com\/index.php\/wp-json\/wp\/v2\/media?parent=498765"}],"wp:term":[{"taxonomy":"category","embeddable":true,"href":"https:\/\/diarioelpopular.com\/index.php\/wp-json\/wp\/v2\/categories?post=498765"},{"taxonomy":"post_tag","embeddable":true,"href":"https:\/\/diarioelpopular.com\/index.php\/wp-json\/wp\/v2\/tags?post=498765"}],"curies":[{"name":"wp","href":"https:\/\/api.w.org\/{rel}","templated":true}]}}