{"id":498806,"date":"2021-07-22T12:04:56","date_gmt":"2021-07-22T16:04:56","guid":{"rendered":"https:\/\/diarioelpopular.com\/?p=498806"},"modified":"2021-07-22T12:04:56","modified_gmt":"2021-07-22T16:04:56","slug":"peru-comienza-a-celebrar-su-bicentenario-con-una-bandera-gigante-en-su-montana-mas-alta","status":"publish","type":"post","link":"https:\/\/diarioelpopular.com\/index.php\/2021\/07\/22\/peru-comienza-a-celebrar-su-bicentenario-con-una-bandera-gigante-en-su-montana-mas-alta\/","title":{"rendered":"Per\u00fa comienza a celebrar su bicentenario con una bandera gigante en su monta\u00f1a m\u00e1s alta"},"content":{"rendered":"<p><img loading=\"lazy\" decoding=\"async\" class=\"alignnone size-custom-full-size wp-image-498807\" src=\"https:\/\/diarioelpopular.com\/wp-content\/uploads\/2021\/07\/bandera_peruana-636x420.jpg\" alt=\"\" width=\"636\" height=\"420\" srcset=\"https:\/\/diarioelpopular.com\/wp-content\/uploads\/2021\/07\/bandera_peruana-636x420.jpg 636w, https:\/\/diarioelpopular.com\/wp-content\/uploads\/2021\/07\/bandera_peruana-300x198.jpg 300w, https:\/\/diarioelpopular.com\/wp-content\/uploads\/2021\/07\/bandera_peruana-85x55.jpg 85w, https:\/\/diarioelpopular.com\/wp-content\/uploads\/2021\/07\/bandera_peruana-111x73.jpg 111w, https:\/\/diarioelpopular.com\/wp-content\/uploads\/2021\/07\/bandera_peruana.jpg 700w\" sizes=\"auto, (max-width: 636px) 100vw, 636px\" \/><\/p>\n<p><em>Foto de la agencia de noticias Andina de la bandera en el nevado Huascar\u00e1n.<\/em><\/p>\n<p><em><strong>Con 200 metros de largo, 20 de ancho y un peso de m\u00e1s de 300 kilos, el enorme s\u00edmbolo nacional fue trasladado a cuestas por 25 gu\u00edas de monta\u00f1a.<\/strong><\/em><\/p>\n<p>Para conmemorar el bicentenario de la independencia de Per\u00fa, que se celebrar\u00e1 este 28 julio, una bandera peruana gigante de 4,000 metros cuadrados luce los colores rojo y blanco sobre el Huascar\u00e1n, la monta\u00f1a m\u00e1s alta del pa\u00eds.<\/p>\n<p>Con 200 metros de largo, 20 de ancho y un peso de m\u00e1s de 300 kilos, el enorme s\u00edmbolo nacional fue trasladado a cuestas por 25 gu\u00edas de monta\u00f1a, en la expedici\u00f3n \u201cBandera del Bicentenario\u201d, liderada por el monta\u00f1ero peruano V\u00edctor R\u00edmac.<\/p>\n<p>La Agencia Peruana de Noticias Andina subi\u00f3 fotos de esta actividad.<\/p>\n<p><em>\u201cFue un \u00e9xito porque la monta\u00f1a es muy grande y t\u00e9cnica, y no pod\u00eda dejar de contar con los mejores, que son los gu\u00edas de monta\u00f1a\u201d<\/em>, explic\u00f3 este mi\u00e9rcoles R\u00edmac en declaraciones a la Agencia Efe tras descender de la monta\u00f1a.<\/p>\n<p><em>\u201cHa sido para nosotros toda una pelea constante contra la altitud y tambi\u00e9n con el peso que llev\u00e1bamos sobre nuestros hombros\u201d<\/em>, a\u00f1adi\u00f3 el monta\u00f1ero, que est\u00e1 inmerso en intentar ascender a las catorce monta\u00f1as m\u00e1s altas del mundo, de m\u00e1s de 8.000 metros, de las que ya ha coronado cuatro (Everest, Manaslu, Dhaulagiri y Cho Oyu).<\/p>\n<p>Pese a que el objetivo era alcanzar la cumbre del Huascar\u00e1n, ubicada a 6.768 metros, la climatolog\u00eda adversa solo permiti\u00f3 llevar la bandera hasta los 5.400 metros sobre el nivel del mar.<\/p>\n<p>\u201cEl pron\u00f3stico del tiempo dec\u00eda que iba a haber nubes pero no mal tiempo, pero luego nos encontramos mal tiempo, as\u00ed que no arriesgamos m\u00e1s, porque lo importante era celebrar el bicentenario en la monta\u00f1a m\u00e1s alta de nuestro pa\u00eds\u201d, apunt\u00f3 R\u00edmac.<\/p>\n<p>Una vez en el lugar, tambi\u00e9n fue un reto extender la bandera, ya que el fuerte viento que soplaba a esa altitud alzaba el tejido, que tuvo que ser fijado con estacas para tomar las fotograf\u00edas de rigor antes de recogerla y bajar con ella de nuevo a cuestas.<\/p>\n<p>Con este gesto, R\u00edmac y su equipo quieren promover la reactivaci\u00f3n del turismo en la c\u00e9ntrica regi\u00f3n de \u00c1ncash, cuya capital Huaraz es el epicentro del turismo de monta\u00f1a de Per\u00fa, con la Cordillera Blanca como su principal atracci\u00f3n, al permitir la ascensi\u00f3n a distintos picos nevados y rutas para caminatas a gran altitud.<\/p>\n<p><em>\u201cEl mensaje que tambi\u00e9n queremos lanzar es de uni\u00f3n y esperanza para todos los peruanos y peruanas por esta situaci\u00f3n que nos ha dividido tanto socialmente\u201d<\/em>, dijo R\u00edmac, en referencia a las recientes elecciones presidenciales, que han polarizado a su pa\u00eds.<\/p>\n<p><em>\u201cDefinitivamente, debemos poner cada uno nuestro grano de arena para sacar adelante este pa\u00eds que es tan hermoso y que tiene tanta biodiversidad. Espero que este 28 de julio cada uno se sienta feliz celebrando el bicentenario de nuestro pa\u00eds\u201d<\/em>, agreg\u00f3.<\/p>\n<p>Per\u00fa tiene el mayor sistema de glaciares tropicales, ubicado en las cumbres de los Andes y amenazado por el calentamiento global, que ha hecho su superficie se haya reducido pr\u00e1cticamente a la mitad en el \u00faltimo medio siglo hasta quedar en 1.114 kil\u00f3metros cuadrados.<\/p>\n","protected":false},"excerpt":{"rendered":"<p>Foto de la agencia de noticias Andina de la bandera en el nevado Huascar\u00e1n. Con 200 metros de largo, 20 de ancho y un peso&hellip;<\/p>\n","protected":false},"author":99,"featured_media":498807,"comment_status":"open","ping_status":"open","sticky":false,"template":"","format":"standard","meta":{"footnotes":""},"categories":[23],"tags":[],"class_list":["post-498806","post","type-post","status-publish","format-standard","has-post-thumbnail","hentry","category-latinoamerica"],"_links":{"self":[{"href":"https:\/\/diarioelpopular.com\/index.php\/wp-json\/wp\/v2\/posts\/498806","targetHints":{"allow":["GET"]}}],"collection":[{"href":"https:\/\/diarioelpopular.com\/index.php\/wp-json\/wp\/v2\/posts"}],"about":[{"href":"https:\/\/diarioelpopular.com\/index.php\/wp-json\/wp\/v2\/types\/post"}],"author":[{"embeddable":true,"href":"https:\/\/diarioelpopular.com\/index.php\/wp-json\/wp\/v2\/users\/99"}],"replies":[{"embeddable":true,"href":"https:\/\/diarioelpopular.com\/index.php\/wp-json\/wp\/v2\/comments?post=498806"}],"version-history":[{"count":1,"href":"https:\/\/diarioelpopular.com\/index.php\/wp-json\/wp\/v2\/posts\/498806\/revisions"}],"predecessor-version":[{"id":498808,"href":"https:\/\/diarioelpopular.com\/index.php\/wp-json\/wp\/v2\/posts\/498806\/revisions\/498808"}],"wp:featuredmedia":[{"embeddable":true,"href":"https:\/\/diarioelpopular.com\/index.php\/wp-json\/wp\/v2\/media\/498807"}],"wp:attachment":[{"href":"https:\/\/diarioelpopular.com\/index.php\/wp-json\/wp\/v2\/media?parent=498806"}],"wp:term":[{"taxonomy":"category","embeddable":true,"href":"https:\/\/diarioelpopular.com\/index.php\/wp-json\/wp\/v2\/categories?post=498806"},{"taxonomy":"post_tag","embeddable":true,"href":"https:\/\/diarioelpopular.com\/index.php\/wp-json\/wp\/v2\/tags?post=498806"}],"curies":[{"name":"wp","href":"https:\/\/api.w.org\/{rel}","templated":true}]}}