{"id":498813,"date":"2021-07-23T10:42:03","date_gmt":"2021-07-23T14:42:03","guid":{"rendered":"https:\/\/diarioelpopular.com\/?p=498813"},"modified":"2021-07-23T10:42:03","modified_gmt":"2021-07-23T14:42:03","slug":"pese-a-queja-medica-chile-se-abre","status":"publish","type":"post","link":"https:\/\/diarioelpopular.com\/index.php\/2021\/07\/23\/pese-a-queja-medica-chile-se-abre\/","title":{"rendered":"Pese a queja m\u00e9dica, Chile se abre"},"content":{"rendered":"<h4><img loading=\"lazy\" decoding=\"async\" class=\"alignnone size-custom-full-size wp-image-498814\" src=\"https:\/\/diarioelpopular.com\/wp-content\/uploads\/2021\/07\/c5c3606e1d834a4973de4de44eca451c-636x423.jpg\" alt=\"\" width=\"636\" height=\"423\" srcset=\"https:\/\/diarioelpopular.com\/wp-content\/uploads\/2021\/07\/c5c3606e1d834a4973de4de44eca451c-636x423.jpg 636w, https:\/\/diarioelpopular.com\/wp-content\/uploads\/2021\/07\/c5c3606e1d834a4973de4de44eca451c-300x200.jpg 300w, https:\/\/diarioelpopular.com\/wp-content\/uploads\/2021\/07\/c5c3606e1d834a4973de4de44eca451c-768x511.jpg 768w, https:\/\/diarioelpopular.com\/wp-content\/uploads\/2021\/07\/c5c3606e1d834a4973de4de44eca451c-110x73.jpg 110w, https:\/\/diarioelpopular.com\/wp-content\/uploads\/2021\/07\/c5c3606e1d834a4973de4de44eca451c.jpg 945w\" sizes=\"auto, (max-width: 636px) 100vw, 636px\" \/><\/h4>\n<div class=\"news-did\"><em>Aeropuerto de Santiago, fronteras abiertas a vacunados (foto: ANSA)<\/em><\/div>\n<h4><em><strong>Caen cifras de contagiados y desciende positividad de ex\u00e1menes<\/strong><\/em><\/h4>\n<p><em><strong>SANTIAGO DE CHILE, 23 JUL &#8211;<\/strong><\/em> El gobierno chileno decidi\u00f3 abrir sus fronteras para los vacunados, en su mayor\u00eda con la china Sinovac, pese a las cr\u00edticas del Colegio M\u00e9dico y de especialistas que apuntan a su incapacidad de controlar a los pasajeros.<br \/>\nLa subsecretaria de Salud P\u00fablica, Paula Daza, anunci\u00f3 hoy un Plan Fronteras Protegidas que otorga mayores libertades a quienes completaron su esquema de vacunaci\u00f3n.<br \/>\nDesde el lunes, los chilenos y extranjeros residentes podr\u00e1n salir desde el aeropuerto de Santiago con un Pase de Movilidad que se otorga a los vacunados y sin necesidad de un permiso excepcional como se requiere hasta hoy.<br \/>\nCon respecto a los ingresos, deben presentar un examen PCR negativo con 72 horas de anticipaci\u00f3n, someterse a un examen y completar una declaraci\u00f3n jurada. Adem\u00e1s, realizar un aislamiento de 10 d\u00edas en sus casas o en residencias sanitarias y tendr\u00e1n un seguimiento durante dos semanas.<br \/>\nIzkia Siches, presidenta del Colegio M\u00e9dico, expres\u00f3 dudas sobre esta apertura de fronteras y llam\u00f3 a evitar brotes.<br \/>\n&#8220;Sabemos por la experiencia internacional que hay una tasa de seis fallas de control fronterizo por cada 100.000 viajeros, los que generan brotes comunitarios&#8221;, indic\u00f3 la dirigenta.<br \/>\nLa entidad gremial reiter\u00f3 que &#8220;la cuarentena supervisada es fundamental, la experiencia local ha demostrado que las cuarentenas no supervisadas incrementan los riesgos de entrada de variantes&#8221;.<br \/>\nCrist\u00f3bal Cuadrado, m\u00e9dico especialista en Salud P\u00fablica de la Universidad de Chile, critic\u00f3 tambi\u00e9n la flexibilizaci\u00f3n de fronteras a trav\u00e9s de su cuenta de Twitter.<br \/>\n&#8220;Cualquiera puede salir. A la vuelta tiene que hacer cuarentena sin supervisi\u00f3n (10 d\u00edas en su casa), con una autoridad sanitaria que ha demostrado su incapacidad fiscalizadora y trazabilidad tard\u00eda&#8221;, sostuvo Cuadrado.<br \/>\nEl ministro de Salud, Enrique Paris, pidi\u00f3 paciencia a las personas que no pueden obtener su Pase de Movilidad pese a haber recibido sus dos dosis de vacunas en el extranjero. Ello porque la homologaci\u00f3n de vacunas no est\u00e1 vigente.<br \/>\n&#8220;En Chile tenemos un certificado de vacunas que va asociado a un c\u00f3digo QR y que, adem\u00e1s, se conecta directamente con el Registro Nacional de Inmunizaciones. Es decir, aqu\u00ed nadie puede decir que est\u00e1 vacunado si no figura en \u00e9l&#8221;, explic\u00f3.<br \/>\nSeg\u00fan Paris, &#8220;aqu\u00ed tiene que haber una especie de acuerdo internacional, ojal\u00e1 dirigido por la Organizaci\u00f3n Mundial de la Salud (OMS) que sea capaz de homologar los certificados de vacunas a nivel internacional&#8221;.<br \/>\nLa apertura de fronteras en Chile coincide con una baja de los casos de contagios. Hoy las autoridades sanitarias informaron 1.861 nuevos casos de Covid-19, la cifra m\u00e1s baja desde el 17 de diciembre del a\u00f1o pasado.<br \/>\nTambi\u00e9n descendi\u00f3 a un 2,69% la tasa de positividad de los ex\u00e1menes PCR tras el an\u00e1lisis de 61.273 pruebas para coronavirus.<br \/>\nAdem\u00e1s, las autoridades sanitarias indicaron que las ocupaci\u00f3n de camas en Unidades de Cuidado Intensivo se mantiene en un 87,5% , con 3.970 camas cr\u00edticas habilitadas y 496 libres.<br \/>\nOcupadas con pacientes graves por coronavirus se encuentra 1.845 pacientes.<br \/>\nEl subsecretario de Redes Asistenciales, Alberto Dougnac, destac\u00f3 que los casos cr\u00edticos est\u00e1n &#8220;descendiendo de manera significativa producto de la disminuci\u00f3n de contagios que venimos evidenciando desde hace algunas semanas. ingresa un promedio de 74 pacientes diarios a una cama UCI, 70 menos que en la primera ola y 163 menos que en la segunda&#8221;.<br \/>\nEl Departamento de Estad\u00edsticas e Informaci\u00f3n de Salud (DEIS) inform\u00f3 que en las \u00faltimas 24 horas se registraron 181 muertes por coronavirus por lo que el total de decesos en Chile provocados por la pandemia alcanz\u00f3 a 34.792 personas.<\/p>\n","protected":false},"excerpt":{"rendered":"<p>Aeropuerto de Santiago, fronteras abiertas a vacunados (foto: ANSA) Caen cifras de contagiados y desciende positividad de ex\u00e1menes SANTIAGO DE CHILE, 23 JUL &#8211; El&hellip;<\/p>\n","protected":false},"author":99,"featured_media":498814,"comment_status":"open","ping_status":"open","sticky":false,"template":"","format":"standard","meta":{"footnotes":""},"categories":[23],"tags":[],"class_list":["post-498813","post","type-post","status-publish","format-standard","has-post-thumbnail","hentry","category-latinoamerica"],"_links":{"self":[{"href":"https:\/\/diarioelpopular.com\/index.php\/wp-json\/wp\/v2\/posts\/498813","targetHints":{"allow":["GET"]}}],"collection":[{"href":"https:\/\/diarioelpopular.com\/index.php\/wp-json\/wp\/v2\/posts"}],"about":[{"href":"https:\/\/diarioelpopular.com\/index.php\/wp-json\/wp\/v2\/types\/post"}],"author":[{"embeddable":true,"href":"https:\/\/diarioelpopular.com\/index.php\/wp-json\/wp\/v2\/users\/99"}],"replies":[{"embeddable":true,"href":"https:\/\/diarioelpopular.com\/index.php\/wp-json\/wp\/v2\/comments?post=498813"}],"version-history":[{"count":1,"href":"https:\/\/diarioelpopular.com\/index.php\/wp-json\/wp\/v2\/posts\/498813\/revisions"}],"predecessor-version":[{"id":498815,"href":"https:\/\/diarioelpopular.com\/index.php\/wp-json\/wp\/v2\/posts\/498813\/revisions\/498815"}],"wp:featuredmedia":[{"embeddable":true,"href":"https:\/\/diarioelpopular.com\/index.php\/wp-json\/wp\/v2\/media\/498814"}],"wp:attachment":[{"href":"https:\/\/diarioelpopular.com\/index.php\/wp-json\/wp\/v2\/media?parent=498813"}],"wp:term":[{"taxonomy":"category","embeddable":true,"href":"https:\/\/diarioelpopular.com\/index.php\/wp-json\/wp\/v2\/categories?post=498813"},{"taxonomy":"post_tag","embeddable":true,"href":"https:\/\/diarioelpopular.com\/index.php\/wp-json\/wp\/v2\/tags?post=498813"}],"curies":[{"name":"wp","href":"https:\/\/api.w.org\/{rel}","templated":true}]}}