{"id":498816,"date":"2021-07-23T10:44:55","date_gmt":"2021-07-23T14:44:55","guid":{"rendered":"https:\/\/diarioelpopular.com\/?p=498816"},"modified":"2021-07-23T10:44:55","modified_gmt":"2021-07-23T14:44:55","slug":"mexico-15-mil-casos-en-un-solo-dia","status":"publish","type":"post","link":"https:\/\/diarioelpopular.com\/index.php\/2021\/07\/23\/mexico-15-mil-casos-en-un-solo-dia\/","title":{"rendered":"M\u00e9xico, 15 mil casos en un solo d\u00eda"},"content":{"rendered":"<h4><img loading=\"lazy\" decoding=\"async\" class=\"alignnone size-custom-full-size wp-image-498817\" src=\"https:\/\/diarioelpopular.com\/wp-content\/uploads\/2021\/07\/8c2b3041aa4ea1fa5673c3810513ff36-636x423.jpg\" alt=\"\" width=\"636\" height=\"423\" srcset=\"https:\/\/diarioelpopular.com\/wp-content\/uploads\/2021\/07\/8c2b3041aa4ea1fa5673c3810513ff36-636x423.jpg 636w, https:\/\/diarioelpopular.com\/wp-content\/uploads\/2021\/07\/8c2b3041aa4ea1fa5673c3810513ff36-300x200.jpg 300w, https:\/\/diarioelpopular.com\/wp-content\/uploads\/2021\/07\/8c2b3041aa4ea1fa5673c3810513ff36-768x511.jpg 768w, https:\/\/diarioelpopular.com\/wp-content\/uploads\/2021\/07\/8c2b3041aa4ea1fa5673c3810513ff36-110x73.jpg 110w, https:\/\/diarioelpopular.com\/wp-content\/uploads\/2021\/07\/8c2b3041aa4ea1fa5673c3810513ff36.jpg 945w\" sizes=\"auto, (max-width: 636px) 100vw, 636px\" \/><\/h4>\n<p><em>Barbijo y m\u00e1scara en un mercado de M\u00e9xico (foto: ANSA)<\/em><\/p>\n<h4><em><strong>Variante Delta multiplica contagios de niveles de enero pasado<\/strong><\/em><\/h4>\n<p><em><strong>CIUDAD DE MEXICO, 23 JUL<\/strong><\/em>\u00a0&#8211; Las autoridades sanitarias de M\u00e9xico reportaron 15.198 casos de Covid-19 en s\u00f3lo 24 horas en su m\u00e1s reciente informe sobre la pandemia de Covid-19, el nivel m\u00e1s alto desde el pasado 31 de enero, lo que insin\u00faa que la tercera oleada podr\u00eda ser peor que la segunda y la primera.<br \/>\nHasta ahora, suman casi 2,7 millones de contagios y 237.207 muertes en el pa\u00eds, 397 m\u00e1s que el informe previo, de acuerdo con el \u00faltimo recuento del ministerio de Salud.<br \/>\nLa cifra de casos activos estimados es de 92.738, que subi\u00f3 22.606 en un solo d\u00eda, lo que hace temer que la variante Delta, la m\u00e1s contagiosa de todas hasta ahora, identificada primero en La India, est\u00e9 multiplicando exponencialmente los contagios, pues abarcar\u00eda ya el 60% del total.<br \/>\nPor fortuna, seg\u00fan el gobierno, el incremento de las infecciones no se ha reflejado en el mismo ritmo en el de las hospitalizaciones y las muertes.<br \/>\nEn el pa\u00eds, hay una ocupaci\u00f3n del 29% en camas con ventilador ocupadas, pero preocupa que la epidemia se est\u00e9 enfocando sobre todo en los ni\u00f1os y los j\u00f3venes.<br \/>\nSeg\u00fan el ministerio de Salud, la tercera ola est\u00e1 golpeando en particular a personas menores de 52 a\u00f1os que no se han protegido con el ant\u00edgeno contra el Covid.<br \/>\n&#8220;El repunte ha recorrido 6 a 7 a\u00f1os la distribuci\u00f3n de edad. Hoy est\u00e1 afectando, predominantemente, a las personas j\u00f3venes&#8221;, se\u00f1al\u00f3 el zar antipandemia Hugo L\u00f3pez-Gatell.<br \/>\n&#8220;La mayor\u00eda de los hospitalizados por Covid en este momento son personas menores a 52 a\u00f1os y la enorme mayor\u00eda son personas que no fueron vacunadas, esto es m\u00e1s de 97%&#8221;, que no fueron vacunadas&#8221;, agreg\u00f3 el funcionario.<br \/>\nL\u00f3pez-Gatell, viceministro de Salud, se dirigi\u00f3 en especial a la juventud, para que &#8220;tenga presente cu\u00e1les son sus riesgos, cu\u00e1l es la situaci\u00f3n que enfrenta y que no es despreciable&#8221;.<br \/>\nEl presidente Andr\u00e9s L\u00f3pez Obrador afirm\u00f3 a su vez que &#8220;todav\u00eda no hay algo grave en la afectaci\u00f3n de ni\u00f1os en ninguna variante afortunadamente&#8221; pero admiti\u00f3 que &#8220;lo que se est\u00e1 constatando es que se est\u00e1n contagiando m\u00e1s j\u00f3venes&#8221; aunque dijo que esto no ocurre s\u00f3lo en M\u00e9xico.<br \/>\nEl ministerio de Salud indic\u00f3 que hasta el 18 de julio se acumulan en ni\u00f1os y adolescentes 56.158 casos positivos y 588 defunciones.<br \/>\nL\u00f3pez Obrador hizo notar que los fallecimientos registrados por Covid han sido de personas &#8220;que no estaban inmunizadas&#8221;, lo que demuestra que &#8220;s\u00ed protege la vacuna&#8221;.<br \/>\nPor el momento suman m\u00e1s de 39 millones de personas inoculadas con al menos una dosis, lo que representa el 44% de la poblaci\u00f3n mayor de 18 a\u00f1os, pero la aplicaci\u00f3n de sueros registra diferencias geogr\u00e1ficas por la negativa de algunas comunidades sobre todo en zonas pobres del sur del pa\u00eds a ser inyectadas debido a supersticiones o falsas creencias.<br \/>\nPor ejemplo, el estado norte\u00f1o de Baja California, fronterizo con Estados Unidos lidera la cifra de personas blindadas con 79%, seguido de Ciudad de M\u00e9xico con 69% y el estado de Baja California Sur, en la zona noroeste del pa\u00eds, con 65%.<br \/>\nEste martes, M\u00e9xico aplic\u00f3 casi 800.000 sueros, la cifra m\u00e1s alta desde el 4 de junio pasado, tras las elecciones intermedias, cuando lleg\u00f3 a superarse la marca de un mill\u00f3n por d\u00eda.<br \/>\nLa vacunaci\u00f3n contra el nuevo coronavirus arranc\u00f3 el pasado 24 de diciembre en M\u00e9xico, el primer pa\u00eds de Am\u00e9rica Latina en iniciar la campa\u00f1a de inmunizaci\u00f3n.<br \/>\nPero la apuesta de proteger con el biol\u00f3gico anticovid a los ciudadanos para afrontar la tercera oleada todav\u00eda tiene un desenlace incierto.<br \/>\nEl director de Emergencias en Salud de la Organizaci\u00f3n Panamericana de la Salud (OMS), Ciro Ugarte, urgi\u00f3 a la poblaci\u00f3n mexicana a seguir ci\u00f1\u00e9ndose a las medidas de protecci\u00f3n, ante la &#8220;fase de incremento de la epidemia&#8221; por la que atraviesa el pa\u00eds, sobre todo durante las vacaciones de verano (boreal).<br \/>\nEn esta \u00e9poca del a\u00f1o, &#8220;es un desaf\u00edo&#8221; mantener &#8220;el distanciamiento f\u00edsico&#8221; porque &#8220;por un lado, el avance de la vacunaci\u00f3n da un sentimiento de seguridad y todos quisi\u00e9ramos ya salir de esta pandemia&#8221;, sostuvo.<br \/>\nSin embargo, expuso que &#8220;ha sido demostrado, una vez m\u00e1s, que cuando bajamos la guardia, el n\u00famero de casos aumenta significativamente&#8221;.<\/p>\n","protected":false},"excerpt":{"rendered":"<p>Barbijo y m\u00e1scara en un mercado de M\u00e9xico (foto: ANSA) Variante Delta multiplica contagios de niveles de enero pasado CIUDAD DE MEXICO, 23 JUL\u00a0&#8211; Las&hellip;<\/p>\n","protected":false},"author":99,"featured_media":498817,"comment_status":"open","ping_status":"open","sticky":false,"template":"","format":"standard","meta":{"footnotes":""},"categories":[23],"tags":[],"class_list":["post-498816","post","type-post","status-publish","format-standard","has-post-thumbnail","hentry","category-latinoamerica"],"_links":{"self":[{"href":"https:\/\/diarioelpopular.com\/index.php\/wp-json\/wp\/v2\/posts\/498816","targetHints":{"allow":["GET"]}}],"collection":[{"href":"https:\/\/diarioelpopular.com\/index.php\/wp-json\/wp\/v2\/posts"}],"about":[{"href":"https:\/\/diarioelpopular.com\/index.php\/wp-json\/wp\/v2\/types\/post"}],"author":[{"embeddable":true,"href":"https:\/\/diarioelpopular.com\/index.php\/wp-json\/wp\/v2\/users\/99"}],"replies":[{"embeddable":true,"href":"https:\/\/diarioelpopular.com\/index.php\/wp-json\/wp\/v2\/comments?post=498816"}],"version-history":[{"count":1,"href":"https:\/\/diarioelpopular.com\/index.php\/wp-json\/wp\/v2\/posts\/498816\/revisions"}],"predecessor-version":[{"id":498818,"href":"https:\/\/diarioelpopular.com\/index.php\/wp-json\/wp\/v2\/posts\/498816\/revisions\/498818"}],"wp:featuredmedia":[{"embeddable":true,"href":"https:\/\/diarioelpopular.com\/index.php\/wp-json\/wp\/v2\/media\/498817"}],"wp:attachment":[{"href":"https:\/\/diarioelpopular.com\/index.php\/wp-json\/wp\/v2\/media?parent=498816"}],"wp:term":[{"taxonomy":"category","embeddable":true,"href":"https:\/\/diarioelpopular.com\/index.php\/wp-json\/wp\/v2\/categories?post=498816"},{"taxonomy":"post_tag","embeddable":true,"href":"https:\/\/diarioelpopular.com\/index.php\/wp-json\/wp\/v2\/tags?post=498816"}],"curies":[{"name":"wp","href":"https:\/\/api.w.org\/{rel}","templated":true}]}}