{"id":498826,"date":"2021-07-23T10:53:50","date_gmt":"2021-07-23T14:53:50","guid":{"rendered":"https:\/\/diarioelpopular.com\/?p=498826"},"modified":"2021-07-23T10:53:50","modified_gmt":"2021-07-23T14:53:50","slug":"washington-impone-mas-sanciones","status":"publish","type":"post","link":"https:\/\/diarioelpopular.com\/index.php\/2021\/07\/23\/washington-impone-mas-sanciones\/","title":{"rendered":"Washington impone m\u00e1s sanciones"},"content":{"rendered":"<h4><img loading=\"lazy\" decoding=\"async\" class=\"alignnone size-custom-full-size wp-image-498827\" src=\"https:\/\/diarioelpopular.com\/wp-content\/uploads\/2021\/07\/21428d5696f7f064e492cc034c391333-636x415.jpg\" alt=\"\" width=\"636\" height=\"415\" srcset=\"https:\/\/diarioelpopular.com\/wp-content\/uploads\/2021\/07\/21428d5696f7f064e492cc034c391333-636x415.jpg 636w, https:\/\/diarioelpopular.com\/wp-content\/uploads\/2021\/07\/21428d5696f7f064e492cc034c391333-300x196.jpg 300w, https:\/\/diarioelpopular.com\/wp-content\/uploads\/2021\/07\/21428d5696f7f064e492cc034c391333-768x501.jpg 768w, https:\/\/diarioelpopular.com\/wp-content\/uploads\/2021\/07\/21428d5696f7f064e492cc034c391333-85x55.jpg 85w, https:\/\/diarioelpopular.com\/wp-content\/uploads\/2021\/07\/21428d5696f7f064e492cc034c391333-112x73.jpg 112w, https:\/\/diarioelpopular.com\/wp-content\/uploads\/2021\/07\/21428d5696f7f064e492cc034c391333.jpg 945w\" sizes=\"auto, (max-width: 636px) 100vw, 636px\" \/><\/h4>\n<p><em>Estados Unidos decide m\u00e1s sanciones contra Cuba. Joe Biden dice que respalda al pueblo cubano<\/em><\/p>\n<h4><em><strong>Joe Biden advierte que son &#8220;s\u00f3lo el principio&#8221;<\/strong><\/em><\/h4>\n<p><em><strong>NUEVA YORK, 23 JUL.<\/strong><\/em>&#8211; El presidente de Estados Unidos, Joe Biden, mostr\u00f3 su apoyo al pueblo cubano, prometi\u00f3 dar acceso a internet a la isla, aplic\u00f3 sanciones y dijo que eran &#8220;s\u00f3lo el principio&#8221;.<br \/>\nLa Casa Blanca anunci\u00f3 este jueves sanciones contra el ministro de las Fuerzas Armadas Revolucionarias (FAR) de Cuba, Alvaro L\u00f3pez-Miera, y a una unidad militar de \u00e9lite conocida popularmente como &#8220;avispas negras&#8221; o &#8220;boinas negras&#8221; por la represi\u00f3n en las masivas protestas del pasado 11 de julio.<br \/>\n&#8220;Esto es solo el principio&#8221;, dijo Biden sobre las medidas y asegur\u00f3 que Washington seguir\u00e1 sancionando a los responsables de la opresi\u00f3n del pueblo cubano.<br \/>\n&#8220;Estados Unidos condena las detenciones masivas y los juicios falsos en Cuba&#8221;, dijo. &#8220;El pueblo cubano tiene derecho a la libertad de expresi\u00f3n&#8221;, enfatiz\u00f3.<\/p>\n","protected":false},"excerpt":{"rendered":"<p>Estados Unidos decide m\u00e1s sanciones contra Cuba. Joe Biden dice que respalda al pueblo cubano Joe Biden advierte que son &#8220;s\u00f3lo el principio&#8221; NUEVA YORK,&hellip;<\/p>\n","protected":false},"author":99,"featured_media":498827,"comment_status":"open","ping_status":"open","sticky":false,"template":"","format":"standard","meta":{"footnotes":""},"categories":[23],"tags":[],"class_list":["post-498826","post","type-post","status-publish","format-standard","has-post-thumbnail","hentry","category-latinoamerica"],"_links":{"self":[{"href":"https:\/\/diarioelpopular.com\/index.php\/wp-json\/wp\/v2\/posts\/498826","targetHints":{"allow":["GET"]}}],"collection":[{"href":"https:\/\/diarioelpopular.com\/index.php\/wp-json\/wp\/v2\/posts"}],"about":[{"href":"https:\/\/diarioelpopular.com\/index.php\/wp-json\/wp\/v2\/types\/post"}],"author":[{"embeddable":true,"href":"https:\/\/diarioelpopular.com\/index.php\/wp-json\/wp\/v2\/users\/99"}],"replies":[{"embeddable":true,"href":"https:\/\/diarioelpopular.com\/index.php\/wp-json\/wp\/v2\/comments?post=498826"}],"version-history":[{"count":1,"href":"https:\/\/diarioelpopular.com\/index.php\/wp-json\/wp\/v2\/posts\/498826\/revisions"}],"predecessor-version":[{"id":498828,"href":"https:\/\/diarioelpopular.com\/index.php\/wp-json\/wp\/v2\/posts\/498826\/revisions\/498828"}],"wp:featuredmedia":[{"embeddable":true,"href":"https:\/\/diarioelpopular.com\/index.php\/wp-json\/wp\/v2\/media\/498827"}],"wp:attachment":[{"href":"https:\/\/diarioelpopular.com\/index.php\/wp-json\/wp\/v2\/media?parent=498826"}],"wp:term":[{"taxonomy":"category","embeddable":true,"href":"https:\/\/diarioelpopular.com\/index.php\/wp-json\/wp\/v2\/categories?post=498826"},{"taxonomy":"post_tag","embeddable":true,"href":"https:\/\/diarioelpopular.com\/index.php\/wp-json\/wp\/v2\/tags?post=498826"}],"curies":[{"name":"wp","href":"https:\/\/api.w.org\/{rel}","templated":true}]}}