{"id":498829,"date":"2021-07-23T10:56:52","date_gmt":"2021-07-23T14:56:52","guid":{"rendered":"https:\/\/diarioelpopular.com\/?p=498829"},"modified":"2021-07-23T10:56:52","modified_gmt":"2021-07-23T14:56:52","slug":"bogota-senala-a-venezuela-por-el-atentado-a-duque","status":"publish","type":"post","link":"https:\/\/diarioelpopular.com\/index.php\/2021\/07\/23\/bogota-senala-a-venezuela-por-el-atentado-a-duque\/","title":{"rendered":"Bogot\u00e1 se\u00f1ala a Venezuela por el atentado a Duque"},"content":{"rendered":"<h3><img loading=\"lazy\" decoding=\"async\" class=\"alignnone size-custom-full-size wp-image-498830\" src=\"https:\/\/diarioelpopular.com\/wp-content\/uploads\/2021\/07\/bc2dbb26b48791265f28d01ba479af94-636x415.jpg\" alt=\"\" width=\"636\" height=\"415\" srcset=\"https:\/\/diarioelpopular.com\/wp-content\/uploads\/2021\/07\/bc2dbb26b48791265f28d01ba479af94-636x415.jpg 636w, https:\/\/diarioelpopular.com\/wp-content\/uploads\/2021\/07\/bc2dbb26b48791265f28d01ba479af94-300x196.jpg 300w, https:\/\/diarioelpopular.com\/wp-content\/uploads\/2021\/07\/bc2dbb26b48791265f28d01ba479af94-768x501.jpg 768w, https:\/\/diarioelpopular.com\/wp-content\/uploads\/2021\/07\/bc2dbb26b48791265f28d01ba479af94-85x55.jpg 85w, https:\/\/diarioelpopular.com\/wp-content\/uploads\/2021\/07\/bc2dbb26b48791265f28d01ba479af94-112x73.jpg 112w, https:\/\/diarioelpopular.com\/wp-content\/uploads\/2021\/07\/bc2dbb26b48791265f28d01ba479af94.jpg 945w\" sizes=\"auto, (max-width: 636px) 100vw, 636px\" \/><\/h3>\n<p><em>Los impactos de bala en el helic\u00f3ptero en el que viajaba el presidente de Colombia, Iv\u00e1n Duque<\/em><\/p>\n<h3><em><strong>Mismo grupo de tambi\u00e9n ejecut\u00f3 ataque contra brigada del Ej\u00e9rcito, dice Fiscal\u00eda<\/strong><\/em><\/h3>\n<p><em><strong>BOGOTA 23 JUL &#8211;<\/strong><\/em> Un exmilitar y nueve personas mas, alguno de ellos miembros de las disidencias de las FARC, fueron acusados por la Fiscal\u00eda de Colombia de ser los responsables del atentado contra el helic\u00f3ptero en el que se movilizaba el presidente, Iv\u00e1n Duque, y del estallido de coche-bomba al interior de una unidad militar, ambos ocurridos en C\u00facuta (noreste).<br \/>\nLos dos ataques habr\u00edan sido ordenados y coordinados desde un campamento de frente 33 de las disidencias de las FARC que, seg\u00fan la Fiscal\u00eda y la Polic\u00eda local, estar\u00eda ubicado en territorio venezolano.<br \/>\n&#8220;Es claro que este atentado contra el Presidente y contra la Brigada 30 fue planeado desde Venezuela, y por lo tanto es necesario hacer una reflexi\u00f3n a la comunidad internacional c\u00f3mo el r\u00e9gimen de (Nicol\u00e1s, NDR) Maduro sigue albergando terrorista desde donde se planean ataques a la institucional colombiana&#8221;.<br \/>\nAs\u00ed lo manifest\u00f3 el ministro de Defensa, Diego Molano, quien junto a su par del Interior, Daniel Palacios, acompa\u00f1aban a Duque en el Black Hawk que el pasado 25 de junio recibi\u00f3 seis impactos de bala, disparados desde un barrio empobrecido ubicado en cercan\u00edas a la pista de aterrizaje del aeropuerto Camilo Daza de C\u00facuta.<br \/>\nLas investigaciones realizadas por un grupo de 20 personas de la Fiscal\u00eda y la Polic\u00eda armaron el rompecabezas de ambos ataques.<br \/>\nEn el atentado con coche-bomba, en el que no hubo v\u00edctimas mortales pero que dej\u00f3 44 heridos, las autoridades establecieron que los presuntos perpetradores compraron una camioneta que luego fue acondicionada con explosivos tipo pentonita y TNT, para el ataque El pasado 15 de junio a las 12.35 del mediod\u00eda la camioneta ingres\u00f3 a la Brigada. El veh\u00edculo era conducido \u2014seg\u00fan la investigaci\u00f3n\u2014 por el excapit\u00e1n del Ej\u00e9rcito Andr\u00e9s Fernando Medina Rodr\u00edguez, quien la estacion\u00f3 inicialmente frente al dispensario m\u00e9dico y luego la traslad\u00f3 a otro lugar, antes salir del complejo militar unas dos horas despu\u00e9s.<br \/>\nEl coche-bomba estall\u00f3 en dos tiempos. A las 3.01 de la tarde se quem\u00f3 una parte del cord\u00f3n detonante de la carga explosiva, lo que dio tiempo para alejarse del lugar. Cuatro minutos despu\u00e9s se dio el otro estallido.<br \/>\nPor este atentado fueron arrestados ocho personas acusadas por la Fiscal\u00eda de los delitos de &#8220;terrorismo agravado, homicidio agravado en grado de tentativa, concierto para delinquir agravado, da\u00f1o en bien ajeno agravado, y fabricaci\u00f3n, tr\u00e1fico y porte de armas, municiones de uso restringido, de uso privativo de las Fuerzas Armadas o explosivos agravado&#8221;.<br \/>\nDe acuerdo con la versi\u00f3n del ente investigador, el excapit\u00e1n Medina Rodr\u00edguez tambi\u00e9n &#8220;presuntamente, estructur\u00f3&#8221; el &#8220;plan&#8221; para atentar contra el helic\u00f3ptero presidencial y lo &#8220;ofreci\u00f3&#8221; a los &#8220;cabecillas de las disidencias del frente 33 de las FARC&#8221;.<br \/>\nDe las ocho personas que habr\u00edan atentado contra la sede de la Brigada 30, tres estuvieron en el ataque a la aeronave presidencial.<br \/>\nAdem\u00e1s del exmilitar, otros dos hombres, uno de los cuales dispar\u00f3. Por ese ataque fueron arrestadas dos personas m\u00e1s a quienes se les atribuyen labores log\u00edsticas.<br \/>\n&#8220;Se pudo establecer minuto a minuto c\u00f3mo fue la entrada de las personas hacia las proximidades del aeropuerto, donde se realiz\u00f3 el atentado contra el helic\u00f3ptero en que viajaba la comitiva presidencial, c\u00f3mo fueron realizados los disparos, las circunstancia en que estas personas llegaron al lugar, c\u00f3mo permanecieron en el lugar de los hechos, c\u00f3mo salieron&#8221;.<br \/>\nDescribi\u00f3 este jueves el general Jorge Luis Vargas, director de la Polic\u00eda colombiana, quien recalc\u00f3 que &#8220;las instrucciones de coordinaci\u00f3n&#8221; del atentado contra el Presidente se dieron &#8220;desde Venezuela&#8221; por parte frente 33 de las disidencias de las FARC.<br \/>\nLas autoridades no explicaron las razones por las cuales un excapit\u00e1n del Ej\u00e9rcito plane\u00f3 y particip\u00f3 en ambos atentados.<br \/>\nSolo se dijo que Medina Rodr\u00edguez es &#8220;un capit\u00e1n pensionado del Ejercito Nacional, quien hace algunos a\u00f1os fue licenciado por sanidad&#8221;.<br \/>\n&#8220;Al parecer, alias El Capi suministr\u00f3 sus conocimientos aeron\u00e1uticos y militares para ubicar los puntos vulnerables del Black Hawk durante el aterrizaje, calcul\u00f3 los tiempos y distancia del helic\u00f3ptero, elabor\u00f3 un estudio topogr\u00e1fico del aeropuerto Camilo Daza y se\u00f1al\u00f3 c\u00f3mo deb\u00edan comportarse los tiradores y en qu\u00e9 lugar ubicarse para no ser detectados&#8221;, detall\u00f3 la Fiscal\u00eda en un comunicado.<br \/>\nSin embargo, el ministro Molano calific\u00f3 al exoficial como un traidor a la patria y al Ej\u00e9rcito.<br \/>\n&#8220;Este individuo que traicion\u00f3 a la patria, ha traicionado a las instituciones y a la formaci\u00f3n que recibi\u00f3&#8221; y pidi\u00f3 que no se manche el &#8220;hero\u00edsmo, la abnegaci\u00f3n, la lealtad de cientos de miles de hombres de nuestra fuerza p\u00fablica que literalmente todos los d\u00edas se juegan hasta su propia vida para mantener y garantizar la democracia&#8221;.<br \/>\nRecientemente, otros 21 ex militares colombianos resultaron involucrados, 18 de ellos arrestados y tres muertos, en el asesinato del presidente de Hait\u00ed, Jovenel Moise.<\/p>\n","protected":false},"excerpt":{"rendered":"<p>Los impactos de bala en el helic\u00f3ptero en el que viajaba el presidente de Colombia, Iv\u00e1n Duque Mismo grupo de tambi\u00e9n ejecut\u00f3 ataque contra brigada&hellip;<\/p>\n","protected":false},"author":99,"featured_media":498830,"comment_status":"open","ping_status":"open","sticky":false,"template":"","format":"standard","meta":{"footnotes":""},"categories":[23],"tags":[],"class_list":["post-498829","post","type-post","status-publish","format-standard","has-post-thumbnail","hentry","category-latinoamerica"],"_links":{"self":[{"href":"https:\/\/diarioelpopular.com\/index.php\/wp-json\/wp\/v2\/posts\/498829","targetHints":{"allow":["GET"]}}],"collection":[{"href":"https:\/\/diarioelpopular.com\/index.php\/wp-json\/wp\/v2\/posts"}],"about":[{"href":"https:\/\/diarioelpopular.com\/index.php\/wp-json\/wp\/v2\/types\/post"}],"author":[{"embeddable":true,"href":"https:\/\/diarioelpopular.com\/index.php\/wp-json\/wp\/v2\/users\/99"}],"replies":[{"embeddable":true,"href":"https:\/\/diarioelpopular.com\/index.php\/wp-json\/wp\/v2\/comments?post=498829"}],"version-history":[{"count":1,"href":"https:\/\/diarioelpopular.com\/index.php\/wp-json\/wp\/v2\/posts\/498829\/revisions"}],"predecessor-version":[{"id":498831,"href":"https:\/\/diarioelpopular.com\/index.php\/wp-json\/wp\/v2\/posts\/498829\/revisions\/498831"}],"wp:featuredmedia":[{"embeddable":true,"href":"https:\/\/diarioelpopular.com\/index.php\/wp-json\/wp\/v2\/media\/498830"}],"wp:attachment":[{"href":"https:\/\/diarioelpopular.com\/index.php\/wp-json\/wp\/v2\/media?parent=498829"}],"wp:term":[{"taxonomy":"category","embeddable":true,"href":"https:\/\/diarioelpopular.com\/index.php\/wp-json\/wp\/v2\/categories?post=498829"},{"taxonomy":"post_tag","embeddable":true,"href":"https:\/\/diarioelpopular.com\/index.php\/wp-json\/wp\/v2\/tags?post=498829"}],"curies":[{"name":"wp","href":"https:\/\/api.w.org\/{rel}","templated":true}]}}