{"id":498841,"date":"2021-07-25T11:22:24","date_gmt":"2021-07-25T15:22:24","guid":{"rendered":"https:\/\/diarioelpopular.com\/?p=498841"},"modified":"2021-07-25T11:22:24","modified_gmt":"2021-07-25T15:22:24","slug":"los-canadienses-apreciaron-mas-los-parques-durante-la-pandemia-quieren-mas-fondos","status":"publish","type":"post","link":"https:\/\/diarioelpopular.com\/index.php\/2021\/07\/25\/los-canadienses-apreciaron-mas-los-parques-durante-la-pandemia-quieren-mas-fondos\/","title":{"rendered":"Los canadienses apreciaron m\u00e1s los parques durante la pandemia, quieren m\u00e1s fondos"},"content":{"rendered":"<p><img loading=\"lazy\" decoding=\"async\" class=\"alignnone size-custom-full-size wp-image-498842\" src=\"https:\/\/diarioelpopular.com\/wp-content\/uploads\/2021\/07\/Screen-Shot-2021-07-25-at-11.17.22-AM-636x342.png\" alt=\"\" width=\"636\" height=\"342\" srcset=\"https:\/\/diarioelpopular.com\/wp-content\/uploads\/2021\/07\/Screen-Shot-2021-07-25-at-11.17.22-AM-636x342.png 636w, https:\/\/diarioelpopular.com\/wp-content\/uploads\/2021\/07\/Screen-Shot-2021-07-25-at-11.17.22-AM-300x161.png 300w, https:\/\/diarioelpopular.com\/wp-content\/uploads\/2021\/07\/Screen-Shot-2021-07-25-at-11.17.22-AM-768x413.png 768w, https:\/\/diarioelpopular.com\/wp-content\/uploads\/2021\/07\/Screen-Shot-2021-07-25-at-11.17.22-AM-136x73.png 136w, https:\/\/diarioelpopular.com\/wp-content\/uploads\/2021\/07\/Screen-Shot-2021-07-25-at-11.17.22-AM.png 1011w\" sizes=\"auto, (max-width: 636px) 100vw, 636px\" \/><\/p>\n<p><em><strong>Para los habitantes de la ciudad con poco o ning\u00fan espacio verde, los parques se convirtieron en un salvavidas durante el apogeo de la pandemia de COVID: un lugar para hacer ejercicio y socializar de forma segura.<\/strong><\/em><\/p>\n<p><em><strong>MONTREAL.<\/strong><\/em>-&#8220;Creo que es un cambio en la cultura&#8221;, dijo el maestro de esta ciudad Mathieu Martel, quien dice que usa los parques todos los d\u00edas.<\/p>\n<p>&#8220;A la gente le gusta m\u00e1s hablar en el parque y diversas actividades, como en Jarry Park &#8230; creo que ser\u00e1 un nuevo espacio para socializar&#8221;.<\/p>\n<p>Un nuevo estudio en todo Canad\u00e1 confirma la opini\u00f3n de Martel.<\/p>\n<p>El Informe de Parques de la Ciudad Canadiense de 2021 muestra que el aprecio de la gente por los parques ha crecido exponencialmente durante la pandemia, particularmente por la salud mental (85 por ciento), la salud f\u00edsica (81 por ciento) y la conexi\u00f3n social (71 por ciento).<\/p>\n<p>La encuesta fue realizada en abril por la organizaci\u00f3n sin fines de lucro Park People, que aboga por los parques en todo Canad\u00e1.<\/p>\n<p>Mostr\u00f3 que la gente usaba sus parques locales no solo en el verano, con el 94 por ciento de las ciudades registrando un aumento, sino que la mitad de los encuestados dijeron que tambi\u00e9n fueron durante el invierno.<\/p>\n<p>La mayor\u00eda dijo que planea seguir usando los parques tanto o incluso m\u00e1s.<\/p>\n<p>\u201cHa mejorado realidades de las que ya \u00e9ramos conscientes\u2026 y nos dimos cuenta de la importancia que ten\u00edan [los parques]\u201d, dijo Caroline Magar, gerente de desarrollo de Quebec para Park People.<\/p>\n<p>El informe muestra que el mayor uso tambi\u00e9n destac\u00f3 algunos problemas, incluida la brecha de equidad.<\/p>\n<p>Por ejemplo, los canadienses que se identificaron como negros o de otras comunidades racializadas ten\u00edan m\u00e1s probabilidades de informar que experimentaron barreras para el uso del parque durante la pandemia porque ten\u00edan miedo de ser acosados \u200b\u200b(22 por ciento) o multados por la polic\u00eda (24 por ciento).<\/p>\n<p>Tambi\u00e9n mostr\u00f3 falta de mantenimiento o infraestructura como ba\u00f1os.<\/p>\n<p>La gente quiere que estos y otros problemas cambien: alrededor de dos tercios de los encuestados dijeron que les gustar\u00eda ver un mayor financiamiento para los parques.<\/p>\n<p>&#8220;Creo que s\u00ed, porque a la gente le gusta reunirse alrededor de los parques y socializar &#8230; y creo que es bueno invertir tambi\u00e9n en parques y espacios verdes&#8221;, dijo Martel.<\/p>\n<p>Park People sugiere que los hallazgos de la encuesta pueden ser una herramienta \u00fatil para crear pol\u00edticas.<\/p>\n<p>\u201cReconocer y empezar a ver parques m\u00e1s que equipamiento e infraestructura f\u00edsica, sino tambi\u00e9n infraestructura social\u201d, dijo Magar. \u201cInvertir y empezar a colaborar m\u00e1s con otros departamentos como salud p\u00fablica, como cultura y deportes y abrir la conversaci\u00f3n\u201d.<\/p>\n<p>Magar dice que dada la importancia que la gente le est\u00e1 dando a los parques, estos podr\u00edan terminar convirti\u00e9ndose en un tema pol\u00edtico determinante durante las pr\u00f3ximas elecciones municipales en noviembre.<\/p>\n","protected":false},"excerpt":{"rendered":"<p>Para los habitantes de la ciudad con poco o ning\u00fan espacio verde, los parques se convirtieron en un salvavidas durante el apogeo de la pandemia&hellip;<\/p>\n","protected":false},"author":99,"featured_media":498842,"comment_status":"open","ping_status":"open","sticky":false,"template":"","format":"standard","meta":{"footnotes":""},"categories":[21,11191],"tags":[],"class_list":["post-498841","post","type-post","status-publish","format-standard","has-post-thumbnail","hentry","category-canada","category-top-news"],"_links":{"self":[{"href":"https:\/\/diarioelpopular.com\/index.php\/wp-json\/wp\/v2\/posts\/498841","targetHints":{"allow":["GET"]}}],"collection":[{"href":"https:\/\/diarioelpopular.com\/index.php\/wp-json\/wp\/v2\/posts"}],"about":[{"href":"https:\/\/diarioelpopular.com\/index.php\/wp-json\/wp\/v2\/types\/post"}],"author":[{"embeddable":true,"href":"https:\/\/diarioelpopular.com\/index.php\/wp-json\/wp\/v2\/users\/99"}],"replies":[{"embeddable":true,"href":"https:\/\/diarioelpopular.com\/index.php\/wp-json\/wp\/v2\/comments?post=498841"}],"version-history":[{"count":1,"href":"https:\/\/diarioelpopular.com\/index.php\/wp-json\/wp\/v2\/posts\/498841\/revisions"}],"predecessor-version":[{"id":498843,"href":"https:\/\/diarioelpopular.com\/index.php\/wp-json\/wp\/v2\/posts\/498841\/revisions\/498843"}],"wp:featuredmedia":[{"embeddable":true,"href":"https:\/\/diarioelpopular.com\/index.php\/wp-json\/wp\/v2\/media\/498842"}],"wp:attachment":[{"href":"https:\/\/diarioelpopular.com\/index.php\/wp-json\/wp\/v2\/media?parent=498841"}],"wp:term":[{"taxonomy":"category","embeddable":true,"href":"https:\/\/diarioelpopular.com\/index.php\/wp-json\/wp\/v2\/categories?post=498841"},{"taxonomy":"post_tag","embeddable":true,"href":"https:\/\/diarioelpopular.com\/index.php\/wp-json\/wp\/v2\/tags?post=498841"}],"curies":[{"name":"wp","href":"https:\/\/api.w.org\/{rel}","templated":true}]}}