{"id":498851,"date":"2021-07-25T11:32:39","date_gmt":"2021-07-25T15:32:39","guid":{"rendered":"https:\/\/diarioelpopular.com\/?p=498851"},"modified":"2021-07-25T11:32:39","modified_gmt":"2021-07-25T15:32:39","slug":"el-virus-se-expande-descontrolado-en-cuba","status":"publish","type":"post","link":"https:\/\/diarioelpopular.com\/index.php\/2021\/07\/25\/el-virus-se-expande-descontrolado-en-cuba\/","title":{"rendered":"El virus se expande descontrolado en Cuba"},"content":{"rendered":"<h4><img loading=\"lazy\" decoding=\"async\" class=\"alignnone size-custom-full-size wp-image-498853\" src=\"https:\/\/diarioelpopular.com\/wp-content\/uploads\/2021\/07\/65d80a5a33694bbbbb84c0633026859a-636x477.jpg\" alt=\"\" width=\"636\" height=\"477\" srcset=\"https:\/\/diarioelpopular.com\/wp-content\/uploads\/2021\/07\/65d80a5a33694bbbbb84c0633026859a-636x477.jpg 636w, https:\/\/diarioelpopular.com\/wp-content\/uploads\/2021\/07\/65d80a5a33694bbbbb84c0633026859a-300x225.jpg 300w, https:\/\/diarioelpopular.com\/wp-content\/uploads\/2021\/07\/65d80a5a33694bbbbb84c0633026859a-768x576.jpg 768w, https:\/\/diarioelpopular.com\/wp-content\/uploads\/2021\/07\/65d80a5a33694bbbbb84c0633026859a-97x73.jpg 97w, https:\/\/diarioelpopular.com\/wp-content\/uploads\/2021\/07\/65d80a5a33694bbbbb84c0633026859a.jpg 945w\" sizes=\"auto, (max-width: 636px) 100vw, 636px\" \/><\/h4>\n<h4><em><strong>En 24 horas cerca de 9 mil contagios y 80 muertes<\/strong><\/em><\/h4>\n<p><em><strong>ROMA, 25 JUL.-<\/strong><\/em> La pandemia no da tregua en Cuba, donde surgieron 8.858 nuevos casos en las \u00faltimas 24 horas con 80 muertes y 42.147 enfermos activos en toda la isla, cifras descritas como &#8220;duras&#8221; y atribuidas a nuevas modalidades del coronavirus, seg\u00fan el ministerio de Salud P\u00fablica. El informe de esa repartici\u00f3n describe la situaci\u00f3n de la epidemia en el pa\u00eds ayer s\u00e1bado hasta la medianoche.<br \/>\nLas estad\u00edsticas son todas m\u00e1ximas desde que comenz\u00f3 la pandemia en el \u00e1mbito nacional.<br \/>\nEst\u00e1n hospitalizadas 60.467 personas, la mayor\u00eda ya infectada y el resto bajo sospecha de estar contaminados.<br \/>\nLa propagaci\u00f3n refleja menos control nacional sobre la expansi\u00f3n de la Covid-19 que en ning\u00fan otro momento de la pandemia.<br \/>\nSon 1.481 casos activos en La Habana, 1.461 en la provincia de Matanzas, 794 en Cienfuegos, en la regi\u00f3n central cubana y en el este 1,181 en Guant\u00e1namo y 735 en Santiago de Cuba.<br \/>\nJulio ampli\u00f3 durante sus primeros 24 d\u00edas las cifras que lo hacen el mes peor de la pandemia en Cuba con 139.023 contagios y 1049 fallecimientos.<br \/>\nSon 88.401 enfermos y 712 muertes m\u00e1s que en junio hasta el momento.<br \/>\nLas estad\u00edsticas globales para el pa\u00eds son 332.968 ciudadanos que enfermaron con Covid-19 desde marzo de 2020 con 2.351 decesos.<\/p>\n","protected":false},"excerpt":{"rendered":"<p>En 24 horas cerca de 9 mil contagios y 80 muertes ROMA, 25 JUL.- La pandemia no da tregua en Cuba, donde surgieron 8.858 nuevos&hellip;<\/p>\n","protected":false},"author":99,"featured_media":498853,"comment_status":"open","ping_status":"open","sticky":false,"template":"","format":"standard","meta":{"footnotes":""},"categories":[23],"tags":[],"class_list":["post-498851","post","type-post","status-publish","format-standard","has-post-thumbnail","hentry","category-latinoamerica"],"_links":{"self":[{"href":"https:\/\/diarioelpopular.com\/index.php\/wp-json\/wp\/v2\/posts\/498851","targetHints":{"allow":["GET"]}}],"collection":[{"href":"https:\/\/diarioelpopular.com\/index.php\/wp-json\/wp\/v2\/posts"}],"about":[{"href":"https:\/\/diarioelpopular.com\/index.php\/wp-json\/wp\/v2\/types\/post"}],"author":[{"embeddable":true,"href":"https:\/\/diarioelpopular.com\/index.php\/wp-json\/wp\/v2\/users\/99"}],"replies":[{"embeddable":true,"href":"https:\/\/diarioelpopular.com\/index.php\/wp-json\/wp\/v2\/comments?post=498851"}],"version-history":[{"count":1,"href":"https:\/\/diarioelpopular.com\/index.php\/wp-json\/wp\/v2\/posts\/498851\/revisions"}],"predecessor-version":[{"id":498854,"href":"https:\/\/diarioelpopular.com\/index.php\/wp-json\/wp\/v2\/posts\/498851\/revisions\/498854"}],"wp:featuredmedia":[{"embeddable":true,"href":"https:\/\/diarioelpopular.com\/index.php\/wp-json\/wp\/v2\/media\/498853"}],"wp:attachment":[{"href":"https:\/\/diarioelpopular.com\/index.php\/wp-json\/wp\/v2\/media?parent=498851"}],"wp:term":[{"taxonomy":"category","embeddable":true,"href":"https:\/\/diarioelpopular.com\/index.php\/wp-json\/wp\/v2\/categories?post=498851"},{"taxonomy":"post_tag","embeddable":true,"href":"https:\/\/diarioelpopular.com\/index.php\/wp-json\/wp\/v2\/tags?post=498851"}],"curies":[{"name":"wp","href":"https:\/\/api.w.org\/{rel}","templated":true}]}}