{"id":498864,"date":"2021-07-28T09:34:56","date_gmt":"2021-07-28T13:34:56","guid":{"rendered":"https:\/\/diarioelpopular.com\/?p=498864"},"modified":"2021-07-28T09:34:56","modified_gmt":"2021-07-28T13:34:56","slug":"argentina-compra-millones-de-dosis-de-pfizer","status":"publish","type":"post","link":"https:\/\/diarioelpopular.com\/index.php\/2021\/07\/28\/argentina-compra-millones-de-dosis-de-pfizer\/","title":{"rendered":"Argentina compra millones de dosis de Pfizer"},"content":{"rendered":"<h4><img loading=\"lazy\" decoding=\"async\" class=\"alignnone size-custom-full-size wp-image-498865\" src=\"https:\/\/diarioelpopular.com\/wp-content\/uploads\/2021\/07\/d892e30846f55054ee70d51ea4a0ad34-636x415.jpg\" alt=\"\" width=\"636\" height=\"415\" srcset=\"https:\/\/diarioelpopular.com\/wp-content\/uploads\/2021\/07\/d892e30846f55054ee70d51ea4a0ad34-636x415.jpg 636w, https:\/\/diarioelpopular.com\/wp-content\/uploads\/2021\/07\/d892e30846f55054ee70d51ea4a0ad34-300x196.jpg 300w, https:\/\/diarioelpopular.com\/wp-content\/uploads\/2021\/07\/d892e30846f55054ee70d51ea4a0ad34-768x501.jpg 768w, https:\/\/diarioelpopular.com\/wp-content\/uploads\/2021\/07\/d892e30846f55054ee70d51ea4a0ad34-85x55.jpg 85w, https:\/\/diarioelpopular.com\/wp-content\/uploads\/2021\/07\/d892e30846f55054ee70d51ea4a0ad34-112x73.jpg 112w, https:\/\/diarioelpopular.com\/wp-content\/uploads\/2021\/07\/d892e30846f55054ee70d51ea4a0ad34.jpg 945w\" sizes=\"auto, (max-width: 636px) 100vw, 636px\" \/><\/h4>\n<p><em>Argentina compra vacunas de Pfizer<\/em><\/p>\n<h4><em><strong>Anuncio de la ministra de Salud<\/strong><\/em><\/h4>\n<p><em><strong>BUENOS AIRES 28 JUL &#8211;<\/strong><\/em> La Argentina comprorar\u00e1 20 millones de dosis de la vacuna anticoronavirus del laboratorio norteamericano Pfizer y 200.000 de Cansino, anunci\u00f3 la ministra de Salud, Carla Vizzotti.<br \/>\n&#8220;Ayer firm\u00e9 el pago de las primeras 200.000 dosis de la vacuna Cansino del contrato de 5,4 millones y un acuerdo vinculante con Pfizer por 20 millones de dosis de vacunas para 2021?, dijo la funcionaria en conferencia de prensa.<br \/>\nVizzotti precis\u00f3 que las vacunas de Pfizer ser\u00e1n para los ni\u00f1os y adolescentes con comorbilidades, aunque agreg\u00f3 que a\u00fan hay que coordinar cuestiones log\u00edsticas y de conservaci\u00f3n de las dosis.<br \/>\nLuego neg\u00f3 que haya conflictos con Rusia por el reclamo argentino para recibir las segundas dosis faltantes de la vacuna Sputnik V, cuando hay miles de personas vacunadas con la primera dosis que no saben cu\u00e1ndo podr\u00e1n completar el esquema de vacunaci\u00f3n.<\/p>\n","protected":false},"excerpt":{"rendered":"<p>Argentina compra vacunas de Pfizer Anuncio de la ministra de Salud BUENOS AIRES 28 JUL &#8211; La Argentina comprorar\u00e1 20 millones de dosis de la&hellip;<\/p>\n","protected":false},"author":99,"featured_media":498865,"comment_status":"open","ping_status":"open","sticky":false,"template":"","format":"standard","meta":{"footnotes":""},"categories":[23],"tags":[],"class_list":["post-498864","post","type-post","status-publish","format-standard","has-post-thumbnail","hentry","category-latinoamerica"],"_links":{"self":[{"href":"https:\/\/diarioelpopular.com\/index.php\/wp-json\/wp\/v2\/posts\/498864","targetHints":{"allow":["GET"]}}],"collection":[{"href":"https:\/\/diarioelpopular.com\/index.php\/wp-json\/wp\/v2\/posts"}],"about":[{"href":"https:\/\/diarioelpopular.com\/index.php\/wp-json\/wp\/v2\/types\/post"}],"author":[{"embeddable":true,"href":"https:\/\/diarioelpopular.com\/index.php\/wp-json\/wp\/v2\/users\/99"}],"replies":[{"embeddable":true,"href":"https:\/\/diarioelpopular.com\/index.php\/wp-json\/wp\/v2\/comments?post=498864"}],"version-history":[{"count":1,"href":"https:\/\/diarioelpopular.com\/index.php\/wp-json\/wp\/v2\/posts\/498864\/revisions"}],"predecessor-version":[{"id":498866,"href":"https:\/\/diarioelpopular.com\/index.php\/wp-json\/wp\/v2\/posts\/498864\/revisions\/498866"}],"wp:featuredmedia":[{"embeddable":true,"href":"https:\/\/diarioelpopular.com\/index.php\/wp-json\/wp\/v2\/media\/498865"}],"wp:attachment":[{"href":"https:\/\/diarioelpopular.com\/index.php\/wp-json\/wp\/v2\/media?parent=498864"}],"wp:term":[{"taxonomy":"category","embeddable":true,"href":"https:\/\/diarioelpopular.com\/index.php\/wp-json\/wp\/v2\/categories?post=498864"},{"taxonomy":"post_tag","embeddable":true,"href":"https:\/\/diarioelpopular.com\/index.php\/wp-json\/wp\/v2\/tags?post=498864"}],"curies":[{"name":"wp","href":"https:\/\/api.w.org\/{rel}","templated":true}]}}