{"id":498870,"date":"2021-07-28T09:40:48","date_gmt":"2021-07-28T13:40:48","guid":{"rendered":"https:\/\/diarioelpopular.com\/?p=498870"},"modified":"2021-07-28T09:40:48","modified_gmt":"2021-07-28T13:40:48","slug":"peru-pedro-castillo-y-los-desafios-que-debe-afrontar","status":"publish","type":"post","link":"https:\/\/diarioelpopular.com\/index.php\/2021\/07\/28\/peru-pedro-castillo-y-los-desafios-que-debe-afrontar\/","title":{"rendered":"Per\u00fa: Pedro Castillo y los desaf\u00edos que debe afrontar"},"content":{"rendered":"<h4><img loading=\"lazy\" decoding=\"async\" class=\"alignnone size-custom-full-size wp-image-498871\" src=\"https:\/\/diarioelpopular.com\/wp-content\/uploads\/2021\/07\/f5e860fec0c164b4c597b19c58c4530b-636x464.jpg\" alt=\"\" width=\"636\" height=\"464\" srcset=\"https:\/\/diarioelpopular.com\/wp-content\/uploads\/2021\/07\/f5e860fec0c164b4c597b19c58c4530b-636x464.jpg 636w, https:\/\/diarioelpopular.com\/wp-content\/uploads\/2021\/07\/f5e860fec0c164b4c597b19c58c4530b-300x219.jpg 300w, https:\/\/diarioelpopular.com\/wp-content\/uploads\/2021\/07\/f5e860fec0c164b4c597b19c58c4530b-768x560.jpg 768w, https:\/\/diarioelpopular.com\/wp-content\/uploads\/2021\/07\/f5e860fec0c164b4c597b19c58c4530b-100x73.jpg 100w, https:\/\/diarioelpopular.com\/wp-content\/uploads\/2021\/07\/f5e860fec0c164b4c597b19c58c4530b.jpg 945w\" sizes=\"auto, (max-width: 636px) 100vw, 636px\" \/><\/h4>\n<p><em>Los desaf\u00edos que debe afrontar Pedro Castillo (foto: EPA)<\/em><\/p>\n<h4><em><strong>Gobernar\u00e1 &#8220;para el pueblo&#8221;, pero el Parlamento no lo har\u00e1 f\u00e1cil<\/strong><\/em><\/h4>\n<p><strong><em>LIMA, 28 JUL &#8211;<\/em> <\/strong>Pedro Castillo, el maestro de primaria, agricultor y sindicalista de 51 a\u00f1os, ingresa oficialmente este mi\u00e9rcoles a la Casa de Pizarro en Lima como el 130mo presidente de la Rep\u00fablica del Per\u00fa, cargo que asumir\u00e1 con el gran reto de despejar inquietudes en un pa\u00eds profundamente polarizado y golpeado por la crisis generada por la pandemia del Covid-19.<br \/>\nCastillo prestar\u00e1 juramento en un d\u00eda especial, porque hace exactamente 200 a\u00f1os, el 28 de julio de 1821, el Libertador y general argentino, Jos\u00e9 de San Mart\u00edn, tom\u00f3 posesi\u00f3n al frente del nuevo e independiente Estado peruano.<br \/>\nSi bien obtuvo una ajustada ventaja de 44.263 votos sobre la l\u00edder de derecha Keiko Fujimori, la victoria de Castillo en las urnas con el partido de izquierda Per\u00fa Libre tuvo el efecto de un l\u00e1tigo para la clase pol\u00edtica peruana involucrada en interminables disputas de poder.<br \/>\nOcurri\u00f3 dentro de un Congreso (Parlamento unicameral) dividido en una mir\u00edada de partidos, estos enfrentamientos han visto a cuatro presidentes de la Rep\u00fablica alternarse en cinco a\u00f1os en Lima.<br \/>\nEn sus primeras decisiones Castillo, quien prometi\u00f3 gobernar &#8220;para todos los peruanos&#8221;, inevitablemente tendr\u00e1 que ser prudente, visto que los partidos de derecha demostraron su fuerza al ganar recientemente la presidencia del Congreso.<br \/>\nLa mesa directiva del parlamento estar\u00e1 presidida por la abogada Mar\u00eda del Carmen Alva, de la centrista Acci\u00f3n Popular (AP), y que recibi\u00f3 el apoyo del partido Fuerza Popular, de la candidata presidencial derrotada Keiko Fujimori.<br \/>\nPero los objetivos de Castillo son claros: desmantelar las instituciones estatales que a su juicio operan solo a favor de los sectores pudientes del pa\u00eds, y llegar a la definici\u00f3n de una nueva Constituci\u00f3n, archivando la de 1993, deseada por el entonces presidente Alberto Fujimori, autor de un &#8220;autogolpe&#8221; que provoc\u00f3 la disoluci\u00f3n del Parlamento.<br \/>\nEs por eso que Castillo deber\u00e1 demostrar sus capacidades negociadoras con el poder Legislativo.<br \/>\nPara hacer entender su filosof\u00eda de gobierno, Castillo anunci\u00f3 que renunciar\u00e1 a su sueldo de presidente para quedarse con el de maestro de primaria, pidiendo un gesto de austeridad tambi\u00e9n a ministros y parlamentarios.<br \/>\nEn el plano internacional, Per\u00fa abandonar\u00e1 la zona conservadora y pro estadounidense, actualmente mayoritaria en Am\u00e9rica Latina, para pasar a posiciones m\u00e1s avanzadas, cercanas a las de pa\u00edses como M\u00e9xico, Argentina y Bolivia, que acogieron con entusiasmo su elecci\u00f3n.<br \/>\nCabe recordar que Castillo critic\u00f3 el embargo y las sanciones impuestas por Estados Unidos a Cuba y Venezuela, sugiriendo que ya no quer\u00eda apoyar al Grupo de Lima a trav\u00e9s del cual Estados Unidos, Canad\u00e1, Brasil y Colombia estaban presionando para derribar el &#8216;r\u00e9gimen&#8217; del presidente venezolano Nicol\u00e1s Maduro.<br \/>\nSin embargo, a partir de ma\u00f1ana ser\u00e1 la pol\u00edtica interna la que atraer\u00e1 las preocupaciones del nuevo jefe de Estado. La \u00faltima encuesta realizada por el instituto especializado Ipsos tambi\u00e9n dej\u00f3 entrever que, otorg\u00e1ndole un favor del 52% de la opini\u00f3n p\u00fablica, destac\u00f3 que la gente espera mejoras r\u00e1pidas en la salud y la lucha contra el Covid-19, para la econom\u00eda y el empleo, y para educaci\u00f3n.<br \/>\nCastillo, en tanto, asumir\u00e1 la presidencia para el quinquenio 2021-2026 en una ceremonia que contar\u00e1 con la presencia de varios gobernantes de la regi\u00f3n, entre ellos los de Argentina, Chile y Ecuador, as\u00ed como por el rey de Espa\u00f1a, Felipe VI.<\/p>\n","protected":false},"excerpt":{"rendered":"<p>Los desaf\u00edos que debe afrontar Pedro Castillo (foto: EPA) Gobernar\u00e1 &#8220;para el pueblo&#8221;, pero el Parlamento no lo har\u00e1 f\u00e1cil LIMA, 28 JUL &#8211; Pedro&hellip;<\/p>\n","protected":false},"author":99,"featured_media":498871,"comment_status":"open","ping_status":"open","sticky":false,"template":"","format":"standard","meta":{"footnotes":""},"categories":[23],"tags":[],"class_list":["post-498870","post","type-post","status-publish","format-standard","has-post-thumbnail","hentry","category-latinoamerica"],"_links":{"self":[{"href":"https:\/\/diarioelpopular.com\/index.php\/wp-json\/wp\/v2\/posts\/498870","targetHints":{"allow":["GET"]}}],"collection":[{"href":"https:\/\/diarioelpopular.com\/index.php\/wp-json\/wp\/v2\/posts"}],"about":[{"href":"https:\/\/diarioelpopular.com\/index.php\/wp-json\/wp\/v2\/types\/post"}],"author":[{"embeddable":true,"href":"https:\/\/diarioelpopular.com\/index.php\/wp-json\/wp\/v2\/users\/99"}],"replies":[{"embeddable":true,"href":"https:\/\/diarioelpopular.com\/index.php\/wp-json\/wp\/v2\/comments?post=498870"}],"version-history":[{"count":1,"href":"https:\/\/diarioelpopular.com\/index.php\/wp-json\/wp\/v2\/posts\/498870\/revisions"}],"predecessor-version":[{"id":498872,"href":"https:\/\/diarioelpopular.com\/index.php\/wp-json\/wp\/v2\/posts\/498870\/revisions\/498872"}],"wp:featuredmedia":[{"embeddable":true,"href":"https:\/\/diarioelpopular.com\/index.php\/wp-json\/wp\/v2\/media\/498871"}],"wp:attachment":[{"href":"https:\/\/diarioelpopular.com\/index.php\/wp-json\/wp\/v2\/media?parent=498870"}],"wp:term":[{"taxonomy":"category","embeddable":true,"href":"https:\/\/diarioelpopular.com\/index.php\/wp-json\/wp\/v2\/categories?post=498870"},{"taxonomy":"post_tag","embeddable":true,"href":"https:\/\/diarioelpopular.com\/index.php\/wp-json\/wp\/v2\/tags?post=498870"}],"curies":[{"name":"wp","href":"https:\/\/api.w.org\/{rel}","templated":true}]}}