{"id":498882,"date":"2021-07-29T11:18:43","date_gmt":"2021-07-29T15:18:43","guid":{"rendered":"https:\/\/diarioelpopular.com\/?p=498882"},"modified":"2021-07-29T11:18:43","modified_gmt":"2021-07-29T15:18:43","slug":"colombia-miles-de-migrantes-colapsan-pequena-poblacion","status":"publish","type":"post","link":"https:\/\/diarioelpopular.com\/index.php\/2021\/07\/29\/colombia-miles-de-migrantes-colapsan-pequena-poblacion\/","title":{"rendered":"Colombia: Miles de migrantes colapsan peque\u00f1a poblaci\u00f3n"},"content":{"rendered":"<p><img loading=\"lazy\" decoding=\"async\" class=\"alignnone size-custom-full-size wp-image-498883\" src=\"https:\/\/diarioelpopular.com\/wp-content\/uploads\/2021\/07\/e46065ea82fe8929f4cb8b2ea22a05a7-636x358.jpg\" alt=\"\" width=\"636\" height=\"358\" srcset=\"https:\/\/diarioelpopular.com\/wp-content\/uploads\/2021\/07\/e46065ea82fe8929f4cb8b2ea22a05a7-636x358.jpg 636w, https:\/\/diarioelpopular.com\/wp-content\/uploads\/2021\/07\/e46065ea82fe8929f4cb8b2ea22a05a7-300x169.jpg 300w, https:\/\/diarioelpopular.com\/wp-content\/uploads\/2021\/07\/e46065ea82fe8929f4cb8b2ea22a05a7-768x432.jpg 768w, https:\/\/diarioelpopular.com\/wp-content\/uploads\/2021\/07\/e46065ea82fe8929f4cb8b2ea22a05a7-130x73.jpg 130w, https:\/\/diarioelpopular.com\/wp-content\/uploads\/2021\/07\/e46065ea82fe8929f4cb8b2ea22a05a7.jpg 945w\" sizes=\"auto, (max-width: 636px) 100vw, 636px\" \/><\/p>\n<p><em>Miles de migrantes colapsan peque\u00f1a poblaci\u00f3n colombiana <\/em><\/p>\n<p><em>(foto: Foto de la Defensor\u00eda del Pueblo de Colombia)<\/em><\/p>\n<p><em><strong>BOGOTA 29 JUL &#8211;<\/strong> <\/em>Esto es &#8220;una bomba de tiempo&#8221;, alert\u00f3 Jorge Tob\u00f3n, alcalde de Necocl\u00ed, la peque\u00f1a poblaci\u00f3n el noroeste de Colombia que tiene represados a m\u00e1s de 10 mil migrantes provenientes de lugares tan remotos como Africa, Asia y hasta de Hait\u00ed que sue\u00f1an con llegar a Estados Unidos.<br \/>\nSeg\u00fan el mandatario de ese municipio, de unos 70 mil habitantes y a orillas del Mar Caribe en la frontera con Panam\u00e1, la localidad no da abasto para recibir a m\u00e1s personas, ni para trasladarlas a la zona lim\u00edtrofe, lo que ha generado un represamiento que les impide salir del municipio.<br \/>\nEl problema, seg\u00fan explic\u00f3 Tob\u00f3n, es que con la apertura de fronteras, que estuvieron cerradas por el Covid-19 en pa\u00edses como Chile, Brasil o Ecuador, los migrantes emprendieron su tr\u00e1nsito hacia el norte de Am\u00e9rica, uno de cuyos pasos obligados es la frontera de Colombia con Panam\u00e1.<br \/>\nEl represamiento de persona no es de hoy. Es el c\u00famulo de cuatro meses de llegada diaria de hasta 800 migrantes que buscan hacer tr\u00e1nsito hacia Panam\u00e1.<br \/>\nPero en Necocl\u00ed solo hay una empresa de transporte mar\u00edtimo que posee dos lanchas que parten de lunes a viernes hacia la poblaci\u00f3n de Capurgan\u00e1.<br \/>\nEn ese lugar, los migrantes, incluidos ni\u00f1os y mujeres embarazadas, emprenden una traves\u00eda que puede durar hasta una semana a trav\u00e9s del Tap\u00f3n del Darien, una zona selv\u00e1tica que comparten Colombia y Panam\u00e1.<br \/>\n&#8220;Tenemos m\u00e1s de 10 mil migrantes represados con la incertidumbre de no saber cu\u00e1ndo les van a vender el boleto&#8221; para tomar la embarcaci\u00f3n hacia la frontera, precis\u00f3 Tob\u00f3n, quien ha sido alertado por los mismos migrantes que desde el sur del continente vienen hac\u00eda su municipio unas 30 mil personas m\u00e1s.<br \/>\n&#8220;Literalmente es una bomba de tiempo, hasta miedo me da la sensaci\u00f3n&#8221;, manifest\u00f3 el mandatario a Caracol Radio, al advertir que los migrantes no se dejan censar, ni usan mascarilla, ni guardan distanciamiento social; no se sabe qui\u00e9nes est\u00e1n enfermos y adem\u00e1s generan una demanda de necesidades que su poblaci\u00f3n no puede ofrecer.<br \/>\nSe trata de 10 mil personas que necesitan alimentarse y un lugar de descanso y aseo, pero a la fecha todo en ese municipio est\u00e1 colapsado, de acuerdo a la descripci\u00f3n hecha por el alcalde local, que le pidi\u00f3 al gobierno solucionar la situaci\u00f3n.<br \/>\nTob\u00f3n afirm\u00f3 que el represamiento de estas personas ha generado graves tensiones, peleas y discusiones entre ellos, sin contar que quienes tienen menos recursos econ\u00f3micos se ven obligados a dormir en las calles y en playas de la poblaci\u00f3n.<br \/>\nLa Defensor\u00eda del Pueblo asegur\u00f3 que durante este a\u00f1o han &#8220;transitado&#8221; por el paso fronterizo con Panama &#8220;unas 33 mil personas provenientes de Hait\u00ed, Cuba, Chile, Senegal, Ghana, entre otros pa\u00edses&#8221;.<br \/>\nTob\u00f3n pidi\u00f3 a Migraci\u00f3n Colombia, la entidad encargada de controlar los accesos y salidas del pa\u00eds, que establezca un &#8220;tap\u00f3n&#8221; en la frontera con Ecuador, mientras logran evacuar a los migrantes represados en Necocl\u00ed y reclam\u00f3 un puesto de control de esa entidad en su municipio.<\/p>\n","protected":false},"excerpt":{"rendered":"<p>Miles de migrantes colapsan peque\u00f1a poblaci\u00f3n colombiana (foto: Foto de la Defensor\u00eda del Pueblo de Colombia) BOGOTA 29 JUL &#8211; Esto es &#8220;una bomba de&hellip;<\/p>\n","protected":false},"author":99,"featured_media":498883,"comment_status":"open","ping_status":"open","sticky":false,"template":"","format":"standard","meta":{"footnotes":""},"categories":[23],"tags":[],"class_list":["post-498882","post","type-post","status-publish","format-standard","has-post-thumbnail","hentry","category-latinoamerica"],"_links":{"self":[{"href":"https:\/\/diarioelpopular.com\/index.php\/wp-json\/wp\/v2\/posts\/498882","targetHints":{"allow":["GET"]}}],"collection":[{"href":"https:\/\/diarioelpopular.com\/index.php\/wp-json\/wp\/v2\/posts"}],"about":[{"href":"https:\/\/diarioelpopular.com\/index.php\/wp-json\/wp\/v2\/types\/post"}],"author":[{"embeddable":true,"href":"https:\/\/diarioelpopular.com\/index.php\/wp-json\/wp\/v2\/users\/99"}],"replies":[{"embeddable":true,"href":"https:\/\/diarioelpopular.com\/index.php\/wp-json\/wp\/v2\/comments?post=498882"}],"version-history":[{"count":1,"href":"https:\/\/diarioelpopular.com\/index.php\/wp-json\/wp\/v2\/posts\/498882\/revisions"}],"predecessor-version":[{"id":498884,"href":"https:\/\/diarioelpopular.com\/index.php\/wp-json\/wp\/v2\/posts\/498882\/revisions\/498884"}],"wp:featuredmedia":[{"embeddable":true,"href":"https:\/\/diarioelpopular.com\/index.php\/wp-json\/wp\/v2\/media\/498883"}],"wp:attachment":[{"href":"https:\/\/diarioelpopular.com\/index.php\/wp-json\/wp\/v2\/media?parent=498882"}],"wp:term":[{"taxonomy":"category","embeddable":true,"href":"https:\/\/diarioelpopular.com\/index.php\/wp-json\/wp\/v2\/categories?post=498882"},{"taxonomy":"post_tag","embeddable":true,"href":"https:\/\/diarioelpopular.com\/index.php\/wp-json\/wp\/v2\/tags?post=498882"}],"curies":[{"name":"wp","href":"https:\/\/api.w.org\/{rel}","templated":true}]}}