{"id":498915,"date":"2021-07-30T15:37:57","date_gmt":"2021-07-30T19:37:57","guid":{"rendered":"https:\/\/diarioelpopular.com\/?p=498915"},"modified":"2021-07-30T15:37:57","modified_gmt":"2021-07-30T19:37:57","slug":"limites-de-capacidad-se-levantaran-cuando-ontario-salga-del-paso-3-la-mascarilla-interior-obliga-a-quedarse","status":"publish","type":"post","link":"https:\/\/diarioelpopular.com\/index.php\/2021\/07\/30\/limites-de-capacidad-se-levantaran-cuando-ontario-salga-del-paso-3-la-mascarilla-interior-obliga-a-quedarse\/","title":{"rendered":"L\u00edmites de capacidad se levantar\u00e1n cuando Ontario salga del Paso 3, la mascarilla interior obliga a quedarse"},"content":{"rendered":"<p><img loading=\"lazy\" decoding=\"async\" class=\"alignnone size-custom-full-size wp-image-498916\" src=\"https:\/\/diarioelpopular.com\/wp-content\/uploads\/2021\/07\/Screen-Shot-2021-07-30-at-3.32.13-PM-636x351.png\" alt=\"\" width=\"636\" height=\"351\" srcset=\"https:\/\/diarioelpopular.com\/wp-content\/uploads\/2021\/07\/Screen-Shot-2021-07-30-at-3.32.13-PM-636x351.png 636w, https:\/\/diarioelpopular.com\/wp-content\/uploads\/2021\/07\/Screen-Shot-2021-07-30-at-3.32.13-PM-300x165.png 300w, https:\/\/diarioelpopular.com\/wp-content\/uploads\/2021\/07\/Screen-Shot-2021-07-30-at-3.32.13-PM-768x424.png 768w, https:\/\/diarioelpopular.com\/wp-content\/uploads\/2021\/07\/Screen-Shot-2021-07-30-at-3.32.13-PM-132x73.png 132w, https:\/\/diarioelpopular.com\/wp-content\/uploads\/2021\/07\/Screen-Shot-2021-07-30-at-3.32.13-PM.png 1017w\" sizes=\"auto, (max-width: 636px) 100vw, 636px\" \/><\/p>\n<h4><em>&#8211; El gobierno de Ontario anunci\u00f3 que los l\u00edmites de capacidad estar\u00e1n entre las medidas de salud p\u00fablica que se levantar\u00e1n cuando la provincia salga del Paso 3 de la reapertura<\/em><\/h4>\n<h4><em><strong>&#8211; Ontario reporta m\u00e1s de 200 casos de COVID-19 por segundo d\u00eda consecutivo<\/strong><\/em><\/h4>\n<p><em><strong>TORONTO.-<\/strong> <\/em>&#8220;Solo se mantendr\u00e1 una peque\u00f1a cantidad de medidas, incluido el requisito de detecci\u00f3n pasiva, como colocar un letrero, y negocios que requieran un plan de seguridad&#8221;, dijo Alexandra Hilkene, secretaria de prensa de la ministra de Salud, Christine Elliott, en un correo electr\u00f3nico este viernes.<\/p>\n<p>A\u00fan no se ha revelado una fecha para la provincia que sale del Paso 3.<\/p>\n<p>&#8220;Como la variante Delta es la cepa dominante en Ontario, lo que no es el caso de algunas otras provincias, las cubiertas para la cara tambi\u00e9n seguir\u00e1n siendo necesarias para entornos p\u00fablicos de interior&#8221;, a\u00f1adi\u00f3 Hilkene.<\/p>\n<p>&#8220;Esto es consistente con otras jurisdicciones como Quebec e Israel, y los CDC actualizaron recientemente su recomendaci\u00f3n de que las personas completamente vacunadas comiencen a usar m\u00e1scaras en el interior nuevamente en lugares con altas tasas de transmisi\u00f3n de COVID-19&#8221;.<\/p>\n<p>Hilkene dijo que el director m\u00e9dico de salud seguir\u00e1 evaluando &#8220;de forma continua&#8221; la necesidad del mandato de m\u00e1scaras para interiores.<\/p>\n<p>Esta semana, la provincia alcanz\u00f3 uno de sus requisitos para salir del Paso 3 despu\u00e9s de que m\u00e1s del 80 por ciento de todas las personas mayores de 12 a\u00f1os en la provincia recibieron al menos una dosis de la vacuna COVID-19.<\/p>\n<p>Los otros requisitos para salir del Paso 3 son que el 75% de la poblaci\u00f3n elegible haya recibido una segunda dosis y ninguna unidad de salud p\u00fablica tenga menos del 70% de la poblaci\u00f3n elegible completamente vacunada.<\/p>\n<p>De los m\u00e1s de 12 en la provincia, el 68,4 por ciento est\u00e1 actualmente completamente vacunado.<\/p>\n<p>Otros indicadores de salud &#8220;tambi\u00e9n deben permanecer estables&#8221;, dijo Hilkene.<\/p>\n<p>Existen excepciones en las regulaciones para el mandato de las mascarillas, incluso para quienes realizan actividades f\u00edsicas o consumen alimentos o bebidas. Quienes se quiten la m\u00e1scara en el interior deben estar a dos metros de los dem\u00e1s, o separados por una barrera.<\/p>\n<p>La lista de regulaciones que entrar\u00e1n en vigor se puede encontrar aqu\u00ed.<\/p>\n<p>Ontario entr\u00f3 en el Paso 3 de reapertura el 16 de julio y permanecer\u00e1 en el Paso 3 durante al menos un total de 21 d\u00edas, dijo Hilkene.<\/p>\n<p>&nbsp;<\/p>\n<h4><em><strong>Ontario reporta m\u00e1s de 200 casos de COVID-19 por segundo d\u00eda consecutivo<\/strong><\/em><\/h4>\n<p>Ontario report\u00f3 226 casos de COVID-19 este viernes, lo que eleva el n\u00famero total de casos en la provincia a 550,178.<\/p>\n<p>\u201cA nivel local, hay 62 casos nuevos en Toronto, 35 en la regi\u00f3n de Waterloo, 24 en la regi\u00f3n de Peel, 13 en la regi\u00f3n de York, 13 en Hamilton y 13 en la regi\u00f3n de Halton\u201d, dijo la ministra de Salud, Christine Elliott.<\/p>\n<p>Es el segundo d\u00eda consecutivo en que la provincia report\u00f3 m\u00e1s de 200 casos despu\u00e9s de semanas de estar por debajo de ese nivel.<\/p>\n<p>A modo de comparaci\u00f3n, el viernes pasado se notificaron 192 casos.<\/p>\n<p>Tambi\u00e9n se anunciaron once nuevas muertes el 30 de julio, con lo que el n\u00famero provincial de muertes relacionadas con el virus asciende a 9.339.<\/p>\n<p>Un total de 539,348 casos de coronavirus se consideran resueltos, lo que representa un aumento de 148.<\/p>\n<p>Se completaron casi 21.000 pruebas adicionales. Ontario ha completado un total de 16,551,446 pruebas y 6,956 siguen bajo investigaci\u00f3n.<\/p>\n<p>La provincia indic\u00f3 que la tasa de positividad para el \u00faltimo d\u00eda fue del 1,1 por ciento, que es inferior al informe del jueves, cuando fue del 1,3 por ciento, y superior al informe del viernes pasado, cuando fue del 0,9 por ciento.<\/p>\n<p>Las cifras provinciales mostraron que hay 117 personas en cuidados intensivos debido a COVID-19 (cuatro menos), 77 de las cuales est\u00e1n en un ventilador (dos menos).<\/p>\n<p>A partir de las 8 p.m. El jueves, se hab\u00edan administrado 19.377.608 dosis de la vacuna COVID-19 en Ontario, lo que representa un aumento de 83.907. De ellos, 67.605 fueron segundas dosis.<\/p>\n<p>En Ontario, el 80,2 por ciento de los mayores de 12 a\u00f1os han recibido al menos una dosis de vacuna y el 68,4 por ciento est\u00e1n completamente vacunados.<\/p>\n","protected":false},"excerpt":{"rendered":"<p>&#8211; El gobierno de Ontario anunci\u00f3 que los l\u00edmites de capacidad estar\u00e1n entre las medidas de salud p\u00fablica que se levantar\u00e1n cuando la provincia salga&hellip;<\/p>\n","protected":false},"author":99,"featured_media":498916,"comment_status":"open","ping_status":"open","sticky":false,"template":"","format":"standard","meta":{"footnotes":""},"categories":[21,11191],"tags":[],"class_list":["post-498915","post","type-post","status-publish","format-standard","has-post-thumbnail","hentry","category-canada","category-top-news"],"_links":{"self":[{"href":"https:\/\/diarioelpopular.com\/index.php\/wp-json\/wp\/v2\/posts\/498915","targetHints":{"allow":["GET"]}}],"collection":[{"href":"https:\/\/diarioelpopular.com\/index.php\/wp-json\/wp\/v2\/posts"}],"about":[{"href":"https:\/\/diarioelpopular.com\/index.php\/wp-json\/wp\/v2\/types\/post"}],"author":[{"embeddable":true,"href":"https:\/\/diarioelpopular.com\/index.php\/wp-json\/wp\/v2\/users\/99"}],"replies":[{"embeddable":true,"href":"https:\/\/diarioelpopular.com\/index.php\/wp-json\/wp\/v2\/comments?post=498915"}],"version-history":[{"count":1,"href":"https:\/\/diarioelpopular.com\/index.php\/wp-json\/wp\/v2\/posts\/498915\/revisions"}],"predecessor-version":[{"id":498917,"href":"https:\/\/diarioelpopular.com\/index.php\/wp-json\/wp\/v2\/posts\/498915\/revisions\/498917"}],"wp:featuredmedia":[{"embeddable":true,"href":"https:\/\/diarioelpopular.com\/index.php\/wp-json\/wp\/v2\/media\/498916"}],"wp:attachment":[{"href":"https:\/\/diarioelpopular.com\/index.php\/wp-json\/wp\/v2\/media?parent=498915"}],"wp:term":[{"taxonomy":"category","embeddable":true,"href":"https:\/\/diarioelpopular.com\/index.php\/wp-json\/wp\/v2\/categories?post=498915"},{"taxonomy":"post_tag","embeddable":true,"href":"https:\/\/diarioelpopular.com\/index.php\/wp-json\/wp\/v2\/tags?post=498915"}],"curies":[{"name":"wp","href":"https:\/\/api.w.org\/{rel}","templated":true}]}}