{"id":498921,"date":"2021-07-30T15:44:13","date_gmt":"2021-07-30T19:44:13","guid":{"rendered":"https:\/\/diarioelpopular.com\/?p=498921"},"modified":"2021-07-30T15:44:13","modified_gmt":"2021-07-30T19:44:13","slug":"mexico-35-mas-muertes-2020-que-las-reportadas","status":"publish","type":"post","link":"https:\/\/diarioelpopular.com\/index.php\/2021\/07\/30\/mexico-35-mas-muertes-2020-que-las-reportadas\/","title":{"rendered":"M\u00e9xico: 35% m\u00e1s muertes 2020 que las reportadas"},"content":{"rendered":"<div id=\"attachment_498922\" style=\"width: 646px\" class=\"wp-caption alignnone\"><img loading=\"lazy\" decoding=\"async\" aria-describedby=\"caption-attachment-498922\" class=\"size-custom-full-size wp-image-498922\" src=\"https:\/\/diarioelpopular.com\/wp-content\/uploads\/2021\/07\/cb6d208e47294855db1dc23154e2d041-636x423.jpg\" alt=\"\" width=\"636\" height=\"423\" srcset=\"https:\/\/diarioelpopular.com\/wp-content\/uploads\/2021\/07\/cb6d208e47294855db1dc23154e2d041-636x423.jpg 636w, https:\/\/diarioelpopular.com\/wp-content\/uploads\/2021\/07\/cb6d208e47294855db1dc23154e2d041-300x200.jpg 300w, https:\/\/diarioelpopular.com\/wp-content\/uploads\/2021\/07\/cb6d208e47294855db1dc23154e2d041-768x511.jpg 768w, https:\/\/diarioelpopular.com\/wp-content\/uploads\/2021\/07\/cb6d208e47294855db1dc23154e2d041-110x73.jpg 110w, https:\/\/diarioelpopular.com\/wp-content\/uploads\/2021\/07\/cb6d208e47294855db1dc23154e2d041.jpg 945w\" sizes=\"auto, (max-width: 636px) 100vw, 636px\" \/><p id=\"caption-attachment-498922\" class=\"wp-caption-text\"><em>Los casos en M\u00e9xico, superiores a los registrados (foto: EPA)<\/em><\/p><\/div>\n<h4><em><strong>Instituto de Estad\u00edstica reporta cifra real de v\u00edctimas<\/strong><\/em><\/h4>\n<p><strong><em>CIUDAD DE M\u00c9XICO, 30 JUL &#8211;<\/em><\/strong> Las muertes por Covid en 2020 alcanzaron las 201.163 en M\u00e9xico, es decir, 696 por d\u00eda, lo que representa un 35% m\u00e1s que lo reportado oficialmente (148.629), seg\u00fan revel\u00f3 el Instituto Nacional de Estad\u00edstica y Geograf\u00eda (INEGI), un organismo aut\u00f3nomo del Estado.<\/p>\n<p>La estimaci\u00f3n, que se asemeja a otras realizadas por entidades acad\u00e9micas e independientes, fue dada a conocer en momentos en que la tercera oleada de Covid-19 resurge con una fuerza inusitada, con promedios diarios de contagios que ya rebasan los 19.000. El INEGI revel\u00f3 que el Covid-19 represent\u00f3 18,5% del total de fallecimientos en M\u00e9xico el a\u00f1o pasado y se convirti\u00f3 en la segunda causa de muerte a nivel general y en la primera entre la poblaci\u00f3n masculina, rebasando las enfermedades del coraz\u00f3n, la diabetes, el c\u00e1ncer y los homicidios.<\/p>\n<p>Para las mujeres, el nuevo coronavirus es la tercera causa de muertes, con 71.829 decesos, contra 129.329 de los hombres. El reporte del organismo sac\u00f3 a la luz un fen\u00f3meno novedoso, el de las muertes por problemas cardiacos, que aumentaron 70% el a\u00f1o pasado respecto al 2019, lo cual seg\u00fan expertos tambi\u00e9n podr\u00eda atribuirse a la falta de atenci\u00f3n hospitalaria por la emergencia del Covid-19. Mientras tanto las infecciones por Covid siguen creciendo en forma vertiginosa, sobre todo en la capital y su zona perif\u00e9rica, donde el jueves se registr\u00f3 la ocupaci\u00f3n de 3.500 camas de hospital, el escenario que hab\u00eda sido anticipado por las autoridades de la Ciudad de M\u00e9xico como el probable en el pico de esta nueva oleada, previsto para agosto. El Estado de M\u00e9xico, al que pertenecen la mayor\u00eda de los municipios conurbados de la urbe, contabiliza una ocupaci\u00f3n del 50% en los centros m\u00e9dicos, contra el 70% en los estados de Nayarit y Colima (occidente), Durango, Nuevo Le\u00f3n y Sinaloa (norte) y Guerrero, Hidalgo y Veracruz (sur). El titular de la Agencia Digital de Innovaci\u00f3n Publica, Eduardo Clark, sostuvo que el gobierno de la ciudad est\u00e1 preparado para expandir su capacidad hospitalaria, pero especialsitas como Malaqu\u00edas L\u00f3pez, de la Universidad Nacional Aut\u00f3noma de M\u00e9xico (UNAM) dijeron que lo importante es &#8220;tener menos casos&#8221;.<\/p>\n<p>Gustavo Ol\u00e1iz, coordinador del Centro de investigaci\u00f3n, Pol\u00edticas y Salud de la UNAM, propuso reforzar el programa de pruebas y el aislamiento de casos con las cepas m\u00e1s agresivas como la Delta. Las autoridades sanitarias apostaron tambi\u00e9n a la vacunaci\u00f3n acelerada como una f\u00f3rmula para contrarrestar la tercera oleada, al romper esta semana el r\u00e9cord de las 1,4 millones de personas por d\u00eda, en las \u00faltimas jornadas, luego que comenz\u00f3 la aplicaci\u00f3n de los sueros a la franja de los 18 a los 29 a\u00f1os. Hasta ahora, casi 50% de la poblaci\u00f3n adulta ha recibido al menos una dosis, es decir, m\u00e1s de 44 millones de personas, de las cuales el 56% cuentan con esquema completo.<\/p>\n<p>Pero la aplicaci\u00f3n del ant\u00edgeno registra contrastes, por cuanto mientras estados como Baja California (noroeste), Ciudad de M\u00e9xico, Baja California Sur (noroeste), Chihuahua (norte) y Quintana Roo (sureste) registran tasas mayores al 70%, en Oaxaca, Chiapas y Veracruz (sureste) la cifra oscila entre 25 y 40%. En este contexto, la cifra de contagios crece a niveles preocupantes, que hacen temer que la actual espiral sea m\u00e1s poderosa que las dos anteriores. M\u00e9xico, cuarto pa\u00eds con mayor mortalidad a nivel mundial, contabiliza 2,8 millones de contagios, casi 240.000 muertes y 124.688 casos estimados, aunque las autoridades se\u00f1alan que la actual ola es cuatro veces menos letal que las previas. Los estados con los casos m\u00e1s activos son la capital (34.875), el Estado de M\u00e9xico (12.327), Jalisco (6.882), Nuevo Le\u00f3n (6.297), Veracruz (5.005) y Sinaloa (3.854). En Jalisco (occidente), las muertes aumentaron 66% en la \u00faltima semana, seg\u00fan el Sistema Nacional de Vigilancia Epidemiol\u00f3gica, mientras que en Nuevo Le\u00f3n el gobierno decidi\u00f3 reconvertir espacios para destinarlos a atender el Covid-19, pero ahora est\u00e1 sufriendo por falta de personal m\u00e9dico. En general, la ocupaci\u00f3n hospitalaria de espacios con ventilador aument\u00f3 del 15 al 38% en un mes, y la de camas generales pas\u00f3 del 18 al 44%.<\/p>\n","protected":false},"excerpt":{"rendered":"<p>Instituto de Estad\u00edstica reporta cifra real de v\u00edctimas CIUDAD DE M\u00c9XICO, 30 JUL &#8211; Las muertes por Covid en 2020 alcanzaron las 201.163 en M\u00e9xico,&hellip;<\/p>\n","protected":false},"author":99,"featured_media":498922,"comment_status":"open","ping_status":"open","sticky":false,"template":"","format":"standard","meta":{"footnotes":""},"categories":[23],"tags":[],"class_list":["post-498921","post","type-post","status-publish","format-standard","has-post-thumbnail","hentry","category-latinoamerica"],"_links":{"self":[{"href":"https:\/\/diarioelpopular.com\/index.php\/wp-json\/wp\/v2\/posts\/498921","targetHints":{"allow":["GET"]}}],"collection":[{"href":"https:\/\/diarioelpopular.com\/index.php\/wp-json\/wp\/v2\/posts"}],"about":[{"href":"https:\/\/diarioelpopular.com\/index.php\/wp-json\/wp\/v2\/types\/post"}],"author":[{"embeddable":true,"href":"https:\/\/diarioelpopular.com\/index.php\/wp-json\/wp\/v2\/users\/99"}],"replies":[{"embeddable":true,"href":"https:\/\/diarioelpopular.com\/index.php\/wp-json\/wp\/v2\/comments?post=498921"}],"version-history":[{"count":1,"href":"https:\/\/diarioelpopular.com\/index.php\/wp-json\/wp\/v2\/posts\/498921\/revisions"}],"predecessor-version":[{"id":498923,"href":"https:\/\/diarioelpopular.com\/index.php\/wp-json\/wp\/v2\/posts\/498921\/revisions\/498923"}],"wp:featuredmedia":[{"embeddable":true,"href":"https:\/\/diarioelpopular.com\/index.php\/wp-json\/wp\/v2\/media\/498922"}],"wp:attachment":[{"href":"https:\/\/diarioelpopular.com\/index.php\/wp-json\/wp\/v2\/media?parent=498921"}],"wp:term":[{"taxonomy":"category","embeddable":true,"href":"https:\/\/diarioelpopular.com\/index.php\/wp-json\/wp\/v2\/categories?post=498921"},{"taxonomy":"post_tag","embeddable":true,"href":"https:\/\/diarioelpopular.com\/index.php\/wp-json\/wp\/v2\/tags?post=498921"}],"curies":[{"name":"wp","href":"https:\/\/api.w.org\/{rel}","templated":true}]}}