{"id":498928,"date":"2021-07-31T12:32:06","date_gmt":"2021-07-31T16:32:06","guid":{"rendered":"https:\/\/diarioelpopular.com\/?p=498928"},"modified":"2021-07-31T12:32:06","modified_gmt":"2021-07-31T16:32:06","slug":"chile-codelco-logra-un-record-de-utilidades","status":"publish","type":"post","link":"https:\/\/diarioelpopular.com\/index.php\/2021\/07\/31\/chile-codelco-logra-un-record-de-utilidades\/","title":{"rendered":"Chile: Codelco logra un r\u00e9cord de utilidades"},"content":{"rendered":"<div id=\"attachment_498929\" style=\"width: 646px\" class=\"wp-caption alignnone\"><img loading=\"lazy\" decoding=\"async\" aria-describedby=\"caption-attachment-498929\" class=\"size-custom-full-size wp-image-498929\" src=\"https:\/\/diarioelpopular.com\/wp-content\/uploads\/2021\/07\/d220da7c8d979f32470036b1e8449718-636x423.jpg\" alt=\"\" width=\"636\" height=\"423\" srcset=\"https:\/\/diarioelpopular.com\/wp-content\/uploads\/2021\/07\/d220da7c8d979f32470036b1e8449718-636x423.jpg 636w, https:\/\/diarioelpopular.com\/wp-content\/uploads\/2021\/07\/d220da7c8d979f32470036b1e8449718-300x200.jpg 300w, https:\/\/diarioelpopular.com\/wp-content\/uploads\/2021\/07\/d220da7c8d979f32470036b1e8449718-768x511.jpg 768w, https:\/\/diarioelpopular.com\/wp-content\/uploads\/2021\/07\/d220da7c8d979f32470036b1e8449718-110x73.jpg 110w, https:\/\/diarioelpopular.com\/wp-content\/uploads\/2021\/07\/d220da7c8d979f32470036b1e8449718.jpg 945w\" sizes=\"auto, (max-width: 636px) 100vw, 636px\" \/><p id=\"caption-attachment-498929\" class=\"wp-caption-text\"><em>Una mina de cobre en Chile (foto: ANSA)<\/em><\/p><\/div>\n<h4><em><strong>Tambi\u00e9n aument\u00f3 la producci\u00f3n, a 50 a\u00f1os de su nacionalizaci\u00f3n<\/strong><\/em><\/h4>\n<p><em><strong>SANTIAGO DE CHILE, 31 JUL &#8211;<\/strong><\/em> Codelco, la empresa cupr\u00edfera estatal chilena principal productora de cobre en el mundo, obtuvo excedentes (utilidades) por 3.675 millones de d\u00f3lares durante los primeros seis meses de 2021, la cifra m\u00e1s alta de la \u00faltima d\u00e9cada.<br \/>\nLa producci\u00f3n de cobre fino tambi\u00e9n super\u00f3 la meta prevista, al reportar 796 mil toneladas, lo que equivale a 7% m\u00e1s que entre enero y junio de 2020, cuando totaliz\u00f3 744 mil toneladas.<br \/>\n&#8220;La producci\u00f3n super\u00f3, incluso, nuestra meta de 755 mil toneladas. Codelco se est\u00e1 transformando para ser m\u00e1s competitiva y entregar excedentes al pa\u00eds por los pr\u00f3ximos 50 a\u00f1os; por eso, no basta que pongamos en marcha nuevos yacimientos, como lo estamos haciendo, sino que es imprescindible una administraci\u00f3n de excelencia. Y esto es lo que reflejan las cifras: una gran gesti\u00f3n que se tradujo en el incremento en el nivel de procesamiento en Radomiro Tomic y El Teniente, a lo que se sum\u00f3 la mejor ley del mineral en Ministro Hales&#8221;, destac\u00f3 el presidente del directorio, Juan Benavides.<br \/>\nEl directivo resalt\u00f3 adem\u00e1s que el alza productiva se alcanz\u00f3 a pesar de las complejidades operacionales producto de la pandemia de Covid-19.<br \/>\n&#8220;En Codelco hemos tomado todas las medidas sanitarias para asegurar la protecci\u00f3n y la salud de las personas y, al mismo tiempo, mantener la continuidad operacional. Ahora podemos decir que en este primer semestre nuestros excedentes fueron casi 10 veces superiores a los del a\u00f1o pasado, cuando sumaron 380 millones&#8221;, subray\u00f3.<br \/>\nEl presidente ejecutivo, Octavio Araneda, admiti\u00f3 que &#8220;el precio del cobre fue, sin duda, un factor que influy\u00f3 positivamente en los resultados, pero tambi\u00e9n lo hicieron el alza en la producci\u00f3n, costos menores a los presupuestados, las mayores ventas de nuestro principal producto y el mejor desempe\u00f1o de las subsidiarias&#8221;.<br \/>\nRelev\u00f3 asimismo que &#8220;es especialmente gratificante darle buenas noticias al pa\u00eds en momentos en que a\u00fan enfrentamos una pandemia global que ha afectado a tantas personas, y cuando se conmemoran 50 a\u00f1os por Chile&#8221;, hist\u00f3rica fecha de la nacionalizaci\u00f3n del cobre bajo el gobierno socialista de Salvador Allende.<br \/>\nRecord\u00f3 que &#8220;en estas primeras cinco d\u00e9cadas desde que el cobre pas\u00f3 a manos del Estado, Codelco ha contribuido al desarrollo del pa\u00eds con m\u00e1s de 115 mil millones de d\u00f3lares de excedentes, lo que representa 8% de los ingresos fiscales en el per\u00edodo; ventas al exterior por 311 mil millones, cerca del 20% del total de las exportaciones, e inversiones acumuladas por 68 mil millones, lo que representa el 5% de toda la inversi\u00f3n realizada en el pa\u00eds&#8221;.<br \/>\nEl costo directo (C1) en el primer semestre de este a\u00f1o lleg\u00f3 a 1,347 d\u00f3lares la libra, 3,7% mayor que en el mismo per\u00edodo del a\u00f1o anterior. Ello, principalmente a efectos ex\u00f3genos, como el tipo de cambio y el precio de los insumos, contrarrestado parcialmente por una mayor producci\u00f3n y menores gastos directos.<br \/>\nEl costo neto a c\u00e1todo (C3) alcanz\u00f3 2,210 d\u00f3lares la libra, 6,4% superior a enero-junio de 2020. Adem\u00e1s de las razones que explican el aumento del costo directo, se suma el impacto del menor tipo de cambio en los pasivos en pesos.<br \/>\nLa generaci\u00f3n de caja operacional, Ebitda, alcanz\u00f3 5.160 millones de d\u00f3lares, una cifra que creci\u00f3 en 174% respecto de los primeros seis meses de 2020, con un margen de 52%.<br \/>\nEl alza significativa obedece principalmente al efecto positivo del precio del cobre, sumado a una mayor producci\u00f3n y ventas, y costos directos menores a los presupuestados, reflejo de la buena continuidad operacional.<br \/>\nEn cuanto a los proyectos, la empresa inform\u00f3 que Chuquicamata Subterr\u00e1nea, inaugurada en 2019, contin\u00faa desarrollando las obras de movimiento de materiales y desarrollo para poner en explotaci\u00f3n las nuevas \u00e1reas que le permitan alcanzar 140 mil toneladas por d\u00eda de extracci\u00f3n.<br \/>\nTraspaso Andina, en tanto, con 97,1% de avance, est\u00e1 finalizando las actividades de precomisionamiento del chancador primario, mientras en el secundario se est\u00e1n finalizando las pruebas de carga del puente gr\u00faa y se inici\u00f3 su montaje mec\u00e1nico.<br \/>\nRespecto de El Teniente, Andes Norte (68,5%), ubicado en una zona de altos esfuerzos y en condiciones geomec\u00e1nicas que requieren una atenci\u00f3n permanente, contin\u00faa su avance. En tanto, las obras tempranas de Diamante alcanzaron 71,8% y las de Andesita, 82,6%.<br \/>\nEl proyecto Rajo Inca presenta un avance de 13,6%. En junio se iniciaron las obras del contrato principal para el movimiento de tierra, para la preproducci\u00f3n y la construcci\u00f3n de caminos.<\/p>\n","protected":false},"excerpt":{"rendered":"<p>Tambi\u00e9n aument\u00f3 la producci\u00f3n, a 50 a\u00f1os de su nacionalizaci\u00f3n SANTIAGO DE CHILE, 31 JUL &#8211; Codelco, la empresa cupr\u00edfera estatal chilena principal productora de&hellip;<\/p>\n","protected":false},"author":99,"featured_media":498929,"comment_status":"open","ping_status":"open","sticky":false,"template":"","format":"standard","meta":{"footnotes":""},"categories":[23],"tags":[],"class_list":["post-498928","post","type-post","status-publish","format-standard","has-post-thumbnail","hentry","category-latinoamerica"],"_links":{"self":[{"href":"https:\/\/diarioelpopular.com\/index.php\/wp-json\/wp\/v2\/posts\/498928","targetHints":{"allow":["GET"]}}],"collection":[{"href":"https:\/\/diarioelpopular.com\/index.php\/wp-json\/wp\/v2\/posts"}],"about":[{"href":"https:\/\/diarioelpopular.com\/index.php\/wp-json\/wp\/v2\/types\/post"}],"author":[{"embeddable":true,"href":"https:\/\/diarioelpopular.com\/index.php\/wp-json\/wp\/v2\/users\/99"}],"replies":[{"embeddable":true,"href":"https:\/\/diarioelpopular.com\/index.php\/wp-json\/wp\/v2\/comments?post=498928"}],"version-history":[{"count":1,"href":"https:\/\/diarioelpopular.com\/index.php\/wp-json\/wp\/v2\/posts\/498928\/revisions"}],"predecessor-version":[{"id":498930,"href":"https:\/\/diarioelpopular.com\/index.php\/wp-json\/wp\/v2\/posts\/498928\/revisions\/498930"}],"wp:featuredmedia":[{"embeddable":true,"href":"https:\/\/diarioelpopular.com\/index.php\/wp-json\/wp\/v2\/media\/498929"}],"wp:attachment":[{"href":"https:\/\/diarioelpopular.com\/index.php\/wp-json\/wp\/v2\/media?parent=498928"}],"wp:term":[{"taxonomy":"category","embeddable":true,"href":"https:\/\/diarioelpopular.com\/index.php\/wp-json\/wp\/v2\/categories?post=498928"},{"taxonomy":"post_tag","embeddable":true,"href":"https:\/\/diarioelpopular.com\/index.php\/wp-json\/wp\/v2\/tags?post=498928"}],"curies":[{"name":"wp","href":"https:\/\/api.w.org\/{rel}","templated":true}]}}