{"id":498931,"date":"2021-07-31T12:35:05","date_gmt":"2021-07-31T16:35:05","guid":{"rendered":"https:\/\/diarioelpopular.com\/?p=498931"},"modified":"2021-07-31T12:35:05","modified_gmt":"2021-07-31T16:35:05","slug":"shakira-sospechada-de-fraude-fiscal","status":"publish","type":"post","link":"https:\/\/diarioelpopular.com\/index.php\/2021\/07\/31\/shakira-sospechada-de-fraude-fiscal\/","title":{"rendered":"Shakira sospechada de fraude fiscal"},"content":{"rendered":"<p>&nbsp;<\/p>\n<p>&nbsp;<\/p>\n<div id=\"attachment_498932\" style=\"width: 646px\" class=\"wp-caption alignnone\"><img loading=\"lazy\" decoding=\"async\" aria-describedby=\"caption-attachment-498932\" class=\"size-custom-full-size wp-image-498932\" src=\"https:\/\/diarioelpopular.com\/wp-content\/uploads\/2021\/07\/e254b99cdb6f20723ff2c28a84c9483e-636x434.jpg\" alt=\"\" width=\"636\" height=\"434\" srcset=\"https:\/\/diarioelpopular.com\/wp-content\/uploads\/2021\/07\/e254b99cdb6f20723ff2c28a84c9483e-636x434.jpg 636w, https:\/\/diarioelpopular.com\/wp-content\/uploads\/2021\/07\/e254b99cdb6f20723ff2c28a84c9483e-300x205.jpg 300w, https:\/\/diarioelpopular.com\/wp-content\/uploads\/2021\/07\/e254b99cdb6f20723ff2c28a84c9483e-768x524.jpg 768w, https:\/\/diarioelpopular.com\/wp-content\/uploads\/2021\/07\/e254b99cdb6f20723ff2c28a84c9483e-80x55.jpg 80w, https:\/\/diarioelpopular.com\/wp-content\/uploads\/2021\/07\/e254b99cdb6f20723ff2c28a84c9483e-107x73.jpg 107w, https:\/\/diarioelpopular.com\/wp-content\/uploads\/2021\/07\/e254b99cdb6f20723ff2c28a84c9483e.jpg 945w\" sizes=\"auto, (max-width: 636px) 100vw, 636px\" \/><p id=\"caption-attachment-498932\" class=\"wp-caption-text\"><em>La colombiana Shakira a riesgo de juicio por evasi\u00f3n impositiva en Espa\u00f1a \u00a0 \u00a0 \u00a0(foto: ANSA)<\/em><\/p><\/div>\n<h4><em><strong>Para un juez espa\u00f1ol, &#8220;hay pruebas suficientes&#8221; para llevarla a juicio<\/strong><\/em><\/h4>\n<p><em><strong>MADRID, 31 JUL &#8211;<\/strong><\/em> La cantante Shakira podr\u00eda tener problemas graves con la justicia espa\u00f1ola, pues tanto la Fiscal\u00eda como la Agencia Tributaria sospechan que la estrella colombiana no pag\u00f3 unos 14,5 millones de euros en impuestos a su debido tiempo en el pa\u00eds ib\u00e9rico.<br \/>\nY ahora un juez concluy\u00f3 la fase de investigaci\u00f3n y aleg\u00f3 -seg\u00fan medios locales- haber encontrado &#8220;pruebas suficientes&#8221; para abrir un juicio penal en su contra.<br \/>\nUn extremo que el equipo legal de Shakira est\u00e1 tratando de evitar con un recurso contra esta resoluci\u00f3n, declarando la inocencia de la famosa cliente.<br \/>\nLas supuestas irregularidades cometidas por Shakira se refieren a los a\u00f1os 2012, 2013 y 2014.<br \/>\nSeg\u00fan la tesis de la fiscal\u00eda, Espa\u00f1a ya se hab\u00eda convertido en su residencia habitual en ese momento.<br \/>\nEn el pa\u00eds ib\u00e9rico, la cantante no solo tiene intereses profesionales, sino que hace 10 a\u00f1os mantiene una relaci\u00f3n con el futbolista del Barcelona, Gerard Piqu\u00e9, con quien tuvo dos hijos.<br \/>\nSeg\u00fan revel\u00f3 el a\u00f1o pasado el diario El Pa\u00eds, un inspector de la Agencia Tributaria estudi\u00f3 en detalle la vida de Shakira en los \u00faltimos a\u00f1os, con un trabajo casi de detective: gastos, viajes, citas profesionales, visitas de colaboradores, vacaciones e incluso con qu\u00e9 frecuencia iba a buscar a sus hijos a la escuela o recibir a su peluquera en su casa.<br \/>\nAlgunas reconstrucciones lo llevaron a concluir -gracias tambi\u00e9n a las im\u00e1genes de la artista difundidas por los fans en las redes sociales- que en los ejercicios bajo examen la cantante pas\u00f3 en Espa\u00f1a m\u00e1s del m\u00ednimo legal de seis meses y un d\u00eda al a\u00f1o suficientes para establecer que su residencia legal estaba all\u00ed.<br \/>\nUna versi\u00f3n que Shakira y sus abogados rechazan.<br \/>\nSeg\u00fan la tesis de la defensa, la residencia fiscal del artista en esos a\u00f1os estaba en las Bahamas.<br \/>\nY lo que para la Agencia Tributaria eran &#8220;ausencias espor\u00e1dicas&#8221; cuando viajaba por motivos profesionales o personales, para la artista son en cambio elementos distintivos del estilo de vida &#8220;n\u00f3mada&#8221; que mantuvo antes de trasladarse de forma m\u00e1s permanente a Barcelona a partir de 2015, seg\u00fan declar\u00f3 ella misma en el tribunal.<br \/>\nLa estrella colombiana -que vendi\u00f3 decenas de millones de discos a lo largo de su carrera- ya devolvi\u00f3 la suma disputada a las autoridades fiscales espa\u00f1olas, incluidos intereses de alrededor de 3 millones de euros.<br \/>\n\u00c9se es precisamente uno de los puntos en los que se basa el recurso que su equipo legal prepara para intentar frenar un posible juicio, explic\u00f3 El Pa\u00eds.<br \/>\nLa decisi\u00f3n pasar\u00e1 ahora a manos de la Audiencia Provincial de Barcelona.<\/p>\n","protected":false},"excerpt":{"rendered":"<p>&nbsp; &nbsp; Para un juez espa\u00f1ol, &#8220;hay pruebas suficientes&#8221; para llevarla a juicio MADRID, 31 JUL &#8211; La cantante Shakira podr\u00eda tener problemas graves con&hellip;<\/p>\n","protected":false},"author":99,"featured_media":498932,"comment_status":"open","ping_status":"open","sticky":false,"template":"","format":"standard","meta":{"footnotes":""},"categories":[11354],"tags":[],"class_list":["post-498931","post","type-post","status-publish","format-standard","has-post-thumbnail","hentry","category-sucesos"],"_links":{"self":[{"href":"https:\/\/diarioelpopular.com\/index.php\/wp-json\/wp\/v2\/posts\/498931","targetHints":{"allow":["GET"]}}],"collection":[{"href":"https:\/\/diarioelpopular.com\/index.php\/wp-json\/wp\/v2\/posts"}],"about":[{"href":"https:\/\/diarioelpopular.com\/index.php\/wp-json\/wp\/v2\/types\/post"}],"author":[{"embeddable":true,"href":"https:\/\/diarioelpopular.com\/index.php\/wp-json\/wp\/v2\/users\/99"}],"replies":[{"embeddable":true,"href":"https:\/\/diarioelpopular.com\/index.php\/wp-json\/wp\/v2\/comments?post=498931"}],"version-history":[{"count":1,"href":"https:\/\/diarioelpopular.com\/index.php\/wp-json\/wp\/v2\/posts\/498931\/revisions"}],"predecessor-version":[{"id":498933,"href":"https:\/\/diarioelpopular.com\/index.php\/wp-json\/wp\/v2\/posts\/498931\/revisions\/498933"}],"wp:featuredmedia":[{"embeddable":true,"href":"https:\/\/diarioelpopular.com\/index.php\/wp-json\/wp\/v2\/media\/498932"}],"wp:attachment":[{"href":"https:\/\/diarioelpopular.com\/index.php\/wp-json\/wp\/v2\/media?parent=498931"}],"wp:term":[{"taxonomy":"category","embeddable":true,"href":"https:\/\/diarioelpopular.com\/index.php\/wp-json\/wp\/v2\/categories?post=498931"},{"taxonomy":"post_tag","embeddable":true,"href":"https:\/\/diarioelpopular.com\/index.php\/wp-json\/wp\/v2\/tags?post=498931"}],"curies":[{"name":"wp","href":"https:\/\/api.w.org\/{rel}","templated":true}]}}