{"id":498943,"date":"2021-08-02T12:38:27","date_gmt":"2021-08-02T16:38:27","guid":{"rendered":"https:\/\/diarioelpopular.com\/?p=498943"},"modified":"2021-08-02T12:38:27","modified_gmt":"2021-08-02T16:38:27","slug":"quebec-registra-mas-de-500-nuevos-casos-de-covid-19-desde-el-viernes-a-medida-que-los-casos-diarios-continuan-aumentando","status":"publish","type":"post","link":"https:\/\/diarioelpopular.com\/index.php\/2021\/08\/02\/quebec-registra-mas-de-500-nuevos-casos-de-covid-19-desde-el-viernes-a-medida-que-los-casos-diarios-continuan-aumentando\/","title":{"rendered":"Quebec registra m\u00e1s de 500 nuevos casos de COVID-19 desde el viernes a medida que los casos diarios contin\u00faan aumentando"},"content":{"rendered":"<p>&nbsp;<\/p>\n<h4><img loading=\"lazy\" decoding=\"async\" class=\"alignnone size-custom-full-size wp-image-498945\" src=\"https:\/\/diarioelpopular.com\/wp-content\/uploads\/2021\/08\/Screen-Shot-2021-08-02-at-12.36.58-PM-1-636x308.png\" alt=\"\" width=\"636\" height=\"308\" srcset=\"https:\/\/diarioelpopular.com\/wp-content\/uploads\/2021\/08\/Screen-Shot-2021-08-02-at-12.36.58-PM-1-636x308.png 636w, https:\/\/diarioelpopular.com\/wp-content\/uploads\/2021\/08\/Screen-Shot-2021-08-02-at-12.36.58-PM-1-300x145.png 300w, https:\/\/diarioelpopular.com\/wp-content\/uploads\/2021\/08\/Screen-Shot-2021-08-02-at-12.36.58-PM-1-768x371.png 768w, https:\/\/diarioelpopular.com\/wp-content\/uploads\/2021\/08\/Screen-Shot-2021-08-02-at-12.36.58-PM-1-146x71.png 146w, https:\/\/diarioelpopular.com\/wp-content\/uploads\/2021\/08\/Screen-Shot-2021-08-02-at-12.36.58-PM-1.png 945w\" sizes=\"auto, (max-width: 636px) 100vw, 636px\" \/><\/h4>\n<h4><em><strong>Quebec est\u00e1 reportando 501 casos de COVID-19 en los \u00faltimos tres d\u00edas mientras los recuentos diarios contin\u00faan subiendo por encima de la marca de los 100.<\/strong><\/em><\/h4>\n<p><em><strong>MONTREAL.-<\/strong><\/em> No se han reportado nuevas muertes relacionadas con virus. De los 501 casos nuevos, 154 se notificaron este lunes y los otros 347 fueron del s\u00e1bado y domingo.<\/p>\n<p>Los funcionarios de salud dicen que el 53 por ciento de todas las nuevas infecciones diarias se encuentran en el grupo de edad de 20 a 39 a\u00f1os.<\/p>\n<p>La provincia ha informado un promedio de 139 nuevos casos por d\u00eda durante los \u00faltimos siete d\u00edas, frente a un promedio de 57 nuevos casos por d\u00eda una semana antes.<\/p>\n<p>Los funcionarios de salud dicen que la tasa de positividad de las pruebas en Quebec fue del 1,4 por ciento el domingo, la m\u00e1s alta desde finales de mayo.<\/p>\n<p>El Departamento de Salud, que ya no proporciona actualizaciones de COVID-19 los fines de semana, dice que las hospitalizaciones se ubican en 61 el lunes, lo que representa un aumento de una persona desde el viernes, con 17 personas en cuidados intensivos, el mismo n\u00famero que el viernes.<\/p>\n<p>En cuanto a las vacunas, se administraron 38.883 dosis m\u00e1s y se sumaron al total de m\u00e1s de 11,3 millones de inyecciones repartidas en Quebec.<\/p>\n<p>El instituto de salud p\u00fablica de Quebec dice que el 84,6 por ciento de los residentes de 12 a\u00f1os en adelante han recibido al menos una dosis de la vacuna.<\/p>\n<p>Hasta el momento, 377,798 personas en la provincia han contra\u00eddo el virus y 364,774 de ellas se han recuperado.<\/p>\n<p>El n\u00famero de muertos por COVID-19 en la provincia es de 11.241 desde el inicio de la pandemia.<\/p>\n","protected":false},"excerpt":{"rendered":"<p>&nbsp; Quebec est\u00e1 reportando 501 casos de COVID-19 en los \u00faltimos tres d\u00edas mientras los recuentos diarios contin\u00faan subiendo por encima de la marca de&hellip;<\/p>\n","protected":false},"author":99,"featured_media":498945,"comment_status":"open","ping_status":"open","sticky":false,"template":"","format":"standard","meta":{"footnotes":""},"categories":[21,11191],"tags":[],"class_list":["post-498943","post","type-post","status-publish","format-standard","has-post-thumbnail","hentry","category-canada","category-top-news"],"_links":{"self":[{"href":"https:\/\/diarioelpopular.com\/index.php\/wp-json\/wp\/v2\/posts\/498943","targetHints":{"allow":["GET"]}}],"collection":[{"href":"https:\/\/diarioelpopular.com\/index.php\/wp-json\/wp\/v2\/posts"}],"about":[{"href":"https:\/\/diarioelpopular.com\/index.php\/wp-json\/wp\/v2\/types\/post"}],"author":[{"embeddable":true,"href":"https:\/\/diarioelpopular.com\/index.php\/wp-json\/wp\/v2\/users\/99"}],"replies":[{"embeddable":true,"href":"https:\/\/diarioelpopular.com\/index.php\/wp-json\/wp\/v2\/comments?post=498943"}],"version-history":[{"count":1,"href":"https:\/\/diarioelpopular.com\/index.php\/wp-json\/wp\/v2\/posts\/498943\/revisions"}],"predecessor-version":[{"id":498946,"href":"https:\/\/diarioelpopular.com\/index.php\/wp-json\/wp\/v2\/posts\/498943\/revisions\/498946"}],"wp:featuredmedia":[{"embeddable":true,"href":"https:\/\/diarioelpopular.com\/index.php\/wp-json\/wp\/v2\/media\/498945"}],"wp:attachment":[{"href":"https:\/\/diarioelpopular.com\/index.php\/wp-json\/wp\/v2\/media?parent=498943"}],"wp:term":[{"taxonomy":"category","embeddable":true,"href":"https:\/\/diarioelpopular.com\/index.php\/wp-json\/wp\/v2\/categories?post=498943"},{"taxonomy":"post_tag","embeddable":true,"href":"https:\/\/diarioelpopular.com\/index.php\/wp-json\/wp\/v2\/tags?post=498943"}],"curies":[{"name":"wp","href":"https:\/\/api.w.org\/{rel}","templated":true}]}}