{"id":498947,"date":"2021-08-02T12:43:06","date_gmt":"2021-08-02T16:43:06","guid":{"rendered":"https:\/\/diarioelpopular.com\/?p=498947"},"modified":"2021-08-02T12:43:06","modified_gmt":"2021-08-02T16:43:06","slug":"mexico-gana-el-si-en-la-consulta-sobre-corrupcion","status":"publish","type":"post","link":"https:\/\/diarioelpopular.com\/index.php\/2021\/08\/02\/mexico-gana-el-si-en-la-consulta-sobre-corrupcion\/","title":{"rendered":"M\u00e9xico: Gana el &#8220;S\u00ed&#8221; en la consulta sobre corrupci\u00f3n"},"content":{"rendered":"<div id=\"attachment_498948\" style=\"width: 646px\" class=\"wp-caption alignnone\"><img loading=\"lazy\" decoding=\"async\" aria-describedby=\"caption-attachment-498948\" class=\"size-custom-full-size wp-image-498948\" src=\"https:\/\/diarioelpopular.com\/wp-content\/uploads\/2021\/08\/a43d10dc9e76e50c3e452ecc359b8462-636x423.jpg\" alt=\"\" width=\"636\" height=\"423\" srcset=\"https:\/\/diarioelpopular.com\/wp-content\/uploads\/2021\/08\/a43d10dc9e76e50c3e452ecc359b8462-636x423.jpg 636w, https:\/\/diarioelpopular.com\/wp-content\/uploads\/2021\/08\/a43d10dc9e76e50c3e452ecc359b8462-300x200.jpg 300w, https:\/\/diarioelpopular.com\/wp-content\/uploads\/2021\/08\/a43d10dc9e76e50c3e452ecc359b8462-768x511.jpg 768w, https:\/\/diarioelpopular.com\/wp-content\/uploads\/2021\/08\/a43d10dc9e76e50c3e452ecc359b8462-110x73.jpg 110w, https:\/\/diarioelpopular.com\/wp-content\/uploads\/2021\/08\/a43d10dc9e76e50c3e452ecc359b8462.jpg 945w\" sizes=\"auto, (max-width: 636px) 100vw, 636px\" \/><p id=\"caption-attachment-498948\" class=\"wp-caption-text\"><em>Gana el &#8220;S\u00ed&#8221; en la consulta sobre corrupci\u00f3n en M\u00e9xico<\/em><br \/><em>(foto: EPA)<\/em><\/p><\/div>\n<h4><em><strong>Cifra de participaci\u00f3n, muy lejos de convertirse en vinculante<\/strong><\/em><\/h4>\n<p><em><strong>CIUDAD DE MEXICO, 02 AGO &#8211;<\/strong> <\/em>La inmensa mayor\u00eda de los mexicanos se pronunci\u00f3 a favor de que los expresidentes y otros altos funcionarios sean juzgados por delitos cometidos en el pasado, algunos relacionados con la corrupci\u00f3n, pero no se alcanz\u00f3 ni de lejos la cifra necesaria para que el resultado sea vinculante.<br \/>\nEl Instituto Nacional Electoral (INE), m\u00e1xima autoridad en la materia, organizadora del refer\u00e9ndum, dio a conocer esta noche el resultado preliminar basado en el primer conteo r\u00e1pido tres horas despu\u00e9s del cierre de las mesas de recepci\u00f3n.<br \/>\nLorenzo C\u00f3rdova, presidente del INE, inform\u00f3 que entre el 89,36 y el 96,28% se inclin\u00f3 por el &#8220;S\u00ed&#8221;, pero la participaci\u00f3n apenas fue de entre el 7,07 y 7,74%, muy lejos del 30% que anticipaban las encuestas, pero todav\u00eda m\u00e1s del 40% del total del censo de votantes (94 millones) que era necesario para que el desenlace fuera de cumplimiento obligatorio.<br \/>\nDurante la sesi\u00f3n extraordinaria del Consejo General del INE, para dar a conocer el primer conteo oficial de los votos, C\u00f3rdova indic\u00f3 que s\u00f3lo entre el 1,38 y el 1,58% de los ciudadanos vot\u00f3 en contra y entre el 2,19 y el 2,21% anularon su papeleta.<br \/>\nEn general, el desarrollo de la consulta popular se realiz\u00f3 en forma tranquila y ordenada y s\u00f3lo se reportaron 1.142 incidentes considerados de poca monta.<br \/>\nLos resultados finales ser\u00e1n dados a conocer para la tarde de este lunes, pero se estima que no cambiar\u00e1n mucho las tendencias recogidas en el conteo r\u00e1pido.<br \/>\nLa consulta fue objeto de serias cr\u00edticas por parte de la oposici\u00f3n, que convoc\u00f3 a sus militantes a no salir a manifestar su opini\u00f3n.<br \/>\nAlgunos exponentes de la propia jerarqu\u00eda cat\u00f3lica, como Miguel Alba, obispo de la Di\u00f3cesis de La Paz, estado de Baja California Sur, calificaron como &#8220;tonta&#8221; la pregunta de la consulta popular.<br \/>\n&#8220;Los que han hecho actos de corrupci\u00f3n deben ser castigados y eso no se pregunta, es un deber de la autoridad que debe de ejercer&#8221;, se\u00f1al\u00f3.<br \/>\nEntre las anormalidades contabilizadas figuran el cambio de lugar de las mesas de votaci\u00f3n, el cierre por la lluvia, la cancelaci\u00f3n temprana de papeletas sin usar, y la ausencia de &#8220;Casillas Especiales&#8221;, donde se deber\u00eda votar independientemente de si correspond\u00edan o no al lugar de residencia del elector.<br \/>\nLa pregunta originalmente planteaba si los ciudadanos estaban de acuerdo o no en que se enjuiciara a los expresidentes o sus colaboradores que hubieran incurrido en acciones ilegales de notoria relevancia.<br \/>\nSin embargo, la Suprema Corte, encargada de la redacci\u00f3n final de la pregunta, la modific\u00f3 para convertirla en un enunciado muy vago y ambiguo, que a veces parec\u00eda confuso.<br \/>\nEn ese sentido, se cuestion\u00f3 a la ciudadan\u00eda si mostraba &#8220;su aprobaci\u00f3n o rechazo a que, con apego al marco legal, sean llevadas acciones para el esclarecimiento de decisiones pol\u00edticas tomadas en el pasado&#8221;. La oposici\u00f3n argument\u00f3 que &#8220;la justicia no debe someterse a consulta&#8221; y exigi\u00f3 aclarar de donde salieron los fondos para financiar la promoci\u00f3n de este ejercicio.<br \/>\nSin embargo, los promotores del refer\u00e9ndum, como Ariadna Bahena, Alina Duarte y Epigmenio Ibarra, consideraron que uno de los resultados deber\u00eda ser la creaci\u00f3n de un Tribunal de los Pueblos.<br \/>\nOtros analistas y activistas estimaron que deber\u00eda desembocar en la integraci\u00f3n de una Comisi\u00f3n de la Verdad que investigue hechos escandalosos del pasado reciente como la matanza de 43 estudiantes del 26 de septiembre de 1994.<br \/>\nEl gobernante Movimiento de Regeneraci\u00f3n Nacional (Morena, izquierda) anunci\u00f3 que promover\u00e1 una reforma para regular las consultas ciudadanas y que se realicen en coincidencia con las elecciones generales para ahorrar recursos.<br \/>\nEl presidente del INE agradeci\u00f3 al presidente Andr\u00e9s L\u00f3pez Obrador, quien no habr\u00eda sufragado porque estaba de viaje en el norte del pa\u00eds y hab\u00eda anticipado que votar\u00eda en contra, por &#8220;impulsar&#8221; este tipo de esfuerzos c\u00edvicos y dijo que &#8220;debemos sentirnos orgullosos&#8221;.<br \/>\n&#8220;La democracia participativa fortalece a M\u00e9xico. Esto es un triunfo de la gente&#8221;, dijo el presidente de Morena, Mario Delgado, quien dijo que el gobierno &#8220;seguir\u00e1 escuchando la voz popular en este y muchos temas m\u00e1s&#8221;.<\/p>\n","protected":false},"excerpt":{"rendered":"<p>Cifra de participaci\u00f3n, muy lejos de convertirse en vinculante CIUDAD DE MEXICO, 02 AGO &#8211; La inmensa mayor\u00eda de los mexicanos se pronunci\u00f3 a favor&hellip;<\/p>\n","protected":false},"author":99,"featured_media":498948,"comment_status":"open","ping_status":"open","sticky":false,"template":"","format":"standard","meta":{"footnotes":""},"categories":[23],"tags":[],"class_list":["post-498947","post","type-post","status-publish","format-standard","has-post-thumbnail","hentry","category-latinoamerica"],"_links":{"self":[{"href":"https:\/\/diarioelpopular.com\/index.php\/wp-json\/wp\/v2\/posts\/498947","targetHints":{"allow":["GET"]}}],"collection":[{"href":"https:\/\/diarioelpopular.com\/index.php\/wp-json\/wp\/v2\/posts"}],"about":[{"href":"https:\/\/diarioelpopular.com\/index.php\/wp-json\/wp\/v2\/types\/post"}],"author":[{"embeddable":true,"href":"https:\/\/diarioelpopular.com\/index.php\/wp-json\/wp\/v2\/users\/99"}],"replies":[{"embeddable":true,"href":"https:\/\/diarioelpopular.com\/index.php\/wp-json\/wp\/v2\/comments?post=498947"}],"version-history":[{"count":1,"href":"https:\/\/diarioelpopular.com\/index.php\/wp-json\/wp\/v2\/posts\/498947\/revisions"}],"predecessor-version":[{"id":498949,"href":"https:\/\/diarioelpopular.com\/index.php\/wp-json\/wp\/v2\/posts\/498947\/revisions\/498949"}],"wp:featuredmedia":[{"embeddable":true,"href":"https:\/\/diarioelpopular.com\/index.php\/wp-json\/wp\/v2\/media\/498948"}],"wp:attachment":[{"href":"https:\/\/diarioelpopular.com\/index.php\/wp-json\/wp\/v2\/media?parent=498947"}],"wp:term":[{"taxonomy":"category","embeddable":true,"href":"https:\/\/diarioelpopular.com\/index.php\/wp-json\/wp\/v2\/categories?post=498947"},{"taxonomy":"post_tag","embeddable":true,"href":"https:\/\/diarioelpopular.com\/index.php\/wp-json\/wp\/v2\/tags?post=498947"}],"curies":[{"name":"wp","href":"https:\/\/api.w.org\/{rel}","templated":true}]}}