{"id":498954,"date":"2021-08-02T12:47:38","date_gmt":"2021-08-02T16:47:38","guid":{"rendered":"https:\/\/diarioelpopular.com\/?p=498954"},"modified":"2021-08-02T12:47:38","modified_gmt":"2021-08-02T16:47:38","slug":"brasil-se-aproxima-20-millones-de-infectados","status":"publish","type":"post","link":"https:\/\/diarioelpopular.com\/index.php\/2021\/08\/02\/brasil-se-aproxima-20-millones-de-infectados\/","title":{"rendered":"Brasil se aproxima 20 millones de infectados"},"content":{"rendered":"<div id=\"attachment_498955\" style=\"width: 646px\" class=\"wp-caption alignnone\"><img loading=\"lazy\" decoding=\"async\" aria-describedby=\"caption-attachment-498955\" class=\"size-custom-full-size wp-image-498955\" src=\"https:\/\/diarioelpopular.com\/wp-content\/uploads\/2021\/08\/567f8bfda5fd7ea50315a7c0a7307044-636x423.jpg\" alt=\"\" width=\"636\" height=\"423\" srcset=\"https:\/\/diarioelpopular.com\/wp-content\/uploads\/2021\/08\/567f8bfda5fd7ea50315a7c0a7307044-636x423.jpg 636w, https:\/\/diarioelpopular.com\/wp-content\/uploads\/2021\/08\/567f8bfda5fd7ea50315a7c0a7307044-300x200.jpg 300w, https:\/\/diarioelpopular.com\/wp-content\/uploads\/2021\/08\/567f8bfda5fd7ea50315a7c0a7307044-768x511.jpg 768w, https:\/\/diarioelpopular.com\/wp-content\/uploads\/2021\/08\/567f8bfda5fd7ea50315a7c0a7307044-110x73.jpg 110w, https:\/\/diarioelpopular.com\/wp-content\/uploads\/2021\/08\/567f8bfda5fd7ea50315a7c0a7307044.jpg 945w\" sizes=\"auto, (max-width: 636px) 100vw, 636px\" \/><p id=\"caption-attachment-498955\" class=\"wp-caption-text\"><em>Cierto alivio para Brasil, cifras del Covid en ca\u00edda<\/em><br \/><em>(foto: ANSA)<\/em><\/p><\/div>\n<p><em><strong>BRASILIA, 02 AGO &#8211;<\/strong> <\/em>Brasil va en camino de alcanzar esta semana los 20 millones de infectados por el coronavirus desde el inicio de la pandemia al tiempo que ya super\u00f3 los 556 mil fallecimientos y se consolida la tendencia a la baja en la curva de casos fatales.<br \/>\nEl gigante de Am\u00e9rica Latina contabiliz\u00f3 20.554 nuevos diagn\u00f3sticos positivos este domingo cuando se elev\u00f3 a 19.935.132 la cifra acumulada desde que el inicio de la pandemia a fines de febrero del a\u00f1o pasado.<br \/>\nLa media m\u00f3vil fue de 35.645 infectados por d\u00eda a lo largo de la \u00faltima semana, que fue un 12 % m\u00e1s baja que el promedio observado hace 14 d\u00edas.<br \/>\nPor otra parte, el pa\u00eds suma 556.886 v\u00edctimas fatales incluyendo las 449 registradas hasta las 20 horas (23 GMT) de este domingo, cuando la media fue de 984 defunciones por d\u00eda en la \u00faltima semana, el promedio m\u00e1s bajo desde enero.<br \/>\nLos datos oficiales pertenecen a 26 de los 27 gobiernos de los estados regionales y fueron publicados hoy por los diarios O Globo y Folha de San Pablo, entre otros.<\/p>\n","protected":false},"excerpt":{"rendered":"<p>BRASILIA, 02 AGO &#8211; Brasil va en camino de alcanzar esta semana los 20 millones de infectados por el coronavirus desde el inicio de la&hellip;<\/p>\n","protected":false},"author":99,"featured_media":498955,"comment_status":"open","ping_status":"open","sticky":false,"template":"","format":"standard","meta":{"footnotes":""},"categories":[23],"tags":[],"class_list":["post-498954","post","type-post","status-publish","format-standard","has-post-thumbnail","hentry","category-latinoamerica"],"_links":{"self":[{"href":"https:\/\/diarioelpopular.com\/index.php\/wp-json\/wp\/v2\/posts\/498954","targetHints":{"allow":["GET"]}}],"collection":[{"href":"https:\/\/diarioelpopular.com\/index.php\/wp-json\/wp\/v2\/posts"}],"about":[{"href":"https:\/\/diarioelpopular.com\/index.php\/wp-json\/wp\/v2\/types\/post"}],"author":[{"embeddable":true,"href":"https:\/\/diarioelpopular.com\/index.php\/wp-json\/wp\/v2\/users\/99"}],"replies":[{"embeddable":true,"href":"https:\/\/diarioelpopular.com\/index.php\/wp-json\/wp\/v2\/comments?post=498954"}],"version-history":[{"count":1,"href":"https:\/\/diarioelpopular.com\/index.php\/wp-json\/wp\/v2\/posts\/498954\/revisions"}],"predecessor-version":[{"id":498956,"href":"https:\/\/diarioelpopular.com\/index.php\/wp-json\/wp\/v2\/posts\/498954\/revisions\/498956"}],"wp:featuredmedia":[{"embeddable":true,"href":"https:\/\/diarioelpopular.com\/index.php\/wp-json\/wp\/v2\/media\/498955"}],"wp:attachment":[{"href":"https:\/\/diarioelpopular.com\/index.php\/wp-json\/wp\/v2\/media?parent=498954"}],"wp:term":[{"taxonomy":"category","embeddable":true,"href":"https:\/\/diarioelpopular.com\/index.php\/wp-json\/wp\/v2\/categories?post=498954"},{"taxonomy":"post_tag","embeddable":true,"href":"https:\/\/diarioelpopular.com\/index.php\/wp-json\/wp\/v2\/tags?post=498954"}],"curies":[{"name":"wp","href":"https:\/\/api.w.org\/{rel}","templated":true}]}}