{"id":498960,"date":"2021-08-03T10:35:14","date_gmt":"2021-08-03T14:35:14","guid":{"rendered":"https:\/\/diarioelpopular.com\/?p=498960"},"modified":"2021-08-03T10:35:14","modified_gmt":"2021-08-03T14:35:14","slug":"la-pandemia-no-afecto-las-tasas-de-muerte-prematura-y-muerte-fetal-de-canada-encuentra-un-estudio","status":"publish","type":"post","link":"https:\/\/diarioelpopular.com\/index.php\/2021\/08\/03\/la-pandemia-no-afecto-las-tasas-de-muerte-prematura-y-muerte-fetal-de-canada-encuentra-un-estudio\/","title":{"rendered":"La pandemia no afect\u00f3 las tasas de muerte prematura y muerte fetal de Canad\u00e1, encuentra un estudio"},"content":{"rendered":"<p><img loading=\"lazy\" decoding=\"async\" class=\"alignnone size-custom-full-size wp-image-498961\" src=\"https:\/\/diarioelpopular.com\/wp-content\/uploads\/2021\/08\/Screen-Shot-2021-08-03-at-10.27.08-AM-636x352.png\" alt=\"\" width=\"636\" height=\"352\" srcset=\"https:\/\/diarioelpopular.com\/wp-content\/uploads\/2021\/08\/Screen-Shot-2021-08-03-at-10.27.08-AM-636x352.png 636w, https:\/\/diarioelpopular.com\/wp-content\/uploads\/2021\/08\/Screen-Shot-2021-08-03-at-10.27.08-AM-300x166.png 300w, https:\/\/diarioelpopular.com\/wp-content\/uploads\/2021\/08\/Screen-Shot-2021-08-03-at-10.27.08-AM-768x425.png 768w, https:\/\/diarioelpopular.com\/wp-content\/uploads\/2021\/08\/Screen-Shot-2021-08-03-at-10.27.08-AM-132x73.png 132w, https:\/\/diarioelpopular.com\/wp-content\/uploads\/2021\/08\/Screen-Shot-2021-08-03-at-10.27.08-AM.png 1016w\" sizes=\"auto, (max-width: 636px) 100vw, 636px\" \/><\/p>\n<h4><em><strong>&#8211; Una nueva investigaci\u00f3n ha revelado que la pandemia de COVID-19 no afect\u00f3 las tasas de muertes prematuras en Canad\u00e1.<\/strong><\/em><\/h4>\n<h4><em><strong>&#8211; Ontario informa menos de 200 nuevos casos de COVID-19 durante 2 d\u00edas seguidos<\/strong><\/em><\/h4>\n<p><em><strong>OTTAWA.-<\/strong> <\/em>Un estudio publicado este martes en el Canadian Medical Association Journal analiz\u00f3 m\u00e1s de 2.4 millones de nacimientos en Ontario y encontr\u00f3 que hubo cambios en las tasas de tales eventos adversos durante el primer a\u00f1o de la pandemia de COVID-19.<\/p>\n<p>El estudio, dirigido por el pediatra jefe de Sinai Health y profesor de la Universidad de Toronto, el Dr. Prakesh Shah, cit\u00f3 varios informes de cambios en los nacimientos prematuros y mortinatos durante la pandemia, incluso aqu\u00ed en Canad\u00e1.<\/p>\n<p>Seg\u00fan el estudio, esos informes no eran de la misma escala.<\/p>\n<p>Shah dijo que los hallazgos fueron &#8220;tranquilizadores&#8221; dados los informes iniciales de aumento o disminuci\u00f3n de las complicaciones del embarazo.<\/p>\n<p>&#8220;B\u00e1sicamente, lo que hicimos fue observar los datos de un per\u00edodo, durante los \u00faltimos 18 a\u00f1os y medio de los nacimientos de los beb\u00e9s que ocurrieron en Ontario, y luego observar los nacimientos prematuros y los mortinatos&#8221;, dijo Shah a Global News. en una entrevista el s\u00e1bado.<\/p>\n<p>Shah y los otros investigadores hab\u00edan revisado los datos de m\u00e1s de 18 a\u00f1os para averiguar cu\u00e1les eran las &#8220;fluctuaciones naturales&#8221; de Ontario (fluctuaciones en las tasas de muertes prematuras y mortinatos que ocurr\u00edan cada seis meses) como en los \u00faltimos 18 a\u00f1os antes de la pandemia.<\/p>\n<p>Su equipo tambi\u00e9n hab\u00eda tenido en cuenta c\u00f3mo las medidas y restricciones relacionadas con la pandemia podr\u00edan ser un factor que afectara las tasas de nacimientos prematuros en diferentes entornos y, en cambio, se centr\u00f3 en observar los resultados de los nacimientos en unidades de salud p\u00fablica con mayores tasas de positividad de COVID-19, como Toronto. , Regi\u00f3n de Peel, regi\u00f3n de York y Ottawa.<\/p>\n<p>Teniendo en cuenta esos factores, as\u00ed como la diferencia entre los nacimientos urbanos y rurales, as\u00ed como los vecindarios de diferentes niveles socioecon\u00f3micos, los investigadores encontraron que esas fluctuaciones en los partos prematuros y mortinatos eran m\u00e1s o menos las mismas que antes de la pandemia.<\/p>\n<p>&#8220;La tasa general de nacimientos prematuros y de mortinatos &#8230; estuvo dentro de los l\u00edmites que hubi\u00e9ramos esperado&#8221;, dijo. &#8220;As\u00ed es como llegamos a la conclusi\u00f3n de que no hab\u00eda diferencia&#8221;.<\/p>\n<p>Para ampliar los hallazgos del estudio m\u00e1s all\u00e1 del de Ontario, Shah dijo que hab\u00edan analizado otro estudio realizado por algunos investigadores de la Agencia de Salud P\u00fablica de Canad\u00e1 que midi\u00f3 las tasas de muerte prematura y muerte fetal en todo el pa\u00eds de marzo a agosto de 2020.<\/p>\n<p>Ese estudio hab\u00eda encontrado que los nacimientos prematuros &#8220;no cambiaron&#8221; durante ese per\u00edodo en comparaci\u00f3n con a\u00f1os anteriores, as\u00ed como un ligero aumento en los mortinatos en abril. Shah razon\u00f3 que la medici\u00f3n de aumento de un mes probablemente era una fluctuaci\u00f3n debida a causas naturales en contraposici\u00f3n a la pandemia, y que en general los hallazgos de ese estudio eran los mismos que los suyos.<\/p>\n<p>Un estudio anterior realizado por investigadores de la Universidad de Manitoba al inicio de la propagaci\u00f3n del COVID-19 descubri\u00f3 que menos beb\u00e9s nac\u00edan prematuramente en Canad\u00e1 y en varios pa\u00edses del mundo durante la pandemia.<\/p>\n<p>Merilee Brockway, investigadora postdoctoral en el Azad Lab de la Universidad de Manitoba que trabaj\u00f3 en el estudio, dijo en 980 CKNW&#8217;s Mornings with Simi en agosto de 2020 que la aparente reducci\u00f3n de la tasa de nacimientos prematuros que ocurren en ese momento podr\u00eda deberse a varias razones relacionadas con la pandemia. .<\/p>\n<p>Brockway dijo que las tasas podr\u00edan estar relacionadas con la expectativa de que las madres embarazadas ya no se vean obligadas a trabajar en horas regulares al final de su embarazo debido a que muchas empresas est\u00e1n cambiando a trabajar desde el hogar, as\u00ed como a la reducci\u00f3n de la contaminaci\u00f3n del aire o la exposici\u00f3n a otras infecciones que fueron el resultado de medidas de bloqueo generalizadas.<\/p>\n<p>Al final, Shah dijo que no le sorprendieron los hallazgos de su estudio y, en cambio, dijo que los hallazgos anteriores sobre las tasas de nacimientos prematuros eran demasiado prematuros.<\/p>\n<p>&#8220;Mi pensamiento fue que no me sorprendi\u00f3, me sorprendi\u00f3 cuando comenz\u00f3 a salir la historia [que m\u00e1s beb\u00e9s nac\u00edan prematuramente]&#8221;, dijo. &#8220;Creo que tambi\u00e9n hubo una historia en el peri\u00f3dico y en la televisi\u00f3n&#8221;.<br \/>\n&#8220;Ah\u00ed es donde dije que ten\u00edamos que esperar, estamos haciendo este estudio en todo Ontario y tenemos que verlo desde una perspectiva hol\u00edstica&#8221;.<\/p>\n<p>&nbsp;<\/p>\n<h4><em><strong>Ontario informa menos de 200 nuevos casos de COVID-19 durante 2 d\u00edas seguidos<\/strong><\/em><\/h4>\n<p>Se reportaron 164 casos de COVID-19 este martes y 168 casos nuevos para el feriado del lunes.<\/p>\n<p>La provincia vuelve a caer por debajo de 200 nuevas infecciones diarias durante dos d\u00edas seguidos despu\u00e9s de informar m\u00e1s de 200 durante cuatro d\u00edas seguidos.<\/p>\n<p>A nivel local, este martes, hay 45 casos nuevos en Toronto, 23 en la regi\u00f3n de York y 22 en la regi\u00f3n de Peel.<\/p>\n<p>M\u00e1s de 11,500 pruebas se completaron el 2 de agosto y casi 11,700 pruebas el 1 de agosto.<\/p>\n<p>La provincia est\u00e1 reportando datos de dos d\u00edas despu\u00e9s de no reportar n\u00fameros el lunes festivo.<\/p>\n<p>Ontario administr\u00f3 41,121 dosis de vacunas el domingo y otras 31,015 el lunes.<\/p>\n<p>El n\u00famero de personas que han sido completamente vacunadas en la provincia super\u00f3 los nueve millones durante el fin de semana.<\/p>\n<p>Los farmac\u00e9uticos de Ontario dicen que miles de dosis de la vacuna Moderna COVID-19 expirar\u00e1n pronto y advierten que el suministro podr\u00eda desperdiciarse si la gente no se presenta para recibir una inyecci\u00f3n.<\/p>\n<p>El director ejecutivo de la Asociaci\u00f3n de Farmac\u00e9uticos de Ontario dijo que algunas inyecciones de Moderna expirar\u00e1n a principios de agosto y, en general, el suministro que llega a granel debe agotarse en 30 d\u00edas.<\/p>\n<p>Justin Bates dijo que una desaceleraci\u00f3n en el lanzamiento de la vacuna de Ontario y la preferencia del p\u00fablico por la inyecci\u00f3n de Pfizer-BioNTech han dificultado que los farmac\u00e9uticos agoten las dosis de Moderna.<\/p>\n","protected":false},"excerpt":{"rendered":"<p>&#8211; Una nueva investigaci\u00f3n ha revelado que la pandemia de COVID-19 no afect\u00f3 las tasas de muertes prematuras en Canad\u00e1. &#8211; Ontario informa menos de&hellip;<\/p>\n","protected":false},"author":99,"featured_media":498961,"comment_status":"open","ping_status":"open","sticky":false,"template":"","format":"standard","meta":{"footnotes":""},"categories":[21,11191],"tags":[],"class_list":["post-498960","post","type-post","status-publish","format-standard","has-post-thumbnail","hentry","category-canada","category-top-news"],"_links":{"self":[{"href":"https:\/\/diarioelpopular.com\/index.php\/wp-json\/wp\/v2\/posts\/498960","targetHints":{"allow":["GET"]}}],"collection":[{"href":"https:\/\/diarioelpopular.com\/index.php\/wp-json\/wp\/v2\/posts"}],"about":[{"href":"https:\/\/diarioelpopular.com\/index.php\/wp-json\/wp\/v2\/types\/post"}],"author":[{"embeddable":true,"href":"https:\/\/diarioelpopular.com\/index.php\/wp-json\/wp\/v2\/users\/99"}],"replies":[{"embeddable":true,"href":"https:\/\/diarioelpopular.com\/index.php\/wp-json\/wp\/v2\/comments?post=498960"}],"version-history":[{"count":1,"href":"https:\/\/diarioelpopular.com\/index.php\/wp-json\/wp\/v2\/posts\/498960\/revisions"}],"predecessor-version":[{"id":498962,"href":"https:\/\/diarioelpopular.com\/index.php\/wp-json\/wp\/v2\/posts\/498960\/revisions\/498962"}],"wp:featuredmedia":[{"embeddable":true,"href":"https:\/\/diarioelpopular.com\/index.php\/wp-json\/wp\/v2\/media\/498961"}],"wp:attachment":[{"href":"https:\/\/diarioelpopular.com\/index.php\/wp-json\/wp\/v2\/media?parent=498960"}],"wp:term":[{"taxonomy":"category","embeddable":true,"href":"https:\/\/diarioelpopular.com\/index.php\/wp-json\/wp\/v2\/categories?post=498960"},{"taxonomy":"post_tag","embeddable":true,"href":"https:\/\/diarioelpopular.com\/index.php\/wp-json\/wp\/v2\/tags?post=498960"}],"curies":[{"name":"wp","href":"https:\/\/api.w.org\/{rel}","templated":true}]}}