{"id":498963,"date":"2021-08-03T10:39:37","date_gmt":"2021-08-03T14:39:37","guid":{"rendered":"https:\/\/diarioelpopular.com\/?p=498963"},"modified":"2021-08-03T10:39:37","modified_gmt":"2021-08-03T14:39:37","slug":"chile-la-economia-crece-en-junio-20-1","status":"publish","type":"post","link":"https:\/\/diarioelpopular.com\/index.php\/2021\/08\/03\/chile-la-economia-crece-en-junio-20-1\/","title":{"rendered":"Chile: La econom\u00eda crece en junio 20,1%"},"content":{"rendered":"<div id=\"attachment_498964\" style=\"width: 646px\" class=\"wp-caption alignnone\"><img loading=\"lazy\" decoding=\"async\" aria-describedby=\"caption-attachment-498964\" class=\"size-custom-full-size wp-image-498964\" src=\"https:\/\/diarioelpopular.com\/wp-content\/uploads\/2021\/08\/cd3c31397b92e15fb34fbef6b5a4dcd9-636x423.jpg\" alt=\"\" width=\"636\" height=\"423\" srcset=\"https:\/\/diarioelpopular.com\/wp-content\/uploads\/2021\/08\/cd3c31397b92e15fb34fbef6b5a4dcd9-636x423.jpg 636w, https:\/\/diarioelpopular.com\/wp-content\/uploads\/2021\/08\/cd3c31397b92e15fb34fbef6b5a4dcd9-300x200.jpg 300w, https:\/\/diarioelpopular.com\/wp-content\/uploads\/2021\/08\/cd3c31397b92e15fb34fbef6b5a4dcd9-768x511.jpg 768w, https:\/\/diarioelpopular.com\/wp-content\/uploads\/2021\/08\/cd3c31397b92e15fb34fbef6b5a4dcd9-110x73.jpg 110w, https:\/\/diarioelpopular.com\/wp-content\/uploads\/2021\/08\/cd3c31397b92e15fb34fbef6b5a4dcd9.jpg 945w\" sizes=\"auto, (max-width: 636px) 100vw, 636px\" \/><p id=\"caption-attachment-498964\" class=\"wp-caption-text\"><em>Bares desolados en Santiago, pese a todo, la econom\u00eda chilena reverdece en junio (foto: ANSA)<\/em><\/p><\/div>\n<p><em><strong>SANTIAGO DE CHILE, 03 AGO &#8211;<\/strong> <\/em>La econom\u00eda chilena creci\u00f3 20,1% en junio de 2021 en comparaci\u00f3n a igual mes del a\u00f1o pasado (-13,8%), cuando se viv\u00edan los efectos de la primera ola de la pandemia y gran parte del pa\u00eds se encontraba bajo confinamiento.<br \/>\nLa serie desestacionalizada aument\u00f3 2,1% respecto del mes precedente y 20,4% en doce meses, detall\u00f3 el Banco Central.<br \/>\nTodos los componentes del Indicador Mensual de la Actividad Econ\u00f3mica (Imacec) crecieron respecto al mismo periodo 2020, destacando la contribuci\u00f3n de las actividades de servicios.<br \/>\nEl Central precis\u00f3 que &#8220;este resultado se explica, en parte, por la menor base de comparaci\u00f3n de junio del a\u00f1o anterior y por una mayor adaptaci\u00f3n de los hogares y empresas a la emergencia sanitaria asociada al Covid-19&#8221;.<br \/>\nEl ministro de Hacienda, Rodrigo Cerda, al analizar la in\u00e9dita cifra, coment\u00f3 que &#8220;es verdad que el a\u00f1o pasado en este mismo mes (fue), un mes muy malo para la econom\u00eda, donde casi cay\u00f3 13%, sin embargo, un 20% va m\u00e1s all\u00e1 de un efecto rebote&#8221;.<br \/>\nPlante\u00f3 que &#8220;tenemos que enorgullecernos como pa\u00eds por lo que de alguna forma estamos logrando&#8221; y recalc\u00f3 que &#8220;la recuperaci\u00f3n de la econom\u00eda la hacen b\u00e1sicamente los trabajadores que permiten que se vuelva a echar a andar&#8221;.<br \/>\nExpuso tambi\u00e9n que las cifras &#8220;han ido muy de la mano con lo que ha sido de alguna forma el control de la pandemia y la vacunaci\u00f3n, y por lo tanto, nos muestra c\u00f3mo nuestros compatriotas se han puesto en forma responsable con el pa\u00eds, este control de la pandemia lo que permite es que retomemos nuestras vidas, que empecemos a retomar lo que es el mejoramiento de la econom\u00eda&#8221;.<br \/>\nSubray\u00f3 que &#8220;nuestro pa\u00eds no hab\u00eda visto estas cifras de crecimiento. Se est\u00e1n generando oportunidades de crecimiento y esperamos que vaya de la mano del empleo&#8221;.<br \/>\nOpin\u00f3 que &#8220;seguramente el segundo semestre que viene va a ser un buen semestre en t\u00e9rminos de actividad econ\u00f3mica, eso abre esperanzas para nuevas oportunidades de negocios&#8221;.<br \/>\nAsimismo, dijo, &#8220;tenemos que recuperar lo m\u00e1s r\u00e1pido posible un mill\u00f3n de empleos, esa es la mejor pol\u00edtica social que nos va a permitir tener empleos de calidad estables y con buenas remuneraciones&#8221;.<br \/>\nEl ministro de Econom\u00eda, Lucas Palacios, apunt\u00f3 a su vez que &#8220;estas cifras no son solo consecuencia de la baja base de comparaci\u00f3n, ni tampoco casualidad&#8221;.<br \/>\n&#8220;El mayor dinamismo econ\u00f3mico observado responde a que hemos propiciado la actividad con protocolos, hemos favorecido la cadena de pago a trav\u00e9s de medidas crediticias y transferencias, y hemos avanzado con un proceso de vacunaci\u00f3n r\u00e1pido y exitoso&#8221;, acot\u00f3.<br \/>\nEl Banco Central detall\u00f3 por rubro que la producci\u00f3n de bienes aument\u00f3 13,2%, explicado por la agrupaci\u00f3n resto de bienes, que creci\u00f3 21,8%, asociado al desempe\u00f1o de la construcci\u00f3n. En menor medida, tambi\u00e9n influy\u00f3 el aumento de 18,8% de la industria manufacturera. En contraste, la miner\u00eda cay\u00f3 0,5%.<br \/>\nEn el comercio, la actividad se expandi\u00f3 46,4%, impulsada por todos sus componentes. Este resultado se vio incidido por las medidas econ\u00f3micas de apoyo a los hogares y los retiros parciales de los fondos previsionales.<br \/>\nLos servicios crecieron 17,8%, b\u00e1sicamente por el desempe\u00f1o de los servicios personales, en particular de salud y educaci\u00f3n.<br \/>\nEn menor medida, tambi\u00e9n contribuyeron al resultado los servicios empresariales, restaurantes y hoteles y el transporte.<br \/>\nCon el resultado de junio, la econom\u00eda chilena cerr\u00f3 el primer semestre con una expansi\u00f3n de 8,84%, mientras que en el segundo trimestre el crecimiento fue de 17,4%.<br \/>\nLa cifra de junio super\u00f3 las proyecciones del mercado y de expertos, como el economista y acad\u00e9mico de la Universidad de Santiago, Guillermo Pattillo, el cual anticip\u00f3 un aumento del Imacec de 16,5% en el segundo trimestre, de 10,5% en el tercero y 5,3% en el cuarto.<br \/>\nAs\u00ed, indic\u00f3, el crecimiento del a\u00f1o alcanzar\u00eda un 8%. Sin embargo, &#8220;si bien este a\u00f1o veremos muy posiblemente la recuperaci\u00f3n de los niveles de actividad pre-pandemia, en un horizonte algo m\u00e1s amplio la situaci\u00f3n se ve muy compleja&#8221;.<br \/>\n&#8220;De acuerdo con los c\u00e1lculos realizados por el Banco Central y publicados en el Ipom de junio, la tasa de crecimiento del PIB tendencial en el lapso 2021-2030 ser\u00eda de 2,8% anual, pero para el periodo 2026-2030 bajar\u00eda a 1,7%&#8221;, advirti\u00f3.<\/p>\n","protected":false},"excerpt":{"rendered":"<p>SANTIAGO DE CHILE, 03 AGO &#8211; La econom\u00eda chilena creci\u00f3 20,1% en junio de 2021 en comparaci\u00f3n a igual mes del a\u00f1o pasado (-13,8%), cuando&hellip;<\/p>\n","protected":false},"author":99,"featured_media":498964,"comment_status":"open","ping_status":"open","sticky":false,"template":"","format":"standard","meta":{"footnotes":""},"categories":[23],"tags":[],"class_list":["post-498963","post","type-post","status-publish","format-standard","has-post-thumbnail","hentry","category-latinoamerica"],"_links":{"self":[{"href":"https:\/\/diarioelpopular.com\/index.php\/wp-json\/wp\/v2\/posts\/498963","targetHints":{"allow":["GET"]}}],"collection":[{"href":"https:\/\/diarioelpopular.com\/index.php\/wp-json\/wp\/v2\/posts"}],"about":[{"href":"https:\/\/diarioelpopular.com\/index.php\/wp-json\/wp\/v2\/types\/post"}],"author":[{"embeddable":true,"href":"https:\/\/diarioelpopular.com\/index.php\/wp-json\/wp\/v2\/users\/99"}],"replies":[{"embeddable":true,"href":"https:\/\/diarioelpopular.com\/index.php\/wp-json\/wp\/v2\/comments?post=498963"}],"version-history":[{"count":1,"href":"https:\/\/diarioelpopular.com\/index.php\/wp-json\/wp\/v2\/posts\/498963\/revisions"}],"predecessor-version":[{"id":498965,"href":"https:\/\/diarioelpopular.com\/index.php\/wp-json\/wp\/v2\/posts\/498963\/revisions\/498965"}],"wp:featuredmedia":[{"embeddable":true,"href":"https:\/\/diarioelpopular.com\/index.php\/wp-json\/wp\/v2\/media\/498964"}],"wp:attachment":[{"href":"https:\/\/diarioelpopular.com\/index.php\/wp-json\/wp\/v2\/media?parent=498963"}],"wp:term":[{"taxonomy":"category","embeddable":true,"href":"https:\/\/diarioelpopular.com\/index.php\/wp-json\/wp\/v2\/categories?post=498963"},{"taxonomy":"post_tag","embeddable":true,"href":"https:\/\/diarioelpopular.com\/index.php\/wp-json\/wp\/v2\/tags?post=498963"}],"curies":[{"name":"wp","href":"https:\/\/api.w.org\/{rel}","templated":true}]}}