{"id":499010,"date":"2021-08-07T14:49:53","date_gmt":"2021-08-07T18:49:53","guid":{"rendered":"https:\/\/diarioelpopular.com\/?p=499010"},"modified":"2021-08-07T14:49:53","modified_gmt":"2021-08-07T18:49:53","slug":"dos-tercios-de-mexico-en-alto-riesgo","status":"publish","type":"post","link":"https:\/\/diarioelpopular.com\/index.php\/2021\/08\/07\/dos-tercios-de-mexico-en-alto-riesgo\/","title":{"rendered":"Dos tercios de M\u00e9xico en alto riesgo"},"content":{"rendered":"<div id=\"attachment_499011\" style=\"width: 646px\" class=\"wp-caption alignnone\"><img loading=\"lazy\" decoding=\"async\" aria-describedby=\"caption-attachment-499011\" class=\"size-custom-full-size wp-image-499011\" src=\"https:\/\/diarioelpopular.com\/wp-content\/uploads\/2021\/08\/07c41b07f80bd58378b1fd2a3efd79a5-636x494.jpg\" alt=\"\" width=\"636\" height=\"494\" srcset=\"https:\/\/diarioelpopular.com\/wp-content\/uploads\/2021\/08\/07c41b07f80bd58378b1fd2a3efd79a5-636x494.jpg 636w, https:\/\/diarioelpopular.com\/wp-content\/uploads\/2021\/08\/07c41b07f80bd58378b1fd2a3efd79a5-300x233.jpg 300w, https:\/\/diarioelpopular.com\/wp-content\/uploads\/2021\/08\/07c41b07f80bd58378b1fd2a3efd79a5-768x597.jpg 768w, https:\/\/diarioelpopular.com\/wp-content\/uploads\/2021\/08\/07c41b07f80bd58378b1fd2a3efd79a5-94x73.jpg 94w, https:\/\/diarioelpopular.com\/wp-content\/uploads\/2021\/08\/07c41b07f80bd58378b1fd2a3efd79a5.jpg 945w\" sizes=\"auto, (max-width: 636px) 100vw, 636px\" \/><p id=\"caption-attachment-499011\" class=\"wp-caption-text\"><em>M\u00e9xico con su sistema hospitalario en riesgo (foto: ANSA)<\/em><\/p><\/div>\n<h4><em><strong>Tres d\u00edas consecutivos con m\u00e1s de 20.000 contagios por Delta<\/strong><\/em><\/h4>\n<p><em><strong>CIUDAD DE MEXICO, 08 AGO &#8211;<\/strong><\/em> M\u00e9xico lidia con el desaf\u00edo de ampliar su capacidad hospitalaria, ante el temor de colapso en el sistema de atenci\u00f3n m\u00e9dica en varios estados, justo cuando dos tercios del pa\u00eds fueron declarados en riesgo m\u00e1ximo o alto por la tercera ola de la pandemia de Covid-19.<br \/>\nEn el pa\u00eds se cumplen tres d\u00edas al hilo con m\u00e1s de 20.000 contagios atribuidos a la expansi\u00f3n incontrolada de la variante Delta, surgida por primera vez en La India, que est\u00e1 causando grandes estragos a nivel mundial.<br \/>\nLa cepa representa ya el 90% de las infecciones en la capital mexicana, que sigue siendo el epicentro de la crisis, seg\u00fan report\u00f3 el viernes la secretaria de Salud de la ciudad, Oliva L\u00f3pez.<br \/>\nDelta desplaz\u00f3 en cuesti\u00f3n de cuatro semanas, desde que comenz\u00f3 la nueva espiral de la epidemia, a las variantes Alfa (aparecida en Gran Breta\u00f1a), Gama (surgida en Brasil) y la llamada &#8220;mexicana&#8221;, que no fue etiquetada con ninguna letra del alfabeto griego porque s\u00f3lo fue identificada en el pa\u00eds y gener\u00f3 la segunda ola de enero \u00faltimo.<br \/>\nEl ministerio de Salud decret\u00f3 ayer que a partir del lunes siete estados, entre ellos la capital, pasaron al &#8220;rojo&#8221; (riesgo m\u00e1ximo) en el sem\u00e1foro epidemiol\u00f3gico, mientras otros 15 fueron colocados en el &#8220;naranja, lo que representa que el 70% de los 32 estados se encuentran en situaci\u00f3n de emergencia.<br \/>\nEn contraste, hace dos semanas s\u00f3lo hab\u00eda un estado en rojo, el norte\u00f1o de Sinaloa, y tres en verde, pero ahora queda uno (el sure\u00f1o de Chiapas).<br \/>\nHace unos d\u00edas, las autoridades sanitarias reestructuraron el sem\u00e1foro de manera que aun cuando un estado fuera colocado en alerta m\u00e1xima, pod\u00eda mantener pocas restricciones, evitando el estricto confinamiento de hace un a\u00f1o que gener\u00f3 graves da\u00f1os a la econom\u00eda e hizo caer el producto interno 8,5% en 2020.<br \/>\nLas medidas sin embargo no han sido recibidas del todo bien por algunos gobiernos locales, como el de la capital, que se rehus\u00f3 a aceptar la categor\u00eda que se le asign\u00f3 y la jefa de gobierno de la capital Claudia Sheinbaum declar\u00f3 que &#8220;para nosotros la ciudad todav\u00eda est\u00e1 en naranja&#8221;.<br \/>\nUno de los estados que cayeron en situaci\u00f3n de m\u00e1xima alerta es el sure\u00f1o de Guerrero, donde sin embargo el gobernador H\u00e9ctor Astudillo anunci\u00f3 que no habr\u00e1 cierre de playas, hoteles y bares en los centros tur\u00edsticos, aunque dijo que ma\u00f1ana dar\u00eda a conocer medidas preventivas para frenar los contagios.<br \/>\nAstudillo sin embargo llam\u00f3 a los turistas a &#8220;protegerse y proteger a los dem\u00e1s&#8221; adoptando medidas sanitarias como la distancia f\u00edsica adecuada, el uso de barbijo y la profilaxis b\u00e1sica. Dos ciudades tur\u00edsticas de Guerrero concentran la mayor\u00eda de casos y fallecimientos: el c\u00e9lebre puerto de Acapulco y la ciudad de Ixtapa-Zihuatanejo, en las costas del Pac\u00edfico, que en los \u00faltimos d\u00edas han estado colmados de turistas por las vacaciones veraniegas.<br \/>\nAl menos 11 estados reportan saturaci\u00f3n en las \u00e1reas de Covid de sus hospitales p\u00fablicos, tanto en \u00e1reas ordinarias como de terapia intensiva y otros ocho registran una ocupaci\u00f3n hospitalaria superior al 50% de su capacidad.<br \/>\nLa mayor\u00eda de los contagios y muertes afectan a personas no vacunadas y a j\u00f3venes de 18 a 40 a\u00f1os.<br \/>\nEl viceministro de Salud Hugo L\u00f3pez-Gatell exhort\u00f3 a los gobernadores en una reciente reuni\u00f3n a reinstalar Centros de Atenci\u00f3n Temporal y hospitales m\u00f3viles para aumentar las camas de atenci\u00f3n, pero algunos mandatarios se quejan de falta de presupuesto.<br \/>\n&#8220;No tenemos ni un peso para invertir en este tema. Creo que todos mis colegas est\u00e1n igual&#8221;, se\u00f1al\u00f3 el gobernador del estado norte\u00f1o de Nuevo Le\u00f3n Jaime Rodr\u00edguez, ante lo cual el presidente Andr\u00e9s L\u00f3pez Obrador anunci\u00f3 que ayudar\u00e1 a los estados para la &#8220;reconversi\u00f3n hospitalaria&#8221;.<br \/>\nEl gobierno de la capital federal anunci\u00f3 la reactivaci\u00f3n de un programa llamado &#8220;Hospital en Casa&#8221;, que funcion\u00f3 en las dos pasadas olas, para atender a personas que no quieran o no puedan internarse en un centro m\u00e9dico.<br \/>\nM\u00e9xico, cuarto lugar en mortalidad a nivel mundial, contabiliz\u00f3 en las \u00faltimas 24 horas 21.563 nuevos casos para totalizar 2,9 millones y 568 muertes, que elevaron la cifra global a 243.733.<\/p>\n","protected":false},"excerpt":{"rendered":"<p>Tres d\u00edas consecutivos con m\u00e1s de 20.000 contagios por Delta CIUDAD DE MEXICO, 08 AGO &#8211; M\u00e9xico lidia con el desaf\u00edo de ampliar su capacidad&hellip;<\/p>\n","protected":false},"author":99,"featured_media":499011,"comment_status":"open","ping_status":"open","sticky":false,"template":"","format":"standard","meta":{"footnotes":""},"categories":[23],"tags":[],"class_list":["post-499010","post","type-post","status-publish","format-standard","has-post-thumbnail","hentry","category-latinoamerica"],"_links":{"self":[{"href":"https:\/\/diarioelpopular.com\/index.php\/wp-json\/wp\/v2\/posts\/499010","targetHints":{"allow":["GET"]}}],"collection":[{"href":"https:\/\/diarioelpopular.com\/index.php\/wp-json\/wp\/v2\/posts"}],"about":[{"href":"https:\/\/diarioelpopular.com\/index.php\/wp-json\/wp\/v2\/types\/post"}],"author":[{"embeddable":true,"href":"https:\/\/diarioelpopular.com\/index.php\/wp-json\/wp\/v2\/users\/99"}],"replies":[{"embeddable":true,"href":"https:\/\/diarioelpopular.com\/index.php\/wp-json\/wp\/v2\/comments?post=499010"}],"version-history":[{"count":1,"href":"https:\/\/diarioelpopular.com\/index.php\/wp-json\/wp\/v2\/posts\/499010\/revisions"}],"predecessor-version":[{"id":499012,"href":"https:\/\/diarioelpopular.com\/index.php\/wp-json\/wp\/v2\/posts\/499010\/revisions\/499012"}],"wp:featuredmedia":[{"embeddable":true,"href":"https:\/\/diarioelpopular.com\/index.php\/wp-json\/wp\/v2\/media\/499011"}],"wp:attachment":[{"href":"https:\/\/diarioelpopular.com\/index.php\/wp-json\/wp\/v2\/media?parent=499010"}],"wp:term":[{"taxonomy":"category","embeddable":true,"href":"https:\/\/diarioelpopular.com\/index.php\/wp-json\/wp\/v2\/categories?post=499010"},{"taxonomy":"post_tag","embeddable":true,"href":"https:\/\/diarioelpopular.com\/index.php\/wp-json\/wp\/v2\/tags?post=499010"}],"curies":[{"name":"wp","href":"https:\/\/api.w.org\/{rel}","templated":true}]}}