{"id":499013,"date":"2021-08-07T14:52:49","date_gmt":"2021-08-07T18:52:49","guid":{"rendered":"https:\/\/diarioelpopular.com\/?p=499013"},"modified":"2021-08-07T14:52:49","modified_gmt":"2021-08-07T18:52:49","slug":"todo-empeora-en-cuba-critica-a-las-regiones","status":"publish","type":"post","link":"https:\/\/diarioelpopular.com\/index.php\/2021\/08\/07\/todo-empeora-en-cuba-critica-a-las-regiones\/","title":{"rendered":"Todo empeora en Cuba, cr\u00edtica a las regiones"},"content":{"rendered":"<div id=\"attachment_499014\" style=\"width: 646px\" class=\"wp-caption alignnone\"><img loading=\"lazy\" decoding=\"async\" aria-describedby=\"caption-attachment-499014\" class=\"size-custom-full-size wp-image-499014\" src=\"https:\/\/diarioelpopular.com\/wp-content\/uploads\/2021\/08\/92bd47c2f655fafc54944b3ee8e27613-636x426.jpg\" alt=\"\" width=\"636\" height=\"426\" srcset=\"https:\/\/diarioelpopular.com\/wp-content\/uploads\/2021\/08\/92bd47c2f655fafc54944b3ee8e27613-636x426.jpg 636w, https:\/\/diarioelpopular.com\/wp-content\/uploads\/2021\/08\/92bd47c2f655fafc54944b3ee8e27613-300x201.jpg 300w, https:\/\/diarioelpopular.com\/wp-content\/uploads\/2021\/08\/92bd47c2f655fafc54944b3ee8e27613-768x514.jpg 768w, https:\/\/diarioelpopular.com\/wp-content\/uploads\/2021\/08\/92bd47c2f655fafc54944b3ee8e27613-80x55.jpg 80w, https:\/\/diarioelpopular.com\/wp-content\/uploads\/2021\/08\/92bd47c2f655fafc54944b3ee8e27613-109x73.jpg 109w, https:\/\/diarioelpopular.com\/wp-content\/uploads\/2021\/08\/92bd47c2f655fafc54944b3ee8e27613.jpg 945w\" sizes=\"auto, (max-width: 636px) 100vw, 636px\" \/><p id=\"caption-attachment-499014\" class=\"wp-caption-text\"><em>Cuba acorralada en el infierno de la pandemia<\/em><\/p><\/div>\n<h4><em><strong>Violaci\u00f3n de normas. Pandemia sigue disparada, 16 cepas activas<\/strong><\/em><\/h4>\n<p><em><strong>LA HABANA, 08 AGO &#8211;<\/strong><\/em> El gobierno reconoci\u00f3 &#8220;tensiones&#8221; con los medicamentos y violaci\u00f3n de protocolos epidemiol\u00f3gicos en provincias y critic\u00f3 por ello a autoridades locales cuando el rebrote actual caus\u00f3 96 nuevas muertes en un d\u00eda, producto de 16 cepas activas.<br \/>\nLa cifra es la segunda peor en cuanto a fallecimientos desde el inicio de la pandemia.<br \/>\nEl reporte divulgado por las autoridades sanitarias revel\u00f3 46.724 enfermos con Covid-19 en todo el pa\u00eds y entre estos 8.893 nuevos casos.<br \/>\nEl prolongado rebrote actual, que llev\u00f3 a las cr\u00edticas del gobierno sobre la campa\u00f1a contra la enfermedad en varias provincias, es causado por 16 variantes del coronavirus.<br \/>\n&#8220;El predominio de la cepa hind\u00fa (Delta, NDR), con una carga viral 1.200 veces superior a las variantes originales, cambia el panorama virol\u00f3gico de La Habana&#8221;, agreg\u00f3 una especialista del ministerio de Salud P\u00fablica que se refiri\u00f3 solamente a la capital.<br \/>\nEstim\u00f3 en declaraciones publicadas por la prensa estatal que la vacunaci\u00f3n en el pa\u00eds &#8220;ha evitado un mayor incremento de infectados, graves y fallecidos&#8221;.<br \/>\nPero consider\u00f3 que la inmunizaci\u00f3n &#8220;todav\u00eda no es suficiente para detener la propagaci\u00f3n, ya que un 72 % de los casos positivos en los \u00faltimos d\u00edas recibieron las tres dosis vacunales previstas&#8221;, expuso.<br \/>\n&#8220;A camisa quitada (con franqueza total, NDR) se analizaron los problemas que persisten en varias provincias, y que las han llevado a la situaci\u00f3n epidemiol\u00f3gica que en estos momentos atraviesan&#8221; seg\u00fan el gobierno.<br \/>\nEntre los territorios en situaciones complicadas mencionados por las autoridades est\u00e1 Ciego de Avila, en el centro del pa\u00eds con 1.087 contagios hoy. Tambi\u00e9n Holgu\u00edn y Guant\u00e1namo, en el este, ambas con menos de 500 nuevos enfermos.<br \/>\nEn el caso de Ciego de Avila hubo esta semana un duro an\u00e1lisis de la situaci\u00f3n de la epidemia publicado por la prensa local provincial que levant\u00f3 preocupaciones nacionales.<br \/>\nUna apreciaci\u00f3n del an\u00e1lisis fue que en la localidad existe &#8220;una guerra avisada que no por eso ha dejado de matar&#8221;.<br \/>\n&#8220;No se oyen los tiros, pero se ven los muertos. Son demasiados&#8221;, subray\u00f3.<br \/>\n&#8220;Hay que escuchar mucho m\u00e1s lo que est\u00e1 diciendo la poblaci\u00f3n en esos lugares porque de otra manera no se van a resolver los problemas&#8221;, expuso el primer ministro Marrero.<br \/>\n&#8220;Tenemos que abochornarnos (sentir vergUenza, NDR) cuando por encima de esa presi\u00f3n que nos pone la pandemia, los efectos se multipliquen por chapucer\u00edas, negligencias, errores, por no hacer las cosas debidamente&#8221;, opin\u00f3.<br \/>\nEl funcionario record\u00f3, sin embargo, en su cr\u00edtica que &#8220;ning\u00fan pa\u00eds ha estado preparado para enfrentar una pandemia de este tipo, ni siquiera los m\u00e1s poderosos&#8221;.<br \/>\nEl examen oficial de la situaci\u00f3n en la isla detect\u00f3 adem\u00e1s que &#8220;los planes no acaban de dise\u00f1arse con medidas m\u00e1s efectivas que permitan lograr un mejor enfrentamiento a la enfermedad&#8221;, seg\u00fan Marrero.<br \/>\n&#8220;Anda por un lado lo que se plantea en esos documentos, dijo, y por otro la realidad en dichas provincias&#8221;.<\/p>\n","protected":false},"excerpt":{"rendered":"<p>Violaci\u00f3n de normas. Pandemia sigue disparada, 16 cepas activas LA HABANA, 08 AGO &#8211; El gobierno reconoci\u00f3 &#8220;tensiones&#8221; con los medicamentos y violaci\u00f3n de protocolos&hellip;<\/p>\n","protected":false},"author":99,"featured_media":499014,"comment_status":"open","ping_status":"open","sticky":false,"template":"","format":"standard","meta":{"footnotes":""},"categories":[23],"tags":[],"class_list":["post-499013","post","type-post","status-publish","format-standard","has-post-thumbnail","hentry","category-latinoamerica"],"_links":{"self":[{"href":"https:\/\/diarioelpopular.com\/index.php\/wp-json\/wp\/v2\/posts\/499013","targetHints":{"allow":["GET"]}}],"collection":[{"href":"https:\/\/diarioelpopular.com\/index.php\/wp-json\/wp\/v2\/posts"}],"about":[{"href":"https:\/\/diarioelpopular.com\/index.php\/wp-json\/wp\/v2\/types\/post"}],"author":[{"embeddable":true,"href":"https:\/\/diarioelpopular.com\/index.php\/wp-json\/wp\/v2\/users\/99"}],"replies":[{"embeddable":true,"href":"https:\/\/diarioelpopular.com\/index.php\/wp-json\/wp\/v2\/comments?post=499013"}],"version-history":[{"count":1,"href":"https:\/\/diarioelpopular.com\/index.php\/wp-json\/wp\/v2\/posts\/499013\/revisions"}],"predecessor-version":[{"id":499015,"href":"https:\/\/diarioelpopular.com\/index.php\/wp-json\/wp\/v2\/posts\/499013\/revisions\/499015"}],"wp:featuredmedia":[{"embeddable":true,"href":"https:\/\/diarioelpopular.com\/index.php\/wp-json\/wp\/v2\/media\/499014"}],"wp:attachment":[{"href":"https:\/\/diarioelpopular.com\/index.php\/wp-json\/wp\/v2\/media?parent=499013"}],"wp:term":[{"taxonomy":"category","embeddable":true,"href":"https:\/\/diarioelpopular.com\/index.php\/wp-json\/wp\/v2\/categories?post=499013"},{"taxonomy":"post_tag","embeddable":true,"href":"https:\/\/diarioelpopular.com\/index.php\/wp-json\/wp\/v2\/tags?post=499013"}],"curies":[{"name":"wp","href":"https:\/\/api.w.org\/{rel}","templated":true}]}}