{"id":499030,"date":"2021-08-09T11:16:25","date_gmt":"2021-08-09T15:16:25","guid":{"rendered":"https:\/\/diarioelpopular.com\/?p=499030"},"modified":"2021-08-09T11:16:25","modified_gmt":"2021-08-09T15:16:25","slug":"peru-en-2021-hay-3425-mujeres-y-ninos-desaparecidos","status":"publish","type":"post","link":"https:\/\/diarioelpopular.com\/index.php\/2021\/08\/09\/peru-en-2021-hay-3425-mujeres-y-ninos-desaparecidos\/","title":{"rendered":"Per\u00fa: En 2021 hay 3425 mujeres y ni\u00f1os desaparecidos"},"content":{"rendered":"<div id=\"attachment_499031\" style=\"width: 646px\" class=\"wp-caption alignnone\"><img loading=\"lazy\" decoding=\"async\" aria-describedby=\"caption-attachment-499031\" class=\"size-custom-full-size wp-image-499031\" src=\"https:\/\/diarioelpopular.com\/wp-content\/uploads\/2021\/08\/4be5e4b82d6faf30cf917860e5649d93-636x423.jpg\" alt=\"\" width=\"636\" height=\"423\" srcset=\"https:\/\/diarioelpopular.com\/wp-content\/uploads\/2021\/08\/4be5e4b82d6faf30cf917860e5649d93-636x423.jpg 636w, https:\/\/diarioelpopular.com\/wp-content\/uploads\/2021\/08\/4be5e4b82d6faf30cf917860e5649d93-300x200.jpg 300w, https:\/\/diarioelpopular.com\/wp-content\/uploads\/2021\/08\/4be5e4b82d6faf30cf917860e5649d93-768x511.jpg 768w, https:\/\/diarioelpopular.com\/wp-content\/uploads\/2021\/08\/4be5e4b82d6faf30cf917860e5649d93-110x73.jpg 110w, https:\/\/diarioelpopular.com\/wp-content\/uploads\/2021\/08\/4be5e4b82d6faf30cf917860e5649d93.jpg 945w\" sizes=\"auto, (max-width: 636px) 100vw, 636px\" \/><p id=\"caption-attachment-499031\" class=\"wp-caption-text\"><em>En 2021 hay 3425 mujeres y ni\u00f1os desaparecidos en Per\u00fa<\/em><\/p><\/div>\n<h4><strong><em>Un aumento del 16% respecto al mismo per\u00edodo de 2020<\/em><\/strong><\/h4>\n<p><em><strong>LIMA, 09 AGO &#8211;<\/strong><\/em> La Defensor\u00eda del Pueblo de Per\u00fa anunci\u00f3 que entre enero y julio de 2021 se report\u00f3 la desaparici\u00f3n de 3.425 ni\u00f1as, adolescentes y mujeres adultas, por un promedio de 16 por d\u00eda, lo que representa un incremento del 16% respecto a lo registrado en el mismo per\u00edodo del a\u00f1o pasado.<br \/>\nEsto significa, seg\u00fan una nota de prensa publicada en el portal del organismo, que &#8220;el problema se est\u00e1 agravando, por lo que se debe asegurar un adecuado tratamiento de las denuncias y una investigaci\u00f3n eficaz para garantizar la integridad de las v\u00edctimas&#8221;.<br \/>\nPor ejemplo de la gravedad del problema para las mujeres, la Defensor\u00eda del Pueblo revel\u00f3 que 417 ni\u00f1os y adolescentes de ambos sexos desaparecieron en julio.<br \/>\nDe ellos, sin embargo, 363 eran ni\u00f1as y adolescentes de sexo femenino, es decir, el 87% del total.<br \/>\nFinalmente, la Defensor\u00eda del Pueblo insisti\u00f3 en que &#8220;la desaparici\u00f3n de mujeres provocada por particulares debe incluirse como una forma de violencia tanto en la ley ya vigente como en el nuevo Plan Nacional contra la violencia de g\u00e9nero que entrar\u00e1 en vigencia en 2022&#8221;.<br \/>\nEsto, concluye la nota de prensa, permitir\u00e1 dar mayor visibilidad a estas dos herramientas y mejorar los servicios de atenci\u00f3n a las v\u00edctimas, as\u00ed como formular e implementar pol\u00edticas p\u00fablicas y mecanismos de acci\u00f3n territorial con un enfoque multidisciplinario.<\/p>\n","protected":false},"excerpt":{"rendered":"<p>Un aumento del 16% respecto al mismo per\u00edodo de 2020 LIMA, 09 AGO &#8211; La Defensor\u00eda del Pueblo de Per\u00fa anunci\u00f3 que entre enero y&hellip;<\/p>\n","protected":false},"author":99,"featured_media":499031,"comment_status":"open","ping_status":"open","sticky":false,"template":"","format":"standard","meta":{"footnotes":""},"categories":[23],"tags":[],"class_list":["post-499030","post","type-post","status-publish","format-standard","has-post-thumbnail","hentry","category-latinoamerica"],"_links":{"self":[{"href":"https:\/\/diarioelpopular.com\/index.php\/wp-json\/wp\/v2\/posts\/499030","targetHints":{"allow":["GET"]}}],"collection":[{"href":"https:\/\/diarioelpopular.com\/index.php\/wp-json\/wp\/v2\/posts"}],"about":[{"href":"https:\/\/diarioelpopular.com\/index.php\/wp-json\/wp\/v2\/types\/post"}],"author":[{"embeddable":true,"href":"https:\/\/diarioelpopular.com\/index.php\/wp-json\/wp\/v2\/users\/99"}],"replies":[{"embeddable":true,"href":"https:\/\/diarioelpopular.com\/index.php\/wp-json\/wp\/v2\/comments?post=499030"}],"version-history":[{"count":1,"href":"https:\/\/diarioelpopular.com\/index.php\/wp-json\/wp\/v2\/posts\/499030\/revisions"}],"predecessor-version":[{"id":499032,"href":"https:\/\/diarioelpopular.com\/index.php\/wp-json\/wp\/v2\/posts\/499030\/revisions\/499032"}],"wp:featuredmedia":[{"embeddable":true,"href":"https:\/\/diarioelpopular.com\/index.php\/wp-json\/wp\/v2\/media\/499031"}],"wp:attachment":[{"href":"https:\/\/diarioelpopular.com\/index.php\/wp-json\/wp\/v2\/media?parent=499030"}],"wp:term":[{"taxonomy":"category","embeddable":true,"href":"https:\/\/diarioelpopular.com\/index.php\/wp-json\/wp\/v2\/categories?post=499030"},{"taxonomy":"post_tag","embeddable":true,"href":"https:\/\/diarioelpopular.com\/index.php\/wp-json\/wp\/v2\/tags?post=499030"}],"curies":[{"name":"wp","href":"https:\/\/api.w.org\/{rel}","templated":true}]}}