{"id":499038,"date":"2021-08-09T20:15:17","date_gmt":"2021-08-10T00:15:17","guid":{"rendered":"https:\/\/diarioelpopular.com\/?p=499038"},"modified":"2021-08-09T20:15:17","modified_gmt":"2021-08-10T00:15:17","slug":"cronicas-ecuador-cumpleanos-especial","status":"publish","type":"post","link":"https:\/\/diarioelpopular.com\/index.php\/2021\/08\/09\/cronicas-ecuador-cumpleanos-especial\/","title":{"rendered":"CRONICAS. Ecuador: Cumplea\u00f1os Especial"},"content":{"rendered":"<p><img loading=\"lazy\" decoding=\"async\" class=\"alignnone size-custom-full-size wp-image-499039\" src=\"https:\/\/diarioelpopular.com\/wp-content\/uploads\/2021\/08\/Independence_Square_Historic_Center_-_Plaza_de_la_Independencia_en_Quito_Ecuador-636x477.jpg\" alt=\"\" width=\"636\" height=\"477\" srcset=\"https:\/\/diarioelpopular.com\/wp-content\/uploads\/2021\/08\/Independence_Square_Historic_Center_-_Plaza_de_la_Independencia_en_Quito_Ecuador-636x477.jpg 636w, https:\/\/diarioelpopular.com\/wp-content\/uploads\/2021\/08\/Independence_Square_Historic_Center_-_Plaza_de_la_Independencia_en_Quito_Ecuador-300x225.jpg 300w, https:\/\/diarioelpopular.com\/wp-content\/uploads\/2021\/08\/Independence_Square_Historic_Center_-_Plaza_de_la_Independencia_en_Quito_Ecuador-768x576.jpg 768w, https:\/\/diarioelpopular.com\/wp-content\/uploads\/2021\/08\/Independence_Square_Historic_Center_-_Plaza_de_la_Independencia_en_Quito_Ecuador-1990x1493.jpg 1990w, https:\/\/diarioelpopular.com\/wp-content\/uploads\/2021\/08\/Independence_Square_Historic_Center_-_Plaza_de_la_Independencia_en_Quito_Ecuador-1200x900.jpg 1200w, https:\/\/diarioelpopular.com\/wp-content\/uploads\/2021\/08\/Independence_Square_Historic_Center_-_Plaza_de_la_Independencia_en_Quito_Ecuador-97x73.jpg 97w, https:\/\/diarioelpopular.com\/wp-content\/uploads\/2021\/08\/Independence_Square_Historic_Center_-_Plaza_de_la_Independencia_en_Quito_Ecuador.jpg 1024w\" sizes=\"auto, (max-width: 636px) 100vw, 636px\" \/><\/p>\n<p><em>\u00a0Luc\u00eda P. de Garc\u00eda<\/em><\/p>\n<p><em><strong>TORONTO.\u00a010 Agosto 2021.-<\/strong> <\/em>Con la complicidad de la noche, los patriotas empezaron a cumplir lo que hab\u00edan planificado desde hace meses. Cuando el d\u00eda lleg\u00f3 se sorprendi\u00f3 al encontrar que la m\u00e1xima autoridad espa\u00f1ola hab\u00eda sido sustituida por la Junta Soberana de Quito, mientras el pueblo festejaba con j\u00fabilo su Independencia al grito de \u00a1Libertad! Era el 10 de Agosto de 1809. Aquel gobierno s\u00f3lo dur\u00f3 75 d\u00edas. Espa\u00f1a recuper\u00f3 el poder y apres\u00f3 a los sublevados. El 2 de Agosto del a\u00f1o siguiente el pueblo quite\u00f1o trat\u00f3 de soltarlos, pero tropas realistas los ajusticiaron y desataron tal carnicer\u00eda que la ciudad contabiliz\u00f3 300 muertos de un total de 30.000 habitantes. Am\u00e9rica entera llor\u00f3 indignada, y en su memoria multiplic\u00f3 su hero\u00edsmo hasta erradicar el yugo conquistador.<\/p>\n<p>El tiempo ha transcurrido. Hoy, Latinoam\u00e9rica enfrenta otros yugos: amenazas a la democracia; desprestigio institucional; justicia injusta; hay crisis econ\u00f3mica, social, cultural; crece la delincuencia, el hambre, el desempleo. Todo agudizado por la pandemia del Covid.<\/p>\n<p>Ecuador no es la excepci\u00f3n. Felizmente la campa\u00f1a de vacunaci\u00f3n nos ha levantado el \u00e1nimo y el desempe\u00f1o de nuestros atletas en los Juegos Ol\u00edmpicos en Jap\u00f3n nos ha renovado el optimismo. Reconocemos el m\u00e9rito de nuestro medallista de oro en ciclismo Richard Carapaz, y sobre todo nos entusiasman nuestras hero\u00ednas en halterofilia, Neisi D\u00e1jomes y Tamara Salazar, quienes alcanzaron medalla de oro y plata respectivamente.<\/p>\n<p><img loading=\"lazy\" decoding=\"async\" class=\"alignnone size-custom-full-size wp-image-499040\" src=\"https:\/\/diarioelpopular.com\/wp-content\/uploads\/2021\/08\/Unknown-636x358.png\" alt=\"\" width=\"636\" height=\"358\" srcset=\"https:\/\/diarioelpopular.com\/wp-content\/uploads\/2021\/08\/Unknown-636x358.png 636w, https:\/\/diarioelpopular.com\/wp-content\/uploads\/2021\/08\/Unknown-300x169.png 300w, https:\/\/diarioelpopular.com\/wp-content\/uploads\/2021\/08\/Unknown-768x432.png 768w, https:\/\/diarioelpopular.com\/wp-content\/uploads\/2021\/08\/Unknown-130x73.png 130w, https:\/\/diarioelpopular.com\/wp-content\/uploads\/2021\/08\/Unknown.png 945w\" sizes=\"auto, (max-width: 636px) 100vw, 636px\" \/><\/p>\n<p>Neisi naci\u00f3 en Shell, ciudad de la Amazon\u00eda ecuatoriana, de padres colombianos refugiados en Ecuador. Tamara naci\u00f3 en Pus\u00edn, pueblito de la Serran\u00eda. Las dos provienen de hogares donde se instal\u00f3 la pobreza. La combatieron con sacrificio, dignidad, honradez, alegr\u00eda y disciplina deportiva, as\u00ed hicieron fuertes a sus cuerpos y m\u00e1s fuertes a\u00fan a sus esp\u00edritus. Las dos han debido luchar en un \u00e1rea deportiva considerada exclusivamente masculina; demostrar orgullo de su ascendencia africana al lucir cintillos coloridos coronados por lazos espectaculares, lo que adem\u00e1s acent\u00faa su belleza y femineidad.<\/p>\n<p>En el pasado, los patriotas nos legaron la Libertad. Hoy, Neisi D\u00e1jomes y Tamara Salazar nos muestran que el triunfo se da con el apoyo familiar y la hermandad de los pueblos. Sin duda, este es un Cumplea\u00f1os especial.<\/p>\n<p><em>Para mi amado Ecuador \u00a1Feliz 10 de Agosto!<\/em><\/p>\n<p><img loading=\"lazy\" decoding=\"async\" class=\"size-custom-full-size wp-image-499041\" src=\"https:\/\/diarioelpopular.com\/wp-content\/uploads\/2021\/08\/fotonoticia_20160810084215_420-636x477.jpg\" alt=\"\" width=\"636\" height=\"477\" srcset=\"https:\/\/diarioelpopular.com\/wp-content\/uploads\/2021\/08\/fotonoticia_20160810084215_420-636x477.jpg 636w, https:\/\/diarioelpopular.com\/wp-content\/uploads\/2021\/08\/fotonoticia_20160810084215_420-300x225.jpg 300w, https:\/\/diarioelpopular.com\/wp-content\/uploads\/2021\/08\/fotonoticia_20160810084215_420-768x576.jpg 768w, https:\/\/diarioelpopular.com\/wp-content\/uploads\/2021\/08\/fotonoticia_20160810084215_420-97x73.jpg 97w, https:\/\/diarioelpopular.com\/wp-content\/uploads\/2021\/08\/fotonoticia_20160810084215_420.jpg 945w\" sizes=\"auto, (max-width: 636px) 100vw, 636px\" \/><\/p>\n<p>&nbsp;<\/p>\n","protected":false},"excerpt":{"rendered":"<p>\u00a0Luc\u00eda P. de Garc\u00eda TORONTO.\u00a010 Agosto 2021.- Con la complicidad de la noche, los patriotas empezaron a cumplir lo que hab\u00edan planificado desde hace meses.&hellip;<\/p>\n","protected":false},"author":99,"featured_media":499039,"comment_status":"open","ping_status":"open","sticky":false,"template":"","format":"standard","meta":{"footnotes":""},"categories":[23],"tags":[],"class_list":["post-499038","post","type-post","status-publish","format-standard","has-post-thumbnail","hentry","category-latinoamerica"],"_links":{"self":[{"href":"https:\/\/diarioelpopular.com\/index.php\/wp-json\/wp\/v2\/posts\/499038","targetHints":{"allow":["GET"]}}],"collection":[{"href":"https:\/\/diarioelpopular.com\/index.php\/wp-json\/wp\/v2\/posts"}],"about":[{"href":"https:\/\/diarioelpopular.com\/index.php\/wp-json\/wp\/v2\/types\/post"}],"author":[{"embeddable":true,"href":"https:\/\/diarioelpopular.com\/index.php\/wp-json\/wp\/v2\/users\/99"}],"replies":[{"embeddable":true,"href":"https:\/\/diarioelpopular.com\/index.php\/wp-json\/wp\/v2\/comments?post=499038"}],"version-history":[{"count":1,"href":"https:\/\/diarioelpopular.com\/index.php\/wp-json\/wp\/v2\/posts\/499038\/revisions"}],"predecessor-version":[{"id":499042,"href":"https:\/\/diarioelpopular.com\/index.php\/wp-json\/wp\/v2\/posts\/499038\/revisions\/499042"}],"wp:featuredmedia":[{"embeddable":true,"href":"https:\/\/diarioelpopular.com\/index.php\/wp-json\/wp\/v2\/media\/499039"}],"wp:attachment":[{"href":"https:\/\/diarioelpopular.com\/index.php\/wp-json\/wp\/v2\/media?parent=499038"}],"wp:term":[{"taxonomy":"category","embeddable":true,"href":"https:\/\/diarioelpopular.com\/index.php\/wp-json\/wp\/v2\/categories?post=499038"},{"taxonomy":"post_tag","embeddable":true,"href":"https:\/\/diarioelpopular.com\/index.php\/wp-json\/wp\/v2\/tags?post=499038"}],"curies":[{"name":"wp","href":"https:\/\/api.w.org\/{rel}","templated":true}]}}