{"id":499067,"date":"2021-08-11T11:15:47","date_gmt":"2021-08-11T15:15:47","guid":{"rendered":"https:\/\/diarioelpopular.com\/?p=499067"},"modified":"2021-08-11T11:15:47","modified_gmt":"2021-08-11T15:15:47","slug":"ecuador-sindicatos-e-indigenas-protestan-contra-el-gobierno","status":"publish","type":"post","link":"https:\/\/diarioelpopular.com\/index.php\/2021\/08\/11\/ecuador-sindicatos-e-indigenas-protestan-contra-el-gobierno\/","title":{"rendered":"Ecuador: Sindicatos e ind\u00edgenas protestan contra el gobierno"},"content":{"rendered":"<div id=\"attachment_499068\" style=\"width: 646px\" class=\"wp-caption alignnone\"><img loading=\"lazy\" decoding=\"async\" aria-describedby=\"caption-attachment-499068\" class=\"size-custom-full-size wp-image-499068\" src=\"https:\/\/diarioelpopular.com\/wp-content\/uploads\/2021\/08\/6610b7f9e4819a7f8226069c996faeb9-636x423.jpg\" alt=\"\" width=\"636\" height=\"423\" srcset=\"https:\/\/diarioelpopular.com\/wp-content\/uploads\/2021\/08\/6610b7f9e4819a7f8226069c996faeb9-636x423.jpg 636w, https:\/\/diarioelpopular.com\/wp-content\/uploads\/2021\/08\/6610b7f9e4819a7f8226069c996faeb9-300x200.jpg 300w, https:\/\/diarioelpopular.com\/wp-content\/uploads\/2021\/08\/6610b7f9e4819a7f8226069c996faeb9-768x511.jpg 768w, https:\/\/diarioelpopular.com\/wp-content\/uploads\/2021\/08\/6610b7f9e4819a7f8226069c996faeb9-110x73.jpg 110w, https:\/\/diarioelpopular.com\/wp-content\/uploads\/2021\/08\/6610b7f9e4819a7f8226069c996faeb9.jpg 945w\" sizes=\"auto, (max-width: 636px) 100vw, 636px\" \/><p id=\"caption-attachment-499068\" class=\"wp-caption-text\"><em>Una marcha de la Confederaci\u00f3n Nacional de Nacionalidades Ind\u00edgenas de Ecuador.\u00a0<\/em><em>(foto: ANSA)<\/em><\/p><\/div>\n<h4><em><strong>Piden freno al precio del combustible y dicen no al FMI<\/strong><\/em><\/h4>\n<p><em><strong>QUITO, 11 AGO &#8211;<\/strong> <\/em>El Frente Unificado Obrero Ecuatoriano (FUT), que agrupa a docentes y empleados del sector educativo, la Confederaci\u00f3n Nacional de Nacionalidades Ind\u00edgenas del Ecuador (CONAIE), y el movimiento pol\u00edtico Pachakutik, convocaron hoy un paro nacional contra la pol\u00edtica econ\u00f3mica del presidente Guillermo Lasso.<br \/>\nLo informaron hoy medios locales.<br \/>\nLa protesta, que se extiende a militantes de otros sectores de la sociedad, tiene como objetivo en primer lugar frenar la aplicaci\u00f3n de medidas gubernamentales que liberalizan el precio del combustible, que hasta ahora se benefici\u00f3 de importantes subsidios.<br \/>\nAl confirmar la participaci\u00f3n de su movimiento en la movilizaci\u00f3n, el presidente de la CONAIE, Le\u00f3nidas Iza, subray\u00f3 que &#8220;aparentemente, el presidente Lasso no aprendi\u00f3 nada de las protestas de 2019 contra su antecesor, Lenin Moreno, y decidi\u00f3 apoyar y defender la misma pol\u00edtica&#8221; neoliberal.<br \/>\nPor su parte, el coordinador nacional de Pachakutik, Marlon Santi, dijo que &#8220;no permaneceremos inactivos frente al llamado a la movilizaci\u00f3n y acompa\u00f1aremos a los sindicatos, para pedir soluciones a la crisis econ\u00f3mica, que afecta a los peque\u00f1os agricultores y a los pobres&#8221;.<br \/>\nLos principales motivos de la huelga son, adem\u00e1s del pedido de congelamiento del precio del combustible, la revocaci\u00f3n de los acuerdos con el Fondo Monetario Internacional (FMI), la negativa a la privatizaci\u00f3n de las farmacias p\u00fablicas, mayor presupuesto para la educaci\u00f3n, una m\u00e1s decidida lucha contra la corrupci\u00f3n y la impunidad y el freno a los despidos masivos de trabajadores.<\/p>\n","protected":false},"excerpt":{"rendered":"<p>Piden freno al precio del combustible y dicen no al FMI QUITO, 11 AGO &#8211; El Frente Unificado Obrero Ecuatoriano (FUT), que agrupa a docentes&hellip;<\/p>\n","protected":false},"author":99,"featured_media":499068,"comment_status":"open","ping_status":"open","sticky":false,"template":"","format":"standard","meta":{"footnotes":""},"categories":[23],"tags":[],"class_list":["post-499067","post","type-post","status-publish","format-standard","has-post-thumbnail","hentry","category-latinoamerica"],"_links":{"self":[{"href":"https:\/\/diarioelpopular.com\/index.php\/wp-json\/wp\/v2\/posts\/499067","targetHints":{"allow":["GET"]}}],"collection":[{"href":"https:\/\/diarioelpopular.com\/index.php\/wp-json\/wp\/v2\/posts"}],"about":[{"href":"https:\/\/diarioelpopular.com\/index.php\/wp-json\/wp\/v2\/types\/post"}],"author":[{"embeddable":true,"href":"https:\/\/diarioelpopular.com\/index.php\/wp-json\/wp\/v2\/users\/99"}],"replies":[{"embeddable":true,"href":"https:\/\/diarioelpopular.com\/index.php\/wp-json\/wp\/v2\/comments?post=499067"}],"version-history":[{"count":1,"href":"https:\/\/diarioelpopular.com\/index.php\/wp-json\/wp\/v2\/posts\/499067\/revisions"}],"predecessor-version":[{"id":499069,"href":"https:\/\/diarioelpopular.com\/index.php\/wp-json\/wp\/v2\/posts\/499067\/revisions\/499069"}],"wp:featuredmedia":[{"embeddable":true,"href":"https:\/\/diarioelpopular.com\/index.php\/wp-json\/wp\/v2\/media\/499068"}],"wp:attachment":[{"href":"https:\/\/diarioelpopular.com\/index.php\/wp-json\/wp\/v2\/media?parent=499067"}],"wp:term":[{"taxonomy":"category","embeddable":true,"href":"https:\/\/diarioelpopular.com\/index.php\/wp-json\/wp\/v2\/categories?post=499067"},{"taxonomy":"post_tag","embeddable":true,"href":"https:\/\/diarioelpopular.com\/index.php\/wp-json\/wp\/v2\/tags?post=499067"}],"curies":[{"name":"wp","href":"https:\/\/api.w.org\/{rel}","templated":true}]}}