{"id":499103,"date":"2021-08-13T12:26:08","date_gmt":"2021-08-13T16:26:08","guid":{"rendered":"https:\/\/diarioelpopular.com\/?p=499103"},"modified":"2021-08-17T12:13:35","modified_gmt":"2021-08-17T16:13:35","slug":"mas-de-medio-millon-de-contagios-en-cuba","status":"publish","type":"post","link":"https:\/\/diarioelpopular.com\/index.php\/2021\/08\/13\/mas-de-medio-millon-de-contagios-en-cuba\/","title":{"rendered":"M\u00e1s de medio mill\u00f3n de contagios en Cuba"},"content":{"rendered":"<div id=\"attachment_499105\" style=\"width: 646px\" class=\"wp-caption alignnone\"><img loading=\"lazy\" decoding=\"async\" aria-describedby=\"caption-attachment-499105\" class=\"size-custom-full-size wp-image-499105\" src=\"https:\/\/diarioelpopular.com\/wp-content\/uploads\/2021\/08\/92bd47c2f655fafc54944b3ee8e27613-1-636x426.jpg\" alt=\"\" width=\"636\" height=\"426\" srcset=\"https:\/\/diarioelpopular.com\/wp-content\/uploads\/2021\/08\/92bd47c2f655fafc54944b3ee8e27613-1-636x426.jpg 636w, https:\/\/diarioelpopular.com\/wp-content\/uploads\/2021\/08\/92bd47c2f655fafc54944b3ee8e27613-1-300x201.jpg 300w, https:\/\/diarioelpopular.com\/wp-content\/uploads\/2021\/08\/92bd47c2f655fafc54944b3ee8e27613-1-768x514.jpg 768w, https:\/\/diarioelpopular.com\/wp-content\/uploads\/2021\/08\/92bd47c2f655fafc54944b3ee8e27613-1-80x55.jpg 80w, https:\/\/diarioelpopular.com\/wp-content\/uploads\/2021\/08\/92bd47c2f655fafc54944b3ee8e27613-1-109x73.jpg 109w, https:\/\/diarioelpopular.com\/wp-content\/uploads\/2021\/08\/92bd47c2f655fafc54944b3ee8e27613-1.jpg 945w\" sizes=\"auto, (max-width: 636px) 100vw, 636px\" \/><p id=\"caption-attachment-499105\" class=\"wp-caption-text\"><em>Medio mill\u00f3n de casos de coronavirus en Cuba<\/em><\/p><\/div>\n<h4><em><strong>Enfermaron 500.215 personas durante la pandemia<\/strong><\/em><\/h4>\n<p><em><strong>LA HABANA, 13 AGO &#8211;<\/strong> <\/em>Cuba report\u00f3 hoy 85 muertes y 44.031 casos activos de la Covid-19, que llevaron las cifras totales de la pandemia a 500.215 infectados y 3.842 fallecidos. El gobierno declar\u00f3 que la expansi\u00f3n del coronavirus, ahora impulsada por nuevas cepas, super\u00f3 la capacidad sanitaria nacional.<br \/>\nAunque las cifras de hoy no batieron r\u00e9cords diarios, las estad\u00edsticas siguen muy altas, con m\u00e1s de medio mill\u00f3n de contagios desde el estallido de la pandemia.<br \/>\nLa prensa oficial, por su parte, volvi\u00f3 hoy sobre la venta ilegal de medicamentos, un problema denunciado habitualmente por las autoridades, al divulgar una operaci\u00f3n policial en la provincia central de Ciego de Avila. En esa peque\u00f1a localidad, que hace dos semanas se coloc\u00f3 a la cabeza del n\u00famero de casos diarios en el pa\u00eds, se est\u00e1n &#8220;procesando denuncias por robo y venta ilegal de medicamentos&#8221;. La prensa nacional revel\u00f3 que son 11 los casos investigados, que involucran a &#8220;personal de Enfermer\u00eda y de servicios&#8221;. &#8220;Los ciudadanos que cometieron tal delito se mantienen en prisi\u00f3n provisional, a la vez que se profundiza en las investigaciones para determinar a otros responsables&#8221;, seg\u00fan lo divulgado. Los delitos fueron calificados como &#8220;deplorables, en el contexto extraordinario de azote de una pandemia y de carencia de medicamentos&#8221;. Tambi\u00e9n se public\u00f3 una lista de medicamentos involucrados, incluyendo un poderoso antibi\u00f3tico llamado rocephin. Recientemente, la prensa de Ciego de \u00c1vila public\u00f3 un duro art\u00edculo que critic\u00f3 la organizaci\u00f3n de la lucha contra la epidemia en esa localidad y la escasez de medicinas y de espacios en los hospitales entre otros. Se anunci\u00f3 adem\u00e1s que espec\u00edficamente en Ciego de \u00c1vila se cre\u00f3 un nuevo sistema de ventas de medicamentos que se hace ahora mediante mensajeros de 97 farmacias. Mientras tanto, la propagaci\u00f3n del virus es severa a\u00fan toda la naci\u00f3n, con La Habana a la cabeza, con 1.321 enfermos sobre los 8.312 nuevos casos divulgados el viernes, y Cienfuegos, con 1.142. Cienfuegos, como Ciego de \u00c1vila, una provincia peque\u00f1a en el centro del pa\u00eds, son motivo de preocupaci\u00f3n oficial con respecto a la epidemia. En los \u00faltimos 15 d\u00edas la costera Cienfuegos encabeza la incidencia por cada 100.000 habitantes del coronavirus en el pa\u00eds. Hasta ahora, la incidencia del virus en agosto es la m\u00e1s alta desde que comenz\u00f3 la pandemia en Cuba. Seg\u00fan los datos del ministerio de Salud P\u00fablica, son 997 las muertes ocurridas este mes en sus primeros 12 d\u00edas, con 105.873 enfermos.<\/p>\n","protected":false},"excerpt":{"rendered":"<p>Enfermaron 500.215 personas durante la pandemia LA HABANA, 13 AGO &#8211; Cuba report\u00f3 hoy 85 muertes y 44.031 casos activos de la Covid-19, que llevaron&hellip;<\/p>\n","protected":false},"author":99,"featured_media":499105,"comment_status":"open","ping_status":"open","sticky":false,"template":"","format":"standard","meta":{"footnotes":""},"categories":[23],"tags":[],"class_list":["post-499103","post","type-post","status-publish","format-standard","has-post-thumbnail","hentry","category-latinoamerica"],"_links":{"self":[{"href":"https:\/\/diarioelpopular.com\/index.php\/wp-json\/wp\/v2\/posts\/499103","targetHints":{"allow":["GET"]}}],"collection":[{"href":"https:\/\/diarioelpopular.com\/index.php\/wp-json\/wp\/v2\/posts"}],"about":[{"href":"https:\/\/diarioelpopular.com\/index.php\/wp-json\/wp\/v2\/types\/post"}],"author":[{"embeddable":true,"href":"https:\/\/diarioelpopular.com\/index.php\/wp-json\/wp\/v2\/users\/99"}],"replies":[{"embeddable":true,"href":"https:\/\/diarioelpopular.com\/index.php\/wp-json\/wp\/v2\/comments?post=499103"}],"version-history":[{"count":1,"href":"https:\/\/diarioelpopular.com\/index.php\/wp-json\/wp\/v2\/posts\/499103\/revisions"}],"predecessor-version":[{"id":499106,"href":"https:\/\/diarioelpopular.com\/index.php\/wp-json\/wp\/v2\/posts\/499103\/revisions\/499106"}],"wp:featuredmedia":[{"embeddable":true,"href":"https:\/\/diarioelpopular.com\/index.php\/wp-json\/wp\/v2\/media\/499105"}],"wp:attachment":[{"href":"https:\/\/diarioelpopular.com\/index.php\/wp-json\/wp\/v2\/media?parent=499103"}],"wp:term":[{"taxonomy":"category","embeddable":true,"href":"https:\/\/diarioelpopular.com\/index.php\/wp-json\/wp\/v2\/categories?post=499103"},{"taxonomy":"post_tag","embeddable":true,"href":"https:\/\/diarioelpopular.com\/index.php\/wp-json\/wp\/v2\/tags?post=499103"}],"curies":[{"name":"wp","href":"https:\/\/api.w.org\/{rel}","templated":true}]}}